{"id":32352,"date":"2023-03-23T07:51:37","date_gmt":"2023-03-23T07:51:37","guid":{"rendered":"https:\/\/www.automakersnews.cz\/?p=32352"},"modified":"2023-03-23T07:51:37","modified_gmt":"2023-03-23T07:51:37","slug":"tatra-truck-meni-generalniho-reditele","status":"publish","type":"post","link":"https:\/\/www.automakersnews.cz\/index.php\/2023\/03\/23\/tatra-truck-meni-generalniho-reditele\/","title":{"rendered":"Tatra Truck m\u011bn\u00ed gener\u00e1ln\u00edho \u0159editele"},"content":{"rendered":"<p class=\"xmprfx_MsoNormal\"><b>Do Tatry p\u0159ijde v dubnu nov\u00fd gener\u00e1ln\u00ed \u0159editel , kter\u00fd m\u00e1 za \u00fakol zv\u00fd\u0161it v\u00fdrobn\u00ed kapacity Tatry a optimalizovat pr\u016fchod zak\u00e1zek firmou, aby dok\u00e1zala uspokojit rostouc\u00ed popt\u00e1vku z\u00e1kazn\u00edk\u016f. <\/b><!--more--><\/p>\n<p>Pro tento \u00fakol akcion\u00e1\u0159i, holdingy CZECHOSLOVAK GROUP (CSG) a PROMET GROUP, zvolili Luk\u00e1\u0161e Andr\u00fdska, kter\u00fd m\u00e1 za sebou t\u00e9m\u011b\u0159 sedmilet\u00e9 p\u016fsoben\u00ed ve spole\u010dnosti DAKO-CZ a.s., kde zast\u00e1val pozice finan\u010dn\u00edho a pozd\u011bji gener\u00e1ln\u00edho \u0159editele. DAKO-CZ, v\u00fdrobce brzdov\u00fdch syst\u00e9m\u016f pro \u017eelezni\u010dn\u00ed vozidla s\u00eddl\u00edc\u00ed v\u00a0T\u0159emo\u0161nici, pod jeho veden\u00edm prudce expandoval. Tr\u017eby vzrostly b\u011bhem jeho p\u016fsoben\u00ed z\u00a0950 milion\u016f K\u010d v\u00a0roce 2016 na 2,48 miliardy K\u010d v\u00a0roce 2022, EBITDA ve stejn\u00e9m obdob\u00ed stoupla ze 116 na 550 milion\u016f K\u010d. V\u00fdroba brzdov\u00fdch syst\u00e9m\u016f se roz\u0161\u00ed\u0159ila do Ostravy a formou dvou JV i do Indie.<\/p>\n<p><strong>Lazar jde do dozor\u010d\u00ed rady<\/strong><\/p>\n<p class=\"xmprfx_MsoNormal\">Dosavadn\u00ed gener\u00e1ln\u00ed \u0159editel Pavel Lazar v Tat\u0159e pokra\u010duje, bude \u0159\u00eddit p\u0159ipravovanou spole\u010dnost TATRA CLASSIC zast\u0159e\u0161uj\u00edc\u00ed aktivity v oblasti muzejnictv\u00ed a stane se p\u0159edsedou dozor\u010d\u00ed rady spole\u010dnosti TATRA TRUCKS.<\/p>\n<p class=\"xmprfx_MsoNormal\">Ke zm\u011bn\u011b na pozici gener\u00e1ln\u00edho \u0159editele doch\u00e1z\u00ed v\u00a0souvislosti s\u00a0v\u00fdvojem TATRA TRUCKS. Pavel Lazar \u0159\u00eddil Tatru v\u00edce ne\u017e t\u0159i roky, ve kter\u00fdch se spole\u010dnost stabilizovala, organicky rostla, a p\u0159ipravil dlouhodobou strategii jej\u00edho rozvoje se zam\u011b\u0159en\u00edm na postupnou expanzi v\u00fdroby, modernizaci produktov\u00fdch \u0159ad a zaveden\u00ed nov\u00fdch zelen\u00fdch technologi\u00ed pohonu a autonomn\u00edho \u0159\u00edzen\u00ed. Nyn\u00ed je t\u0159eba se soust\u0159edit na navy\u0161ov\u00e1n\u00ed v\u00fdrobn\u00edch kapacit, r\u016fst, lep\u0161\u00ed fungov\u00e1n\u00ed dodavatelsk\u00e9ho \u0159et\u011bzce a optim\u00e1ln\u00ed pr\u016fchod zak\u00e1zky firmou.<\/p>\n<p class=\"xmprfx_MsoNormal\">David Chour, m\u00edstop\u0159edseda p\u0159edstavenstva CSG, uv\u00e1d\u00ed: \u201eD\u011bkujeme Pavlu Lazarovi za to, jak Tatru b\u011bhem sv\u00e9ho p\u016fsoben\u00ed posunul. Jeho komunika\u010dn\u00ed schopnosti a expertn\u00ed znalost Tatry chceme nad\u00e1le vyu\u017e\u00edvat, a proto jsme se domluvili, \u017ee zast\u0159e\u0161\u00ed z\u00a0pozice \u0159editele nov\u011b zakl\u00e1dan\u00e9 spole\u010dnosti TATRA CLASSIC rozs\u00e1hl\u00e9 aktivity Tatry v\u00a0muzejnictv\u00ed a s\u00a0t\u00edm souvisej\u00edc\u00ed vztahy s\u00a0m\u011bstem Kop\u0159ivnice i Moravskoslezsk\u00fdm krajem.<\/p>\n<p class=\"xmprfx_MsoNormal\">Z\u00e1rove\u0148 se stane p\u0159edsedou dozor\u010d\u00ed rady TATRA TRUCKS. Ve shod\u011b s\u00a0dal\u0161\u00edm akcion\u00e1\u0159em Tatry, PROMET GROUP, nyn\u00ed vys\u00edl\u00e1me do Tatry jednoho z\u00a0nejzku\u0161en\u011bj\u0161\u00edch mana\u017eer\u016f na\u0161\u00ed skupiny, kter\u00fd osv\u011bd\u010dil sv\u00e9 schopnosti p\u0159i rozvoji spole\u010dnosti DAKO-CZ a na\u0161\u00ed divize RAIL specializovan\u00e9 na podnik\u00e1n\u00ed v\u00a0\u017eelezni\u010dn\u00edm pr\u016fmyslu.\u201c<\/p>\n<p class=\"xmprfx_MsoNormal\">Denisa Materov\u00e1, \u010dlenka p\u0159edstavenstva PROMET GROUP, uv\u00e1d\u00ed: \u201ePavel Lazar p\u0159i\u0161el do Tatry po \u00fasp\u011b\u0161n\u00e9m veden\u00ed na\u0161\u00ed spole\u010dnosti TAWESCO, lisovny a n\u00e1stroj\u00e1rny, kter\u00e1 v\u00a0minulosti byla sou\u010d\u00e1st\u00ed automobilky Tatra. D\u00edky tomu m\u011bl skv\u011bl\u00fd vhled do fungov\u00e1n\u00ed Tatry a byl ide\u00e1ln\u00edm mana\u017eerem pro stabilizaci spole\u010dnosti a stanoven\u00ed strategie, podle kter\u00e9 se Tatra bude rozv\u00edjet v\u00a0n\u00e1sleduj\u00edc\u00edch letech. Nyn\u00ed do \u010dela Tatry p\u0159ich\u00e1z\u00ed dal\u0161\u00ed v\u00fdborn\u00fd mana\u017eer s\u00a0velk\u00fdmi zku\u0161enostmi se stroj\u00edrenskou v\u00fdrobou a jej\u00ed expanz\u00ed. Jsme p\u0159esv\u011bd\u010deni, \u017ee Luk\u00e1\u0161 Andr\u00fdsek bude ten spr\u00e1vn\u00fd mana\u017eer, kter\u00fd strategii Tatry realizuje, zmodernizuje v\u00fdrobu, zv\u00fd\u0161\u00ed produktivitu a posune d\u00e1le v\u00fdrobn\u00ed schopnosti automobilky.\u201c<\/p>\n<p class=\"xmprfx_MsoNormal\">Luk\u00e1\u0161 Andr\u00fdsek, nov\u00fd gener\u00e1ln\u00ed \u0159editel TATRA TRUCKS, uv\u00e1d\u00ed: \u201e\u0158\u00edzen\u00ed jedn\u00e9 z\u00a0nejslavn\u011bj\u0161\u00edch \u010desk\u00fdch pr\u016fmyslov\u00fdch zna\u010dek je pro m\u011b vrcholem m\u00e9 dosavadn\u00ed pr\u00e1ce pro \u010desk\u00fd pr\u016fmysl. Akcion\u00e1\u0159i o\u010dek\u00e1vaj\u00ed, \u017ee Tatra vyu\u017eije s\u00edl\u00edc\u00ed celosv\u011btovou popt\u00e1vku a p\u0159izp\u016fsob\u00ed j\u00ed sv\u00e9 v\u00fdrobn\u00ed kapacity. To je vzhledem k\u00a0situaci, \u017ee Tatra vyr\u00e1b\u00ed v\u011bt\u0161inou unik\u00e1tn\u00ed vozidla v\u00a0men\u0161\u00edch s\u00e9ri\u00edch, velmi n\u00e1ro\u010dn\u00fd \u00fakol. Ve spolupr\u00e1ci s kolegy v\u00a0Tat\u0159e, na\u0161imi dodavateli a dal\u0161\u00edmi partnery je ale zvl\u00e1dnuteln\u00fd. Ud\u011bl\u00e1me v\u0161e proto, aby Tatra pokra\u010dovala v\u00a0r\u016fstu a p\u0159i\u0161la s\u00a0inovovan\u00fdmi produkty pro dne\u0161n\u00ed sv\u011bt, kter\u00fd st\u00e1le v\u00edce po\u017eaduje ekologickou mobilitu.\u201c<\/p>\n<p><img loading=\"lazy\" decoding=\"async\" class=\"alignnone size-full wp-image-82\" src=\"http:\/\/www.automakersnews.cz\/wp-content\/uploads\/2022\/01\/TATRA-PHOENIX-Euro.jpg\" alt=\"\" width=\"612\" height=\"408\" srcset=\"https:\/\/www.automakersnews.cz\/wp-content\/uploads\/2022\/01\/TATRA-PHOENIX-Euro.jpg 612w, https:\/\/www.automakersnews.cz\/wp-content\/uploads\/2022\/01\/TATRA-PHOENIX-Euro-300x200.jpg 300w\" sizes=\"auto, (max-width: 612px) 100vw, 612px\" \/><\/p>\n<p class=\"xmprfx_MsoNormal\">Automobilka Tatra letos slav\u00ed des\u00e1t\u00e9 v\u00fdro\u010d\u00ed od chv\u00edle, kdy ji p\u0159evzali \u010de\u0161t\u00ed vlastn\u00edci, a p\u0159ipravuje premi\u00e9ru vozidla poh\u00e1n\u011bn\u00e9ho vod\u00edkem.<\/p>\n<p class=\"xmprfx_MsoNormal\">\n","protected":false},"excerpt":{"rendered":"<div class=\"mh-excerpt\"><p>Do Tatry p\u0159ijde v dubnu nov\u00fd gener\u00e1ln\u00ed \u0159editel , kter\u00fd m\u00e1 za \u00fakol zv\u00fd\u0161it v\u00fdrobn\u00ed kapacity Tatry a optimalizovat pr\u016fchod zak\u00e1zek firmou, aby dok\u00e1zala uspokojit <a class=\"mh-excerpt-more\" href=\"https:\/\/www.automakersnews.cz\/index.php\/2023\/03\/23\/tatra-truck-meni-generalniho-reditele\/\" title=\"Tatra Truck m\u011bn\u00ed gener\u00e1ln\u00edho \u0159editele\">[&#8230;]<\/a><\/p>\n<\/div>","protected":false},"author":1,"featured_media":32353,"comment_status":"open","ping_status":"open","sticky":false,"template":"","format":"standard","meta":{"footnotes":""},"categories":[3],"tags":[],"class_list":["post-32352","post","type-post","status-publish","format-standard","has-post-thumbnail","hentry","category-personalie"],"_links":{"self":[{"href":"https:\/\/www.automakersnews.cz\/index.php\/wp-json\/wp\/v2\/posts\/32352","targetHints":{"allow":["GET"]}}],"collection":[{"href":"https:\/\/www.automakersnews.cz\/index.php\/wp-json\/wp\/v2\/posts"}],"about":[{"href":"https:\/\/www.automakersnews.cz\/index.php\/wp-json\/wp\/v2\/types\/post"}],"author":[{"embeddable":true,"href":"https:\/\/www.automakersnews.cz\/index.php\/wp-json\/wp\/v2\/users\/1"}],"replies":[{"embeddable":true,"href":"https:\/\/www.automakersnews.cz\/index.php\/wp-json\/wp\/v2\/comments?post=32352"}],"version-history":[{"count":0,"href":"https:\/\/www.automakersnews.cz\/index.php\/wp-json\/wp\/v2\/posts\/32352\/revisions"}],"wp:featuredmedia":[{"embeddable":true,"href":"https:\/\/www.automakersnews.cz\/index.php\/wp-json\/wp\/v2\/media\/32353"}],"wp:attachment":[{"href":"https:\/\/www.automakersnews.cz\/index.php\/wp-json\/wp\/v2\/media?parent=32352"}],"wp:term":[{"taxonomy":"category","embeddable":true,"href":"https:\/\/www.automakersnews.cz\/index.php\/wp-json\/wp\/v2\/categories?post=32352"},{"taxonomy":"post_tag","embeddable":true,"href":"https:\/\/www.automakersnews.cz\/index.php\/wp-json\/wp\/v2\/tags?post=32352"}],"curies":[{"name":"wp","href":"https:\/\/api.w.org\/{rel}","templated":true}]}}