{"id":32384,"date":"2023-03-23T09:15:45","date_gmt":"2023-03-23T09:15:45","guid":{"rendered":"https:\/\/www.automakersnews.cz\/?p=32384"},"modified":"2023-03-26T17:54:45","modified_gmt":"2023-03-26T17:54:45","slug":"seat-loni-vydelal-105-miliardy-eur","status":"publish","type":"post","link":"https:\/\/www.automakersnews.cz\/index.php\/2023\/03\/23\/seat-loni-vydelal-105-miliardy-eur\/","title":{"rendered":"SEAT loni utr\u017eil 10,5 miliardy EUR"},"content":{"rendered":"<p class=\"xmprfx_Prrafobsico\"><strong>\u0160\u00e9f\u00a0 automobilky SEAT Wayne Griffiths p\u0159edstavil na v\u00fdro\u010dn\u00ed tiskovce v Barcelon\u011b\u00a0 hospod\u00e1\u0159sk\u00e9 v\u00fdsledky automobilky za rok 2022 a ozn\u00e1mil dal\u0161\u00ed kroky v realizaci sv\u00e9 strategie.<\/strong><!--more--><\/p>\n<p class=\"xmprfx_Prrafobsico\">P\u0159\u00edjmy z prodeje spole\u010dnosti vzrostly o 14 % z 9,256 miliard EUR na 10,513 miliard EUR. Jedn\u00e1 se o druh\u00e9 nejvy\u0161\u0161\u00ed p\u0159\u00edjmy z prodeje v 73let\u00e9 historii spole\u010dnosti, kter\u00e9 p\u0159ekon\u00e1v\u00e1 pouze rekordn\u00edch 11,157 miliardy EUR z roku 2019.<\/p>\n<p class=\"xmprfx_Prrafobsico\">Provozn\u00ed zisk vzrostl o 550 milion\u016f EUR na 179 milion\u016f EUR (2021: -371 milion\u016f EUR) p\u0159ed za\u00fa\u010dtov\u00e1n\u00edm jednor\u00e1zov\u00fdch n\u00e1klad\u016f na restrukturalizaci ve v\u00fd\u0161i 293 milion\u016f EUR. Ziskovost se d\u00edky tomu zv\u00fd\u0161ila o 5,7 procentn\u00edho bodu z minus 4 % na plus 1,7 %.<\/p>\n<iframe loading=\"lazy\"  style=\"display: block; margin: 0px auto;\"  id=\"_ytid_86760\"  width=\"800\" height=\"450\"  data-origwidth=\"800\" data-origheight=\"450\" src=\"https:\/\/www.youtube.com\/embed\/c2DnR5rptsY?enablejsapi=1&autoplay=1&cc_load_policy=0&iv_load_policy=1&loop=1&playlist=c2DnR5rptsY&modestbranding=0&fs=1&playsinline=0&controls=1&color=red&cc_lang_pref=&rel=1&autohide=2&theme=dark&\" class=\"__youtube_prefs__  no-lazyload\" title=\"YouTube player\"  allow=\"accelerometer; autoplay; clipboard-write; encrypted-media; gyroscope; picture-in-picture\" allowfullscreen data-no-lazy=\"1\" data-skipgform_ajax_framebjll=\"\"><\/iframe>\n<p class=\"xmprfx_Prrafobsico\">Zisk po zdan\u011bn\u00ed vzrostl o 324 milion\u016f EUR na 68 milion\u016f EUR (2021: -256 milion\u016f EUR). Hospod\u00e1\u0159sk\u00e9 v\u00fdsledky potvrzuj\u00ed, \u017ee rok 2022 p\u0159inesl obrat ve finan\u010dn\u00edm hospoda\u0159en\u00ed spole\u010dnosti SEAT S.A.<\/p>\n<p class=\"xmprfx_Prrafobsico\"><b>\u201eSpole\u010dnost SEAT S.A. p\u0159ijala v\u00a0roce 2022, uprost\u0159ed bou\u0159e, kter\u00e1 p\u0159inesla z\u00e1plavu velk\u00fdch v\u00fdzev, historick\u00e1 rozhodnut\u00ed, kter\u00e1 budou definovat n\u00e1\u0161 p\u0159\u00edb\u011bh v\u00a0nadch\u00e1zej\u00edc\u00edch letech,\u201c<\/b>\u00a0\u0159ekl Wayne Griffiths, p\u0159edseda p\u0159edstavenstva spole\u010dnosti SEAT S.A.<\/p>\n<p class=\"xmprfx_Prrafobsico\"><b>\u201eUp\u0159ednostn\u011bn\u00ed zna\u010dky CUPRA, implementace nov\u00e9ho pl\u00e1nu na sn\u00ed\u017een\u00ed n\u00e1klad\u016f a optimalizace pracovn\u00edch metod byly kl\u00ed\u010dov\u00fdmi kroky, kter\u00e9 zaru\u010duj\u00ed spole\u010dnosti SEAT S.A. dlouhodobou stabilitu. Spole\u010dnost SEAT S.A. tak\u00e9 u\u010dinila dal\u0161\u00ed v\u00fdznamn\u00fd krok sm\u011brem k\u00a0elektrifikaci, kdy\u017e jsme se spole\u010dn\u011b s\u00a0koncernem Volkswagen, spole\u010dnost\u00ed PowerCo a partnery projektu Future: Fast Forward zav\u00e1zali investovat 10 miliard EUR do transformace \u0160pan\u011blska na evropsk\u00e9 centrum pro elektromobily.\u201c<\/b><\/p>\n<p class=\"xmprfx_Prrafobsico\">SEAT S.A. bude d\u00edky t\u00e9to investici a robustn\u011bj\u0161\u00ed podnikov\u00e9 struktu\u0159e pokra\u010dovat v\u00a0roce 2023 maxim\u00e1ln\u00ed rychlost\u00ed v\u00a0elektrifikaci v\u00fdrobn\u00edho z\u00e1vodu Martorell a v\u00a0p\u0159\u00edprav\u00e1ch na nejv\u011bt\u0161\u00ed produktovou ofenzivu zna\u010dky CUPRA, kter\u00e1 za\u010dne v\u00a0roce 2024.<\/p>\n<p class=\"xmprfx_Prrafobsico\">Spole\u010dnost SEAT S.A. m\u00e1 ji\u017e za sebou velmi \u00fasp\u011b\u0161n\u00fd vstup do roku 2023. V\u00a0prvn\u00edch dvou m\u011bs\u00edc\u00edch leto\u0161n\u00edho roku dodala z\u00e1kazn\u00edk\u016fm 71\u00a0500 voz\u016f. V\u00a0porovn\u00e1n\u00ed se stejn\u00fdm obdob\u00edm roku 2022 to znamen\u00e1 n\u00e1r\u016fst o 27 %. SEAT S.A. hodl\u00e1 na tomto z\u00e1klad\u011b zvy\u0161ovat sv\u00e9 prodeje i v\u00a0dal\u0161\u00edm pr\u016fb\u011bhu\u00a0roku 2023. Po\u010det dodan\u00fdch voz\u016f zna\u010dky SEAT vzrostl o 12 %, zat\u00edmco CUPRA pokra\u010duje v\u00a0exponenci\u00e1ln\u00edm r\u016fstu d\u00edky meziro\u010dn\u00edmu zv\u00fd\u0161en\u00ed o 75 %.<\/p>\n<p class=\"xmprfx_Prrafobsico\"><b>Rok 2022: Nov\u00e1 \u00e9ra pro SEAT S.A.<\/b><\/p>\n<p class=\"xmprfx_Prrafobsico\">Automobilov\u00fd pr\u016fmysl musel i v\u00a0roce 2022 \u010delit velk\u00fdm v\u00fdzv\u00e1m v\u010detn\u011b nedostatku polovodi\u010d\u016f. Tyto faktory omezily glob\u00e1ln\u00ed objem v\u00fdroby spole\u010dnosti SEAT S.A., kter\u00fd z\u016fstal s t\u00e9m\u011b\u0159 480\u00a0000 vyroben\u00fdmi vozy na podobn\u00e9 \u00farovni jako v\u00a0roce 2021, ale hluboko pod v\u00fdrobn\u00edmi po\u010dty obvykl\u00fdmi p\u0159ed pandemi\u00ed. Spole\u010dnost v\u0161ak navzdory t\u011bmto vn\u011bj\u0161\u00edm vliv\u016fm dos\u00e1hla v\u00fdznamn\u00e9ho obratu ve sv\u00fdch finan\u010dn\u00edch v\u00fdsledc\u00edch.<\/p>\n<p><img loading=\"lazy\" decoding=\"async\" class=\"alignnone size-large wp-image-32415\" src=\"http:\/\/www.automakersnews.cz\/wp-content\/uploads\/2023\/03\/SEAT-Key-figures-1024x683.jpg\" alt=\"\" width=\"1024\" height=\"683\" \/><\/p>\n<p class=\"xmprfx_Prrafobsico\"><b>\u201ePodnikov\u00e1 struktura spole\u010dnosti SEAT S.A. je v\u00a0sou\u010dasnosti robustn\u011bj\u0161\u00ed a postupn\u011b chceme vybudovat je\u0161t\u011b solidn\u011bj\u0161\u00ed finan\u010dn\u00ed strukturu. P\u0159esto\u017ee byl objem n\u00e1mi prodan\u00fdch voz\u016f v\u00a0roce 2022 o 4 % ni\u017e\u0161\u00ed ne\u017e v\u00a0roce 2021 kv\u016fli nedostatku polovodi\u010d\u016f, na\u0161e p\u0159\u00edjmy z\u00a0prodeje vzrostly oproti roku 2021 o 14 % a p\u0159\u00edjem na vozidlo se zv\u00fd\u0161il o 18 %. N\u00e1vratu spole\u010dnosti k\u00a0rentabilit\u011b jsme dos\u00e1hli d\u00edky n\u00e1r\u016fstu pod\u00edlu voz\u016f CUPRA na celkov\u00e9m prodeji, agresivn\u00ed strategi\u00ed \u0159\u00edzen\u00ed cenotvorby, sn\u00ed\u017een\u00edm re\u017eijn\u00edch n\u00e1klad\u016f a zv\u00fd\u0161en\u00edm efektivity,\u201c<\/b>\u00a0\u0159ekl David Powels, \u010dlen p\u0159edstavenstva spole\u010dnosti SEAT S.A. odpov\u011bdn\u00fd za finance a IT.<\/p>\n<p class=\"xmprfx_Prrafobsico\">Zisk p\u0159ed ode\u010dten\u00edm \u00farok\u016f, dan\u00ed, odpis\u016f a amortizace (EBITDA) vzrostl z\u00a0278 milion\u016f EUR v\u00a0roce 2021 na 798 milion\u016f EUR p\u0159ed za\u00fa\u010dtov\u00e1n\u00edm jednor\u00e1zov\u00fdch n\u00e1klad\u016f na restrukturalizaci. To je nejvy\u0161\u0161\u00ed \u00farove\u0148 v\u00a0uplynul\u00fdch p\u011bti letech. Spole\u010dnost pokra\u010dovala v\u00a0realizaci sv\u00e9ho strategick\u00e9ho investi\u010dn\u00edho pl\u00e1nu. V\u00a0roce 2022 vynalo\u017eila na investice, v\u00fdzkum a v\u00fdvoj celkem 880 milion\u016f EUR. SEAT S.A. t\u00edm dokl\u00e1d\u00e1 sv\u00e9 pokra\u010duj\u00edc\u00ed \u00fasil\u00ed o p\u0159\u00edpravu budouc\u00edch produkt\u016f na jejich uveden\u00ed na trh a o rozvoj zna\u010dky CUPRA.<\/p>\n<p class=\"xmprfx_Prrafobsico\"><b>Rok 2023: Urychlen\u00ed transformace spole\u010dnosti SEAT S.A.<\/b><\/p>\n<p class=\"xmprfx_Prrafobsico\">Transformace spole\u010dnosti SEAT S.A. ze spalovac\u00edch motor\u016f na elektrifikovan\u00e9 pohony prob\u00edh\u00e1 velkou rychlost\u00ed. T\u00edm se p\u0159ipravuj\u00ed z\u00e1klady pro novou \u00e9ru r\u016fstu v\u00a0historii spole\u010dnosti SEAT S.A.<\/p>\n<p class=\"xmprfx_Prrafobsico\">Ta na sv\u00e9 v\u00fdro\u010dn\u00ed tiskov\u00e9 konferenci ozn\u00e1mila, \u017ee v\u00a0roce 2023 urychl\u00ed realizaci sv\u00fdch kl\u00ed\u010dov\u00fdch projekt\u016f v\u010detn\u011b sv\u00e9 vlastn\u00ed elektrifika\u010dn\u00ed a organiza\u010dn\u00ed transformace a je\u0161t\u011b v\u011bt\u0161\u00edho zam\u011b\u0159en\u00ed na zvy\u0161ov\u00e1n\u00ed r\u016fstu zna\u010dky CUPRA.<\/p>\n<p class=\"xmprfx_Prrafobsico\"><b>\u201eJsme na za\u010d\u00e1tku kl\u00ed\u010dov\u00e9ho roku v\u00a0historii spole\u010dnosti SEAT S.A. V\u00edme, \u017ee budoucnost je elektrick\u00e1, a m\u00e1me jasnou vizi a motivovan\u00fd t\u00fdm s\u00a0velk\u00fdm odhodl\u00e1n\u00edm tento p\u0159echod dokon\u010dit. Jestli\u017ee byl rok 2022 za\u010d\u00e1tkem na\u0161\u00ed transformace, rok 2023 bude rokem jej\u00edho urychlen\u00ed. P\u0159ed 30 roky jsme vybudovali Martorell, abychom vytvo\u0159ili novou \u00e9ru r\u016fstu pro SEAT. Nyn\u00ed jsme ve druh\u00e9 \u00e9\u0159e, kter\u00e1 je dal\u0161\u00edm velk\u00fdm miln\u00edkem v\u00a0historii t\u00e9to spole\u010dnosti,\u201c\u00a0<\/b>dodal Wayne Griffiths.<\/p>\n<p class=\"xmprfx_Prrafobsico\">V\u00fdrobn\u00ed z\u00e1vod Martorell slav\u00ed v\u00a0leto\u0161n\u00edm roce 30. v\u00fdro\u010d\u00ed a SEAT S.A. investuje do sv\u00e9 elektrifikace celkem t\u0159i miliardy EUR. Martorell se stane v\u00a0r\u00e1mci koncernu Volkswagen jedn\u00edm z\u00a0center pro v\u00fdrobu elektromobil\u016f a kl\u00ed\u010dovou sou\u010d\u00e1st\u00ed elektromobilov\u00e9ho hodnotov\u00e9ho \u0159et\u011bzce ve \u0160pan\u011blsku. SEAT S.A. nav\u00edc povede v\u00fdvoj mal\u00fdch elektromobil\u016f koncernu Volkswagen. Tato rodina osobn\u00edch voz\u016f zajist\u00ed demokratizaci trvale udr\u017eiteln\u00e9 m\u011bstsk\u00e9 mobility. Do roku 2025 bude Martorell vyr\u00e1b\u011bt elektromobily pro r\u016fzn\u00e9 koncernov\u00e9 zna\u010dky.<\/p>\n<p class=\"xmprfx_Prrafobsico\">Ambic\u00ed koncernu Volkswagen je vyrobit v\u00a0z\u00e1vodech Martorell a Pamplona v\u00a0obdob\u00ed od roku 2025 do roku 2030 celkem t\u0159i miliony akumul\u00e1torov\u00fdch elektromobil\u016f. SEAT S.A. tak\u00e9 intenzivn\u011b pracuje na v\u00fdstavb\u011b z\u00e1vodu pro mont\u00e1\u017e akumul\u00e1torov\u00fdch sad a na p\u0159\u00edprav\u011b Martorellu na druhou automobilovou platformu s\u00a0c\u00edlem zv\u00fd\u0161it sv\u016fj pod\u00edl v\u00a0\u0159et\u011bzci tvorby p\u0159idan\u00e9 hodnoty p\u0159i v\u00fdrob\u011b elektromobil\u016f a zachovat si konkurenceschopnost i v\u00a0dlouhodob\u00e9m horizontu.<\/p>\n<p class=\"xmprfx_Prrafobsico\">SEAT S.A. p\u0159edstav\u00ed v\u00a0roce 2023 na sv\u00e9 cest\u011b k\u00a0vy\u0161\u0161\u00ed \u00farovni trval\u00e9 udr\u017eitelnosti novou strategii podle krit\u00e9ri\u00ed ESG. Jedn\u00edm z\u00a0hlavn\u00edch pil\u00ed\u0159\u016f t\u00e9to strategie bude v\u00fdvoj \u201ecentra cirkul\u00e1rn\u00ed ekonomiky\u201c, kter\u00e9 spole\u010dnosti umo\u017en\u00ed vyt\u011b\u017eit maximum hodnoty nab\u00edzen\u00e9 automobilem a akumul\u00e1torovou bateri\u00ed, a to prost\u0159ednictv\u00edm pr\u016fmyslov\u00fdch projekt\u016f pro op\u011btovn\u00e9 vyu\u017eit\u00ed, pr\u016fmyslov\u00e9 repase a recyklaci. Strategie nab\u00edz\u00ed tak\u00e9 trvale udr\u017eiteln\u00fd pr\u016fmyslov\u00fd pl\u00e1n pro barcelonsk\u00fd are\u00e1l spole\u010dnosti SEAT S.A., v\u00a0n\u011bm\u017e se bude centrum nach\u00e1zet.<\/p>\n<p><img loading=\"lazy\" decoding=\"async\" class=\"alignnone size-large wp-image-32417\" src=\"http:\/\/www.automakersnews.cz\/wp-content\/uploads\/2023\/03\/CUPRA-TK-Barcelona-2023-1024x683.jpg\" alt=\"\" width=\"1024\" height=\"683\" \/><\/p>\n<p class=\"xmprfx_Prrafobsico\"><b>R\u016fstov\u00e1 strategie zna\u010dky CUPRA do roku 2030<\/b><\/p>\n<p class=\"xmprfx_Prrafobsico\">CUPRA m\u00e1 ambici b\u00fdt do roku 2030 jednou ze 100 nejlep\u0161\u00edch glob\u00e1ln\u00edch zna\u010dek. Tohoto c\u00edle bude dosa\u017eeno budouc\u00edm r\u016fstem, kter\u00fd bude podporov\u00e1n \u0161esti faktory v\u010detn\u011b globalizace zna\u010dky. Jen v\u00a0leto\u0161n\u00edm roce pl\u00e1nuje CUPRA otev\u0159en\u00ed nov\u00fdch showroom\u016f City Garage v\u00a0Berl\u00edn\u011b, Madridu, Manchesteru a Pa\u0159\u00ed\u017ei. CUPRA v\u00a0r\u00e1mci sv\u00e9 ambice st\u00e1t se opravdu glob\u00e1ln\u00ed zna\u010dkou v\u00a0sou\u010dasnosti analyzuje vstup na severoamerick\u00fd trh. Nyn\u00ed prob\u00edhaj\u00ed testy zna\u010dky s\u00a0potenci\u00e1ln\u00edmi z\u00e1kazn\u00edky a v\u00fdsledky jsou zat\u00edm slibn\u00e9 a pozitivn\u00ed. V\u00a0roce 2023 p\u0159ibyde 500 nov\u00fdch specialist\u016f CUPRA Master, a jejich celkov\u00fd po\u010det tak dos\u00e1hne 2000.<\/p>\n<p class=\"xmprfx_Prrafobsico\">Zna\u010dka CUPRA v\u00a0sou\u010dasnosti p\u0159ipravuje svou dosud nejv\u011bt\u0161\u00ed produktovou ofenzivu, kter\u00e1 bude zah\u00e1jena v\u00a0roce 2024 p\u0159edstaven\u00edm model\u016f CUPRA Tavascan a CUPRA Terramar. V\u00a0roce 2025 bude n\u00e1sledovat CUPRA UrbanRebel. Tyto nov\u00e9 modely umo\u017en\u00ed zna\u010dce vstoupit do nov\u00fdch segment\u016f a na nov\u00e9 trhy a dos\u00e1hnout st\u0159edn\u011bdob\u00e9ho c\u00edle 500\u00a0000 prodan\u00fdch voz\u016f ro\u010dn\u011b.<\/p>\n<p class=\"xmprfx_Prrafobsico\">SEAT S.A. je jedinou spole\u010dnost\u00ed ve \u0160pan\u011blsku s kompletn\u00ed \u0161k\u00e1lou \u010dinnost\u00ed zahrnuj\u00edc\u00edch n\u00e1vrh designu, v\u00fdvoj, v\u00fdrobu a prodej osobn\u00edch voz\u016f. Nadn\u00e1rodn\u00ed spole\u010dnost se s\u00eddlem v Martorellu (Barcelona)\u00a0je \u010dlenem koncernu Volkswagen Group a prod\u00e1v\u00e1 vozidla pod zna\u010dkami SEAT a CUPRA.<\/p>\n<p class=\"xmprfx_Prrafobsico\">SEAT S.A. vyv\u00e1\u017e\u00ed v\u00edce ne\u017e 80 % sv\u00fdch vozidel a p\u016fsob\u00ed ve v\u00edce ne\u017e 70 zem\u00edch. Spole\u010dnost zam\u011bstn\u00e1v\u00e1 v\u00edce ne\u017e 14 000 kvalifikovan\u00fdch pracovn\u00edk\u016f a provozuje t\u0159i v\u00fdrobn\u00ed z\u00e1vody Barcelona, El Prat de Llobregat a<\/p>\n<p class=\"xmprfx_Prrafobsico\">Martorell, kde vyr\u00e1b\u00ed modelov\u00e9 \u0159ady SEAT Ibiza, SEAT Arona, rodinu Leon a CUPRA Formentor. SEAT S.A. nav\u00edc vyr\u00e1b\u00ed vozy Ateca v \u010cesk\u00e9 republice a CUPRA Born a SEAT Tarraco v N\u011bmecku. Obchodn\u00ed jednotka<\/p>\n<p class=\"xmprfx_Prrafobsico\">SEAT M\u00d3 nab\u00edz\u00ed produkty a \u0159e\u0161en\u00ed pro m\u011bstskou mobilitu. Sou\u010d\u00e1st\u00ed spole\u010dnosti je tak\u00e9 SEAT CODE, centrum pro v\u00fdvoj softwaru se s\u00eddlem v Barcelon\u011b, a CASA SEAT v centru Barcelony.<\/p>\n<p><img loading=\"lazy\" decoding=\"async\" class=\"alignnone size-large wp-image-32419\" src=\"http:\/\/www.automakersnews.cz\/wp-content\/uploads\/2023\/03\/SEAT-Barcelona-Spain-1024x683.jpg\" alt=\"\" width=\"1024\" height=\"683\" \/><\/p>\n<p class=\"xmprfx_Prrafobsico\">C\u00edlem spole\u010dnosti je hr\u00e1t vedouc\u00ed roli v p\u0159em\u011bn\u011b \u0160pan\u011blska na elektromobilov\u00e9 centrum Evropy. SEAT S.A., Volkswagen Group a jejich partne\u0159i investuj\u00ed do elektrifikace \u0160pan\u011blska 10 miliard eur.<\/p>\n<p>&nbsp;<\/p>\n","protected":false},"excerpt":{"rendered":"<div class=\"mh-excerpt\"><p>\u0160\u00e9f\u00a0 automobilky SEAT Wayne Griffiths p\u0159edstavil na v\u00fdro\u010dn\u00ed tiskovce v Barcelon\u011b\u00a0 hospod\u00e1\u0159sk\u00e9 v\u00fdsledky automobilky za rok 2022 a ozn\u00e1mil dal\u0161\u00ed kroky v realizaci sv\u00e9 strategie.<\/p>\n<\/div>","protected":false},"author":1,"featured_media":32413,"comment_status":"open","ping_status":"open","sticky":false,"template":"","format":"standard","meta":{"footnotes":""},"categories":[29,50],"tags":[],"class_list":["post-32384","post","type-post","status-publish","format-standard","has-post-thumbnail","hentry","category-tiskovky","category-vysledky"],"_links":{"self":[{"href":"https:\/\/www.automakersnews.cz\/index.php\/wp-json\/wp\/v2\/posts\/32384","targetHints":{"allow":["GET"]}}],"collection":[{"href":"https:\/\/www.automakersnews.cz\/index.php\/wp-json\/wp\/v2\/posts"}],"about":[{"href":"https:\/\/www.automakersnews.cz\/index.php\/wp-json\/wp\/v2\/types\/post"}],"author":[{"embeddable":true,"href":"https:\/\/www.automakersnews.cz\/index.php\/wp-json\/wp\/v2\/users\/1"}],"replies":[{"embeddable":true,"href":"https:\/\/www.automakersnews.cz\/index.php\/wp-json\/wp\/v2\/comments?post=32384"}],"version-history":[{"count":0,"href":"https:\/\/www.automakersnews.cz\/index.php\/wp-json\/wp\/v2\/posts\/32384\/revisions"}],"wp:featuredmedia":[{"embeddable":true,"href":"https:\/\/www.automakersnews.cz\/index.php\/wp-json\/wp\/v2\/media\/32413"}],"wp:attachment":[{"href":"https:\/\/www.automakersnews.cz\/index.php\/wp-json\/wp\/v2\/media?parent=32384"}],"wp:term":[{"taxonomy":"category","embeddable":true,"href":"https:\/\/www.automakersnews.cz\/index.php\/wp-json\/wp\/v2\/categories?post=32384"},{"taxonomy":"post_tag","embeddable":true,"href":"https:\/\/www.automakersnews.cz\/index.php\/wp-json\/wp\/v2\/tags?post=32384"}],"curies":[{"name":"wp","href":"https:\/\/api.w.org\/{rel}","templated":true}]}}