{"id":32679,"date":"2023-03-24T08:47:54","date_gmt":"2023-03-24T08:47:54","guid":{"rendered":"https:\/\/www.automakersnews.cz\/?p=32679"},"modified":"2023-03-24T08:50:55","modified_gmt":"2023-03-24T08:50:55","slug":"toyota-doda-palivove-clanky-do-nakladnich-aut","status":"publish","type":"post","link":"https:\/\/www.automakersnews.cz\/index.php\/2023\/03\/24\/toyota-doda-palivove-clanky-do-nakladnich-aut\/","title":{"rendered":"Toyota dod\u00e1 \u010dl\u00e1nky do n\u00e1kladn\u00edch aut"},"content":{"rendered":"<p><strong>Toyota bude dod\u00e1vat moduly palivov\u00fdch \u010dl\u00e1nk\u016f do n\u00e1kladn\u00edch aut francouzsk\u00e9ho start-upu Hyliko. Ten pl\u00e1nuje montovat druhou generaci t\u011bchto modul\u016f do t\u011b\u017ek\u00fdch n\u00e1kladn\u00edch vozidel ze sv\u00e9 nab\u00eddky. <\/strong><!--more--><\/p>\n<p>Automobilka poskytuje technologie palivov\u00fdch \u010dl\u00e1nk\u016f pro vod\u00edkov\u00e1 \u0159e\u0161en\u00ed nap\u0159\u00ed\u010d r\u016fzn\u00fdmi odv\u011btv\u00edmi v\u010detn\u011b vlak\u016f, autobus\u016f, gener\u00e1tor\u016f energie a r\u016fzn\u00fdch oblast\u00ed lodn\u00ed dopravy.<\/p>\n<p>Divize palivov\u00fdch \u010dl\u00e1nk\u016f evropsk\u00e9 Toyoty hled\u00e1 mo\u017enosti dal\u0161\u00edho uplatn\u011bn\u00ed u\u017eitkov\u00fdch aut k rychlej\u0161\u00edmu r\u016fstu bezemisn\u00ed vod\u00edkov\u00e9 mobility. Jako velmi slibnou vid\u00ed pr\u00e1v\u011b n\u00e1kladn\u00ed vozidla, kter\u00e1 na evropsk\u00fdch cest\u00e1ch p\u0159eprav\u00ed pln\u00fdch 77 procent ve\u0161ker\u00e9ho n\u00e1kladu.<\/p>\n<p><strong>Ni\u017e\u0161\u00ed hmotnost a rychl\u00e9 tankov\u00e1n\u00ed<\/strong><\/p>\n<p>D\u00edky ni\u017e\u0161\u00ed hmotnosti vod\u00edkov\u00fdch syst\u00e9m\u016f zb\u00fdv\u00e1 v\u00edce pro u\u017eite\u010dn\u00fd n\u00e1klad, nicm\u00e9n\u011b v\u00a0t\u011b\u017ek\u00e9 komer\u010dn\u00ed doprav\u011b s vysokou m\u00edrou vyu\u017eit\u00ed je kl\u00ed\u010dov\u00e1 i rychlost tankov\u00e1n\u00ed vod\u00edku. Vzhledem k charakteru pou\u017e\u00edv\u00e1n\u00ed komer\u010dn\u00edch n\u00e1kladn\u00edch vozidel a pot\u0159eb\u011b vysok\u00fdch objem\u016f vod\u00edku lze tyto prost\u0159edky pova\u017eovat za nosn\u00fd prvek dal\u0161\u00edho rozvoje udr\u017eiteln\u00e9 infrastruktury.<\/p>\n<p>Toyota v glob\u00e1ln\u00edm m\u011b\u0159\u00edtku u\u017e te\u010f spolupracuje s \u0159adou firem v\u00a0automobilov\u00e9 doprav\u011b s c\u00edlem vyu\u017e\u00edt technologie palivov\u00fdch \u010dl\u00e1nk\u016f do t\u011b\u017ek\u00e9 n\u00e1kladn\u00ed dopravy.<\/p>\n<p>Projekt ZANZEFF zah\u00e1jen\u00fd v roce 2019 ve Spojen\u00fdch st\u00e1tech ji\u017e prok\u00e1zal, \u017ee elektrick\u00e1 n\u00e1kladn\u00ed vozidla s palivov\u00fdmi \u010dl\u00e1nky se sv\u00fdmi schopnostmi vyrovnaj\u00ed voz\u016fm na naftu a poskytuj\u00ed bezemisn\u00ed alternativu p\u0159ipravenou ke komer\u010dn\u00edmu nasazen\u00ed.<\/p>\n<p><strong>Vize vod\u00edkov\u00fdch ekosyst\u00e9m\u016f<\/strong><\/p>\n<p>Partnersk\u00e1 spolupr\u00e1ce s Hyliko je krokem k napln\u011bn\u00ed vize Toyoty o vod\u00edkov\u00fdch ekosyst\u00e9mech v\u00a0Evrop\u011b. Energie vod\u00edku je kl\u00ed\u010dov\u00fdm pil\u00ed\u0159em energetick\u00e9 strategie. Proto se Toyota v Evrop\u011b zam\u011b\u0159uje na rozvoj nejr\u016fzn\u011bj\u0161\u00edch druh\u016f vyu\u017eit\u00ed palivov\u00fdch \u010dl\u00e1nk\u016f v r\u00e1mci vod\u00edkov\u00fdch ekosyst\u00e9m\u016f.<\/p>\n<p>\u201e<em>Spole\u010dn\u011b s na\u0161imi\u00a0partnery, jako je nap\u0159\u00edklad Hyliko, budeme pokra\u010dovat v podpo\u0159e ekosyst\u00e9m\u016f po cel\u00e9 Evrop\u011b na cest\u011b k \u0161ir\u0161\u00ed vod\u00edkov\u00e9 spole\u010dnosti, coby jednomu ze z\u00e1kladn\u00edch stavebn\u00edch blok\u016f k dosa\u017een\u00ed uhl\u00edkov\u00e9 neutrality do roku 2040,<\/em>\u201c uvedl Thiebault Paquet, viceprezident Toyota Motor Europe R&amp;D2 a \u0161\u00e9f divize palivov\u00fdch \u010dl\u00e1nk\u016f.<\/p>\n<p>Hyliko bude nab\u00edzet dva modely n\u00e1kladn\u00edch vozidel s palivov\u00fdmi \u010dl\u00e1nky: 44tunov\u00fd taha\u010d a 26tunov\u00e9 n\u00e1kladn\u00ed vozidlo s pevn\u011b namontovanou n\u00e1stavbou ve variantn\u00edm proveden\u00ed s pohony 6&#215;2 a 6&#215;4. Vozidla budou vybavena dv\u011bma moduly palivov\u00fdch \u010dl\u00e1nk\u016f Toyota.<\/p>\n<p><img loading=\"lazy\" decoding=\"async\" class=\"alignnone size-full wp-image-32683\" src=\"http:\/\/www.automakersnews.cz\/wp-content\/uploads\/2023\/03\/Modul-palivovych-clanku-Toyoty-do-nakladnich-aut-Hyliko-e1679647763227.jpg\" alt=\"\" width=\"500\" height=\"334\" srcset=\"https:\/\/www.automakersnews.cz\/wp-content\/uploads\/2023\/03\/Modul-palivovych-clanku-Toyoty-do-nakladnich-aut-Hyliko-e1679647763227.jpg 500w, https:\/\/www.automakersnews.cz\/wp-content\/uploads\/2023\/03\/Modul-palivovych-clanku-Toyoty-do-nakladnich-aut-Hyliko-e1679647763227-300x200.jpg 300w\" sizes=\"auto, (max-width: 500px) 100vw, 500px\" \/><\/p>\n<p>Hyliko je prvn\u00ed integrovan\u00e9 \u0159e\u0161en\u00ed dekarbonizace v odv\u011btv\u00ed silni\u010dn\u00ed n\u00e1kladn\u00ed dopravy. Nab\u00edz\u00ed platformu vod\u00edkov\u00e9 mobility se z\u00e1pornou uhl\u00edkovou stopou, kter\u00e1 spojuje pron\u00e1jem a \u00fadr\u017ebu vod\u00edkov\u00fdch n\u00e1kladn\u00edch vozidel, dod\u00e1vky zelen\u00e9ho vod\u00edkov\u00e9 paliva a management emisn\u00edch povolenek.<\/p>\n","protected":false},"excerpt":{"rendered":"<div class=\"mh-excerpt\"><p>Toyota bude dod\u00e1vat moduly palivov\u00fdch \u010dl\u00e1nk\u016f do n\u00e1kladn\u00edch aut francouzsk\u00e9ho start-upu Hyliko. Ten pl\u00e1nuje montovat druhou generaci t\u011bchto modul\u016f do t\u011b\u017ek\u00fdch n\u00e1kladn\u00edch vozidel ze sv\u00e9 <a class=\"mh-excerpt-more\" href=\"https:\/\/www.automakersnews.cz\/index.php\/2023\/03\/24\/toyota-doda-palivove-clanky-do-nakladnich-aut\/\" title=\"Toyota dod\u00e1 \u010dl\u00e1nky do n\u00e1kladn\u00edch aut\">[&#8230;]<\/a><\/p>\n<\/div>","protected":false},"author":1,"featured_media":32680,"comment_status":"open","ping_status":"open","sticky":false,"template":"","format":"standard","meta":{"footnotes":""},"categories":[55],"tags":[],"class_list":["post-32679","post","type-post","status-publish","format-standard","has-post-thumbnail","hentry","category-alternativni-pohony"],"_links":{"self":[{"href":"https:\/\/www.automakersnews.cz\/index.php\/wp-json\/wp\/v2\/posts\/32679","targetHints":{"allow":["GET"]}}],"collection":[{"href":"https:\/\/www.automakersnews.cz\/index.php\/wp-json\/wp\/v2\/posts"}],"about":[{"href":"https:\/\/www.automakersnews.cz\/index.php\/wp-json\/wp\/v2\/types\/post"}],"author":[{"embeddable":true,"href":"https:\/\/www.automakersnews.cz\/index.php\/wp-json\/wp\/v2\/users\/1"}],"replies":[{"embeddable":true,"href":"https:\/\/www.automakersnews.cz\/index.php\/wp-json\/wp\/v2\/comments?post=32679"}],"version-history":[{"count":0,"href":"https:\/\/www.automakersnews.cz\/index.php\/wp-json\/wp\/v2\/posts\/32679\/revisions"}],"wp:featuredmedia":[{"embeddable":true,"href":"https:\/\/www.automakersnews.cz\/index.php\/wp-json\/wp\/v2\/media\/32680"}],"wp:attachment":[{"href":"https:\/\/www.automakersnews.cz\/index.php\/wp-json\/wp\/v2\/media?parent=32679"}],"wp:term":[{"taxonomy":"category","embeddable":true,"href":"https:\/\/www.automakersnews.cz\/index.php\/wp-json\/wp\/v2\/categories?post=32679"},{"taxonomy":"post_tag","embeddable":true,"href":"https:\/\/www.automakersnews.cz\/index.php\/wp-json\/wp\/v2\/tags?post=32679"}],"curies":[{"name":"wp","href":"https:\/\/api.w.org\/{rel}","templated":true}]}}