{"id":32687,"date":"2023-03-24T09:09:52","date_gmt":"2023-03-24T09:09:52","guid":{"rendered":"https:\/\/www.automakersnews.cz\/?p=32687"},"modified":"2023-03-24T09:43:12","modified_gmt":"2023-03-24T09:43:12","slug":"jarov-hostil-novinarsky-workshop-skody","status":"publish","type":"post","link":"https:\/\/www.automakersnews.cz\/index.php\/2023\/03\/24\/jarov-hostil-novinarsky-workshop-skody\/","title":{"rendered":"\u0160koda p\u0159edvedla opravy bateri\u00ed na Jarov\u011b"},"content":{"rendered":"<p><strong>Motoristi\u010dt\u00ed novin\u00e1\u0159i absolvovali 23. b\u0159ezna workshop Elektromobilita v\u00a0servisech \u0160koda, kter\u00fd se uskute\u010dnil v prostor\u00e1ch autorizovan\u00e9ho prodejce\u00a0Auto Jarov. \u0160\u00e9f importu zna\u010dky Ji\u0159\u00ed Mal\u00e1\u010dek p\u0159ibl\u00ed\u017eil problematiku servisov\u00e1n\u00ed trak\u010dn\u00edch bateri\u00ed elektromobil\u016f.<\/strong><!--more--><\/p>\n<figure id=\"attachment_32692\" aria-describedby=\"caption-attachment-32692\" style=\"width: 1024px\" class=\"wp-caption alignnone\"><img loading=\"lazy\" decoding=\"async\" class=\"size-large wp-image-32692\" src=\"http:\/\/www.automakersnews.cz\/wp-content\/uploads\/2023\/03\/Skoda-workshop-Jina-1024x768.jpg\" alt=\"\" width=\"1024\" height=\"768\" \/><figcaption id=\"caption-attachment-32692\" class=\"wp-caption-text\">\u00da\u010dastn\u00edky p\u0159iv\u00edtal mluv\u010d\u00ed zna\u010dky Pavel J\u00edna<\/figcaption><\/figure>\n<p>\u0160kodovka m\u00e1 v \u010cesku celkem 176 prodejn\u00edch m\u00edst, 225 servis\u016f\u00a0 a 155 partner\u016f pro ojetiny \u0160koda Plus. Celkov\u00e9 mno\u017estv\u00ed person\u00e1lu v prodejn\u00ed s\u00edti p\u0159evy\u0161uje 5000 zam\u011bstnanc\u016f.<\/p>\n<p>&nbsp;<\/p>\n<figure id=\"attachment_32724\" aria-describedby=\"caption-attachment-32724\" style=\"width: 1024px\" class=\"wp-caption alignnone\"><img loading=\"lazy\" decoding=\"async\" class=\"size-large wp-image-32724\" src=\"http:\/\/www.automakersnews.cz\/wp-content\/uploads\/2023\/03\/Skoda-personal-orez-1024x747.jpg\" alt=\"\" width=\"1024\" height=\"747\" \/><figcaption id=\"caption-attachment-32724\" class=\"wp-caption-text\"><span style=\"font-size: 16px;\">Na prodej\u00edch nov\u00fdch\u00a0 elektromobil\u016f (loni 3892 kus\u016f) se \u0160koda Auto pod\u00edl\u00ed zhruba t\u0159etinou.<\/span><\/figcaption><\/figure>\n<p>Automobilka se chlub\u00ed t\u00edm, \u017ee ka\u017ed\u00fd jej\u00ed partner m\u00e1 nyn\u00ed minim\u00e1ln\u011b jeden nab\u00edjec\u00ed bod, v\u0161echny jej\u00ed servisy p\u0159ijmou elektromobil, ka\u017ed\u00fd servis m\u00e1 pro\u0161kolen\u00fd person\u00e1l a v ka\u017ed\u00e9m regionu je minim\u00e1ln\u011b jeden servis na expertn\u00ed \u00farovni.<\/p>\n<p><strong>Kdo m\u016f\u017ee v \u010cesk\u00e9 republice opravovat baterie elektromobil\u016f?<\/strong><\/p>\n<p>V autorizovan\u00fdch servisech zna\u010dek koncernu Volkswagen, kter\u00e9 se v\u011bnuj\u00ed oprav\u00e1m elektromobil\u016f, kde zvl\u00e1dnou kompletn\u00ed pr\u00e1ci na baterii, existuj\u00ed t\u0159i \u00farovn\u011b kvalifikace person\u00e1lu: elektricky pou\u010den\u00e1 osoba (EPO), vysokonap\u011b\u0165ov\u00fd technik (VNT) a vysokonap\u011b\u0165ov\u00fd expert (VNE).<\/p>\n<p><img loading=\"lazy\" decoding=\"async\" class=\"size-large wp-image-32721\" src=\"http:\/\/www.automakersnews.cz\/wp-content\/uploads\/2023\/03\/Skoda-workshop-Jarov-fotograf-orez-1024x644.jpg\" alt=\"\" width=\"1024\" height=\"644\" \/><\/p>\n<p><span style=\"font-size: 16px;\">Odpojen\u00ed baterie prov\u00e1d\u00ed v servisu vysokonap\u011b\u0165ov\u00fd technik. Ten mus\u00ed b\u00fdt kvalifikovan\u00fd podle \u201epades\u00e1tky\u201c \u2013 vyhl\u00e1\u0161ky \u010d. 50\/1978 Sb. o odborn\u00e9 zp\u016fsobilosti v elektrotechnice, resp. od \u010dervence 2022 z\u00e1kona \u010d. 250\/2021 o bezpe\u010dnosti pr\u00e1ce v souvislosti s provozem vyhrazen\u00fdch technick\u00fdch za\u0159\u00edzen\u00ed.<\/span><\/p>\n<div class=\"e_dl\" data-dot=\"mol-paragraph\">\n<p class=\"c_dl\"><span class=\"c_dD\">Jak prob\u00edh\u00e1 pr\u00e1ce na baterii? Za\u010d\u00edn\u00e1 vytvo\u0159en\u00edm tzv. beznap\u011b\u0165ov\u00e9ho stavu, jeho\u017e princip je podobn\u00fd jako p\u0159i vypnut\u00ed dom\u00e1c\u00edho jisti\u010de.<\/span><\/p>\n<\/div>\n<div class=\"e_dl\" data-dot=\"mol-paragraph\">\n<p class=\"c_dl\"><span class=\"c_dD\">N\u00e1sleduje zabezpe\u010den\u00ed, aby nemohlo doj\u00edt k\u00a0necht\u011bn\u00e9mu zapojen\u00ed, a\u00a0kontrola, zda je skute\u010dn\u011b v\u016fz v\u00a0beznap\u011b\u0165ov\u00e9m stavu. Pot\u00e9 technik vyhotov\u00ed protokol, kter\u00fd se archivuje, a\u00a0ozna\u010d\u00ed v\u016fz cedul\u00ed vysokonap\u011b\u0165ov\u00e9ho za\u0159\u00edzen\u00ed a\u00a0cedul\u00ed, \u017ee je za\u0159\u00edzen\u00ed vypnut\u00e9. Pak u\u017e na voze m\u016f\u017ee pracovat \u010dlov\u011bk s\u00a0ni\u017e\u0161\u00ed kvalifikac\u00ed.<\/span><\/p>\n<\/div>\n<div class=\"e_dl\" data-dot=\"mol-paragraph\">\n<p class=\"c_dl\"><span class=\"c_dD\">Kdy\u017e je baterie z\u00a0vozu venku, prov\u00e1d\u00ed se diagnostika, kter\u00e1 m\u016f\u017ee odhalit z\u00e1vadu. Zde u\u017e je na pr\u00e1ci pot\u0159eba vysokonap\u011b\u0165ov\u00fd expert. Po aklimatizaci na okoln\u00ed teplotu nap\u0159. p\u0159es noc n\u00e1sleduje zkou\u0161ka t\u011bsnosti baterie. Po n\u00ed je mo\u017en\u00e9 baterii otev\u0159\u00edt sund\u00e1n\u00edm horn\u00edho krytu. Jeho zaj\u00edmavost\u00ed je, \u017ee na n\u011bm je p\u0159ilepeno p\u011bnov\u00e9 t\u011bsn\u011bn\u00ed, kter\u00e9 nen\u00ed nutno m\u011bnit, pokud nen\u00ed po\u0161kozen\u00e9. Pokud po\u0161kozen\u00e9 je, mus\u00ed se vym\u011bnit cel\u00fd kryt, nebo\u0165 t\u011bsn\u011bn\u00ed nen\u00ed mo\u017en\u00e9 z\u00a0krytu se\u0161kr\u00e1bat.<\/span><\/p>\n<div class=\"e_dl\" data-dot=\"mol-paragraph\">\n<p class=\"c_dl\"><span class=\"c_dD\">Experti musej\u00ed pracovat se speci\u00e1ln\u00edmi ochrann\u00fdmi pom\u016fckami, kter\u00e9 zahrnuj\u00ed krom\u011b mont\u00e9rek i izolovan\u00e9 boty a rukavice, a tak\u00e9 p\u0159ilbu se zatmaven\u00fdm obli\u010dejov\u00fdm \u0161t\u00edtem. Tak\u00e9 n\u00e1\u0159ad\u00ed je speci\u00e1ln\u00ed, izolovan\u00e9.<\/span><\/p>\n<\/div>\n<div class=\"e_dl\" data-dot=\"mol-paragraph\">\n<p class=\"c_dl\"><span class=\"c_dD\">Expert mus\u00ed rovn\u011b\u017e p\u0159esn\u011b dodr\u017eet spr\u00e1vn\u00fd postup. Pokud by to neud\u011blal a\u00a0nap\u0159\u00edklad rozpojil nebo zapojil n\u011bjakou komponentu v\u00a0nespr\u00e1vn\u00e9m po\u0159ad\u00ed, elekt\u0159ina by si mohla naj\u00edt cestu n\u011bkudy jinudy a\u00a0p\u0159itom t\u0159eba zni\u010dit \u0159\u00edd\u00edc\u00ed jednotku.<\/span><\/p>\n<figure id=\"attachment_32727\" aria-describedby=\"caption-attachment-32727\" style=\"width: 1024px\" class=\"wp-caption alignnone\"><img loading=\"lazy\" decoding=\"async\" class=\"size-large wp-image-32727\" src=\"http:\/\/www.automakersnews.cz\/wp-content\/uploads\/2023\/03\/Skoda-rozvoj-elektromobilita-orez-1024x576.jpg\" alt=\"\" width=\"1024\" height=\"576\" srcset=\"https:\/\/www.automakersnews.cz\/wp-content\/uploads\/2023\/03\/Skoda-rozvoj-elektromobilita-orez-1024x576.jpg 1024w, https:\/\/www.automakersnews.cz\/wp-content\/uploads\/2023\/03\/Skoda-rozvoj-elektromobilita-orez-300x169.jpg 300w, https:\/\/www.automakersnews.cz\/wp-content\/uploads\/2023\/03\/Skoda-rozvoj-elektromobilita-orez-768x432.jpg 768w, https:\/\/www.automakersnews.cz\/wp-content\/uploads\/2023\/03\/Skoda-rozvoj-elektromobilita-orez-1536x863.jpg 1536w, https:\/\/www.automakersnews.cz\/wp-content\/uploads\/2023\/03\/Skoda-rozvoj-elektromobilita-orez-2048x1151.jpg 2048w, https:\/\/www.automakersnews.cz\/wp-content\/uploads\/2023\/03\/Skoda-rozvoj-elektromobilita-orez-678x381.jpg 678w\" sizes=\"auto, (max-width: 1024px) 100vw, 1024px\" \/><figcaption id=\"caption-attachment-32727\" class=\"wp-caption-text\">\u0160koda p\u0159isl\u00edbila dal\u0161\u00ed rozvoj kompetenc\u00ed dealersk\u00e9 s\u00edt\u011b<\/figcaption><\/figure>\n<\/div>\n<\/div>\n","protected":false},"excerpt":{"rendered":"<div class=\"mh-excerpt\"><p>Motoristi\u010dt\u00ed novin\u00e1\u0159i absolvovali 23. b\u0159ezna workshop Elektromobilita v\u00a0servisech \u0160koda, kter\u00fd se uskute\u010dnil v prostor\u00e1ch autorizovan\u00e9ho prodejce\u00a0Auto Jarov. \u0160\u00e9f importu zna\u010dky Ji\u0159\u00ed Mal\u00e1\u010dek p\u0159ibl\u00ed\u017eil problematiku servisov\u00e1n\u00ed <a class=\"mh-excerpt-more\" href=\"https:\/\/www.automakersnews.cz\/index.php\/2023\/03\/24\/jarov-hostil-novinarsky-workshop-skody\/\" title=\"\u0160koda p\u0159edvedla opravy bateri\u00ed na Jarov\u011b\">[&#8230;]<\/a><\/p>\n<\/div>","protected":false},"author":1,"featured_media":32689,"comment_status":"open","ping_status":"open","sticky":false,"template":"","format":"standard","meta":{"footnotes":""},"categories":[17,29],"tags":[],"class_list":["post-32687","post","type-post","status-publish","format-standard","has-post-thumbnail","hentry","category-servis","category-tiskovky"],"_links":{"self":[{"href":"https:\/\/www.automakersnews.cz\/index.php\/wp-json\/wp\/v2\/posts\/32687","targetHints":{"allow":["GET"]}}],"collection":[{"href":"https:\/\/www.automakersnews.cz\/index.php\/wp-json\/wp\/v2\/posts"}],"about":[{"href":"https:\/\/www.automakersnews.cz\/index.php\/wp-json\/wp\/v2\/types\/post"}],"author":[{"embeddable":true,"href":"https:\/\/www.automakersnews.cz\/index.php\/wp-json\/wp\/v2\/users\/1"}],"replies":[{"embeddable":true,"href":"https:\/\/www.automakersnews.cz\/index.php\/wp-json\/wp\/v2\/comments?post=32687"}],"version-history":[{"count":0,"href":"https:\/\/www.automakersnews.cz\/index.php\/wp-json\/wp\/v2\/posts\/32687\/revisions"}],"wp:featuredmedia":[{"embeddable":true,"href":"https:\/\/www.automakersnews.cz\/index.php\/wp-json\/wp\/v2\/media\/32689"}],"wp:attachment":[{"href":"https:\/\/www.automakersnews.cz\/index.php\/wp-json\/wp\/v2\/media?parent=32687"}],"wp:term":[{"taxonomy":"category","embeddable":true,"href":"https:\/\/www.automakersnews.cz\/index.php\/wp-json\/wp\/v2\/categories?post=32687"},{"taxonomy":"post_tag","embeddable":true,"href":"https:\/\/www.automakersnews.cz\/index.php\/wp-json\/wp\/v2\/tags?post=32687"}],"curies":[{"name":"wp","href":"https:\/\/api.w.org\/{rel}","templated":true}]}}