{"id":327,"date":"2022-08-05T13:16:35","date_gmt":"2022-08-05T13:16:35","guid":{"rendered":"http:\/\/www.automakersnews.cz\/?p=327"},"modified":"2022-08-05T13:16:35","modified_gmt":"2022-08-05T13:16:35","slug":"lidl-rusi-bezplatne-nabijeni-elektromobilu","status":"publish","type":"post","link":"https:\/\/www.automakersnews.cz\/index.php\/2022\/08\/05\/lidl-rusi-bezplatne-nabijeni-elektromobilu\/","title":{"rendered":"Lidl ru\u0161\u00ed bezplatn\u00e9 nab\u00edjen\u00ed elektromobil\u016f"},"content":{"rendered":"<div class=\"g_c9\">\n<p class=\"d_da\"><strong>Lidl od roku 2017 v \u010cesku provozuje bezplatn\u00e9 nab\u00edjec\u00ed stanice pro elektromobily. V\u0161ech 40 stanic, kter\u00e9 jsou dnes aktivn\u00ed, v\u0161ak od leto\u0161n\u00edho srpna postupn\u011b zpoplatn\u00ed.<\/strong><\/p>\n<\/div>\n<p><!--more--><\/p>\n<div class=\"g_c9\">\n<p class=\"d_da\">\u010c\u00e1ste\u010dn\u011b kv\u016fli zvy\u0161ov\u00e1n\u00ed cen energi\u00ed, ale Lidl jmenuje i dal\u0161\u00ed fenom\u00e9n.<\/p>\n<\/div>\n<div class=\"g_c9\">\n<p class=\"d_da\">\u201eB\u011bhem t\u00e9 doby do\u0161lo k v\u00fdrazn\u00e9mu n\u00e1r\u016fstu ceny elekt\u0159iny a tak\u00e9 k n\u00e1r\u016fstu po\u010dtu elektromobil\u016f a t\u00edm k nav\u00fd\u0161en\u00ed cen za dob\u00edjen\u00ed ve ve\u0159ejn\u00fdch dob\u00edjec\u00edch stanic\u00edch. Tento krok samoz\u0159ejm\u011b vedl k tomu, \u017ee \u0159idi\u010di elektromobil\u016f za\u010dali v\u00edce a v\u00edce vyu\u017e\u00edvat na\u0161e dob\u00edjec\u00ed stanice, kter\u00e9 byly doposud zdarma, a to i v p\u0159\u00edpadech, kdy u n\u00e1s nenakupovali,\u201d uvedl na dotaz Novinek mluv\u010d\u00ed Lidlu Tom\u00e1\u0161 Myler.<\/p>\n<\/div>\n","protected":false},"excerpt":{"rendered":"<div class=\"mh-excerpt\"><p>Lidl od roku 2017 v \u010cesku provozuje bezplatn\u00e9 nab\u00edjec\u00ed stanice pro elektromobily. V\u0161ech 40 stanic, kter\u00e9 jsou dnes aktivn\u00ed, v\u0161ak od leto\u0161n\u00edho srpna postupn\u011b zpoplatn\u00ed.<\/p>\n<\/div>","protected":false},"author":1,"featured_media":328,"comment_status":"open","ping_status":"open","sticky":false,"template":"","format":"standard","meta":{"footnotes":""},"categories":[22],"tags":[],"class_list":["post-327","post","type-post","status-publish","format-standard","has-post-thumbnail","hentry","category-elektromobily"],"_links":{"self":[{"href":"https:\/\/www.automakersnews.cz\/index.php\/wp-json\/wp\/v2\/posts\/327","targetHints":{"allow":["GET"]}}],"collection":[{"href":"https:\/\/www.automakersnews.cz\/index.php\/wp-json\/wp\/v2\/posts"}],"about":[{"href":"https:\/\/www.automakersnews.cz\/index.php\/wp-json\/wp\/v2\/types\/post"}],"author":[{"embeddable":true,"href":"https:\/\/www.automakersnews.cz\/index.php\/wp-json\/wp\/v2\/users\/1"}],"replies":[{"embeddable":true,"href":"https:\/\/www.automakersnews.cz\/index.php\/wp-json\/wp\/v2\/comments?post=327"}],"version-history":[{"count":0,"href":"https:\/\/www.automakersnews.cz\/index.php\/wp-json\/wp\/v2\/posts\/327\/revisions"}],"wp:featuredmedia":[{"embeddable":true,"href":"https:\/\/www.automakersnews.cz\/index.php\/wp-json\/wp\/v2\/media\/328"}],"wp:attachment":[{"href":"https:\/\/www.automakersnews.cz\/index.php\/wp-json\/wp\/v2\/media?parent=327"}],"wp:term":[{"taxonomy":"category","embeddable":true,"href":"https:\/\/www.automakersnews.cz\/index.php\/wp-json\/wp\/v2\/categories?post=327"},{"taxonomy":"post_tag","embeddable":true,"href":"https:\/\/www.automakersnews.cz\/index.php\/wp-json\/wp\/v2\/tags?post=327"}],"curies":[{"name":"wp","href":"https:\/\/api.w.org\/{rel}","templated":true}]}}