{"id":3286,"date":"2022-11-14T19:56:15","date_gmt":"2022-11-14T19:56:15","guid":{"rendered":"https:\/\/www.automakersnews.cz\/?p=3286"},"modified":"2022-11-15T12:29:37","modified_gmt":"2022-11-15T12:29:37","slug":"valeo-poradalo-novinarskou-exkurzi-do-rd-centra-v-praze","status":"publish","type":"post","link":"https:\/\/www.automakersnews.cz\/index.php\/2022\/11\/14\/valeo-poradalo-novinarskou-exkurzi-do-rd-centra-v-praze\/","title":{"rendered":"Valeo uk\u00e1zalo novin\u00e1\u0159\u016fm R&amp;D centrum"},"content":{"rendered":"<p><strong>Praha je hlavn\u00edm centrem v\u00fdzkumu a v\u00fdvoje spole\u010dnosti Valeo pro ADAS (Advanced Driver Assistance Systems) a tepeln\u00e9 syst\u00e9my. Novin\u00e1\u0159sk\u00e1 exkurze m\u011bla za c\u00edl p\u0159edstavit dvacetiletou historii p\u016fsoben\u00ed Valea v \u010cesku a dovednost, vybaven\u00ed a testovac\u00ed za\u0159\u00edzen\u00ed, kter\u00e9 je k slu\u017eb\u00e1m v\u0161em hr\u00e1\u010d\u016fm pro mobilitu budoucnosti.<\/strong><\/p>\n<p><!--more--><\/p>\n<p>V centru v sou\u010dasn\u00e9 dob\u011b pracuje 700 in\u017een\u00fdr\u016f. 20 procent \u010dlen\u016f t\u00fdmu poch\u00e1z\u00ed ze zahrani\u010d\u00ed, t\u00fdm je slo\u017een ze 33 r\u016fzn\u00fdch n\u00e1rodnost\u00ed a 38 in\u017een\u00fdr\u016f m\u00e1 doktor\u00e1t. Na tuto velikost se centrum rozrostlo b\u011bhem dvaceti let p\u016fsoben\u00ed v \u010cesku. V are\u00e1lu v Hostiva\u0159i jsou k dispozici 4 budovy a v se st\u0159edo\u010desk\u00fdch Milovic\u00edch m\u00e1 Valeo testovac\u00ed polygon.<\/p>\n<figure id=\"attachment_3287\" aria-describedby=\"caption-attachment-3287\" style=\"width: 300px\" class=\"wp-caption alignnone\"><img loading=\"lazy\" decoding=\"async\" class=\"size-medium wp-image-3287\" src=\"http:\/\/www.automakersnews.cz\/wp-content\/uploads\/2022\/11\/Valeo-Milovice-testovaci-polygon-letecky-snimek-4-300x225.jpg\" alt=\"\" width=\"300\" height=\"225\" srcset=\"https:\/\/www.automakersnews.cz\/wp-content\/uploads\/2022\/11\/Valeo-Milovice-testovaci-polygon-letecky-snimek-4-300x225.jpg 300w, https:\/\/www.automakersnews.cz\/wp-content\/uploads\/2022\/11\/Valeo-Milovice-testovaci-polygon-letecky-snimek-4-326x245.jpg 326w, https:\/\/www.automakersnews.cz\/wp-content\/uploads\/2022\/11\/Valeo-Milovice-testovaci-polygon-letecky-snimek-4-80x60.jpg 80w, https:\/\/www.automakersnews.cz\/wp-content\/uploads\/2022\/11\/Valeo-Milovice-testovaci-polygon-letecky-snimek-4.jpg 591w\" sizes=\"auto, (max-width: 300px) 100vw, 300px\" \/><figcaption id=\"caption-attachment-3287\" class=\"wp-caption-text\">Testovac\u00ed polygon Milovice<\/figcaption><\/figure>\n<p>Ka\u017ed\u00fd t\u0159et\u00ed automobil na sv\u011bt\u011b je vybaven asisten\u010dn\u00ed technologi\u00ed Valeo. V automobilov\u00e9m pr\u016fmyslu je Valeo jedin\u00fdm v\u00fdrobcem laserov\u00e9ho skeneru LiDAR ve velk\u00fdch s\u00e9ri\u00edch.\u00a0 Je chr\u00e1n\u011bn v\u00edce jak 500 patenty a byl ji\u017e vyroben pro v\u00edce ne\u017e 170 000 vozidel. Lidary Valeo umo\u017en\u00ed z\u00edskat certifik\u00e1t pro automatizovanou j\u00edzdu 3. \u00farovn\u011b n\u011bkter\u00fdm model\u016fm Mercedes-Benz a Stellantis.<\/p>\n<figure id=\"attachment_3317\" aria-describedby=\"caption-attachment-3317\" style=\"width: 300px\" class=\"wp-caption alignnone\"><img loading=\"lazy\" decoding=\"async\" class=\"wp-image-3317 size-medium\" src=\"http:\/\/www.automakersnews.cz\/wp-content\/uploads\/2022\/11\/Valeo-SCALA-2-300x200.jpg\" alt=\"\" width=\"300\" height=\"200\" srcset=\"https:\/\/www.automakersnews.cz\/wp-content\/uploads\/2022\/11\/Valeo-SCALA-2-300x200.jpg 300w, https:\/\/www.automakersnews.cz\/wp-content\/uploads\/2022\/11\/Valeo-SCALA-2.jpg 627w\" sizes=\"auto, (max-width: 300px) 100vw, 300px\" \/><figcaption id=\"caption-attachment-3317\" class=\"wp-caption-text\">LiDAR SCALA je vyv\u00edjen ji\u017e ve t\u0159et\u00ed generaci<\/figcaption><\/figure>\n<p>&nbsp;<\/p>\n<figure id=\"attachment_3318\" aria-describedby=\"caption-attachment-3318\" style=\"width: 300px\" class=\"wp-caption alignnone\"><img loading=\"lazy\" decoding=\"async\" class=\"size-medium wp-image-3318\" src=\"http:\/\/www.automakersnews.cz\/wp-content\/uploads\/2022\/11\/Testovaci-bus-pro-LiDARY-300x200.jpg\" alt=\"\" width=\"300\" height=\"200\" srcset=\"https:\/\/www.automakersnews.cz\/wp-content\/uploads\/2022\/11\/Testovaci-bus-pro-LiDARY-300x200.jpg 300w, https:\/\/www.automakersnews.cz\/wp-content\/uploads\/2022\/11\/Testovaci-bus-pro-LiDARY.jpg 627w\" sizes=\"auto, (max-width: 300px) 100vw, 300px\" \/><figcaption id=\"caption-attachment-3318\" class=\"wp-caption-text\">Testovac\u00ed bus pro LiDARY<\/figcaption><\/figure>\n<p>&nbsp;<\/p>\n<figure id=\"attachment_3319\" aria-describedby=\"caption-attachment-3319\" style=\"width: 300px\" class=\"wp-caption alignnone\"><img loading=\"lazy\" decoding=\"async\" class=\"size-medium wp-image-3319\" src=\"http:\/\/www.automakersnews.cz\/wp-content\/uploads\/2022\/11\/Bus-je-vybaven-pro-praci-v-realnem-provozu-300x194.jpg\" alt=\"\" width=\"300\" height=\"194\" srcset=\"https:\/\/www.automakersnews.cz\/wp-content\/uploads\/2022\/11\/Bus-je-vybaven-pro-praci-v-realnem-provozu-300x194.jpg 300w, https:\/\/www.automakersnews.cz\/wp-content\/uploads\/2022\/11\/Bus-je-vybaven-pro-praci-v-realnem-provozu.jpg 636w\" sizes=\"auto, (max-width: 300px) 100vw, 300px\" \/><figcaption id=\"caption-attachment-3319\" class=\"wp-caption-text\">Bus je vybaven pro pr\u00e1ci v re\u00e1ln\u00e9m provozu<\/figcaption><\/figure>\n<p>&nbsp;<\/p>\n<figure id=\"attachment_3320\" aria-describedby=\"caption-attachment-3320\" style=\"width: 300px\" class=\"wp-caption alignnone\"><img loading=\"lazy\" decoding=\"async\" class=\"size-medium wp-image-3320\" src=\"http:\/\/www.automakersnews.cz\/wp-content\/uploads\/2022\/11\/Tatra-300x200.jpg\" alt=\"\" width=\"300\" height=\"200\" srcset=\"https:\/\/www.automakersnews.cz\/wp-content\/uploads\/2022\/11\/Tatra-300x200.jpg 300w, https:\/\/www.automakersnews.cz\/wp-content\/uploads\/2022\/11\/Tatra.jpg 627w\" sizes=\"auto, (max-width: 300px) 100vw, 300px\" \/><figcaption id=\"caption-attachment-3320\" class=\"wp-caption-text\">Tatra bude pou\u017e\u00edvat LiDAR pro detekci objekt\u016f v bl\u00edzkosti vozidla<\/figcaption><\/figure>\n<p>Pra\u017esk\u00e9 t\u00fdmy se pod\u00edleli na koncepci DMS (Driver Monitoring System &#8211; syst\u00e9m monitorov\u00e1n\u00ed \u0159idi\u010de). Syst\u00e9m p\u0159edv\u00edd\u00e1 rizika mikrosp\u00e1nku a nepozornosti \u0159idi\u010de a kdy\u017e je to nutn\u00e9 ode\u0161le alarm.<\/p>\n<figure id=\"attachment_3321\" aria-describedby=\"caption-attachment-3321\" style=\"width: 300px\" class=\"wp-caption alignnone\"><img loading=\"lazy\" decoding=\"async\" class=\"size-medium wp-image-3321\" src=\"http:\/\/www.automakersnews.cz\/wp-content\/uploads\/2022\/11\/DMS-vyuziva-pro-vyhodnoceni-kondice-ridice-umelou-inteligenci-300x197.jpg\" alt=\"\" width=\"300\" height=\"197\" srcset=\"https:\/\/www.automakersnews.cz\/wp-content\/uploads\/2022\/11\/DMS-vyuziva-pro-vyhodnoceni-kondice-ridice-umelou-inteligenci-300x197.jpg 300w, https:\/\/www.automakersnews.cz\/wp-content\/uploads\/2022\/11\/DMS-vyuziva-pro-vyhodnoceni-kondice-ridice-umelou-inteligenci.jpg 631w\" sizes=\"auto, (max-width: 300px) 100vw, 300px\" \/><figcaption id=\"caption-attachment-3321\" class=\"wp-caption-text\">DMS vyu\u017e\u00edv\u00e1 pro vyhodnocen\u00ed kondice \u0159idi\u010de strojov\u00e9 u\u010den\u00ed<\/figcaption><\/figure>\n<p>Valeo Park4U Home je d\u00edky strojov\u00e9mu u\u010den\u00ed schopn\u00e1 reprodukovat ur\u010dit\u00e9 parkovac\u00ed man\u00e9vry, kter\u00e9 se p\u0159ed t\u00edm nau\u010dila. V\u016fz um\u00ed zaparkovat autonomn\u00edm zp\u016fsobem i ve slo\u017eit\u00e9m prost\u0159ed\u00ed.<\/p>\n<figure id=\"attachment_3322\" aria-describedby=\"caption-attachment-3322\" style=\"width: 300px\" class=\"wp-caption alignnone\"><img loading=\"lazy\" decoding=\"async\" class=\"size-medium wp-image-3322\" src=\"http:\/\/www.automakersnews.cz\/wp-content\/uploads\/2022\/11\/Park-4U-300x195.jpg\" alt=\"\" width=\"300\" height=\"195\" srcset=\"https:\/\/www.automakersnews.cz\/wp-content\/uploads\/2022\/11\/Park-4U-300x195.jpg 300w, https:\/\/www.automakersnews.cz\/wp-content\/uploads\/2022\/11\/Park-4U.jpg 634w\" sizes=\"auto, (max-width: 300px) 100vw, 300px\" \/><figcaption id=\"caption-attachment-3322\" class=\"wp-caption-text\">Strojov\u00e9 u\u010den\u00ed autonomn\u00edho parkov\u00e1n\u00ed<\/figcaption><\/figure>\n<p>&nbsp;<\/p>\n<figure id=\"attachment_3351\" aria-describedby=\"caption-attachment-3351\" style=\"width: 300px\" class=\"wp-caption alignnone\"><img loading=\"lazy\" decoding=\"async\" class=\"size-medium wp-image-3351\" src=\"http:\/\/www.automakersnews.cz\/wp-content\/uploads\/2022\/11\/Dodavka-valeo-300x192.jpg\" alt=\"\" width=\"300\" height=\"192\" srcset=\"https:\/\/www.automakersnews.cz\/wp-content\/uploads\/2022\/11\/Dodavka-valeo-300x192.jpg 300w, https:\/\/www.automakersnews.cz\/wp-content\/uploads\/2022\/11\/Dodavka-valeo.jpg 639w\" sizes=\"auto, (max-width: 300px) 100vw, 300px\" \/><figcaption id=\"caption-attachment-3351\" class=\"wp-caption-text\">Detekce objekt\u016f v okol\u00ed vozidla pomoc\u00ed radar\u016f<\/figcaption><\/figure>\n<p>Valeo vyv\u00edj\u00ed inovativn\u00ed syst\u00e9my tepeln\u00e9 regulace bateri\u00ed a syst\u00e9my pro zaji\u0161t\u011bn\u00ed komfortu v kabin\u011b. V elektromobilu nap\u0159\u00edklad mus\u00ed b\u00fdt klimatizace v\u00fdrazn\u011b tich\u00e1. V\u00fdvojov\u00e9 centrum disponuje klimatickou a akustickou komorou pro testov\u00e1n\u00ed vyv\u00edjen\u00fdch syst\u00e9m\u016f.<\/p>\n<figure id=\"attachment_3352\" aria-describedby=\"caption-attachment-3352\" style=\"width: 300px\" class=\"wp-caption alignnone\"><img loading=\"lazy\" decoding=\"async\" class=\"size-medium wp-image-3352\" src=\"http:\/\/www.automakersnews.cz\/wp-content\/uploads\/2022\/11\/Tepelne-cerpadlo-300x200.jpg\" alt=\"\" width=\"300\" height=\"200\" srcset=\"https:\/\/www.automakersnews.cz\/wp-content\/uploads\/2022\/11\/Tepelne-cerpadlo-300x200.jpg 300w, https:\/\/www.automakersnews.cz\/wp-content\/uploads\/2022\/11\/Tepelne-cerpadlo.jpg 627w\" sizes=\"auto, (max-width: 300px) 100vw, 300px\" \/><figcaption id=\"caption-attachment-3352\" class=\"wp-caption-text\">Tepeln\u00e9 \u010derpadlo sni\u017euje spot\u0159ebu elektromobil\u016f a\u017e o 30 procent v zim\u011b<\/figcaption><\/figure>\n<p>&nbsp;<\/p>\n<figure id=\"attachment_3353\" aria-describedby=\"caption-attachment-3353\" style=\"width: 300px\" class=\"wp-caption alignnone\"><img loading=\"lazy\" decoding=\"async\" class=\"size-medium wp-image-3353\" src=\"http:\/\/www.automakersnews.cz\/wp-content\/uploads\/2022\/11\/Akusticka-komora-300x197.jpg\" alt=\"\" width=\"300\" height=\"197\" srcset=\"https:\/\/www.automakersnews.cz\/wp-content\/uploads\/2022\/11\/Akusticka-komora-300x197.jpg 300w, https:\/\/www.automakersnews.cz\/wp-content\/uploads\/2022\/11\/Akusticka-komora.jpg 632w\" sizes=\"auto, (max-width: 300px) 100vw, 300px\" \/><figcaption id=\"caption-attachment-3353\" class=\"wp-caption-text\">Akustick\u00e1 komora slou\u017e\u00ed k testov\u00e1n\u00ed hlu\u010dnosti klimatizac\u00ed<\/figcaption><\/figure>\n<p>Valeo se bude d\u00e1le soust\u0159edit na v\u00fdzkum a v\u00fdvoj v oblastech elektrifikace, asisten\u010dn\u00edch syst\u00e9m\u016f, zlep\u0161en\u00ed komfortu pro pos\u00e1dku a osv\u011btlen\u00ed. Do v\u00fdzkumu investuje v\u00edce ne\u017e 10 procent tr\u017eeb z komponent prodan\u00fdch automobilk\u00e1m.<\/p>\n<p>&nbsp;<\/p>\n<p>&nbsp;<\/p>\n<p>&nbsp;<\/p>\n<p>&nbsp;<\/p>\n<p>&nbsp;<\/p>\n<p>&nbsp;<\/p>\n<p>&nbsp;<\/p>\n","protected":false},"excerpt":{"rendered":"<div class=\"mh-excerpt\"><p>Praha je hlavn\u00edm centrem v\u00fdzkumu a v\u00fdvoje spole\u010dnosti Valeo pro ADAS (Advanced Driver Assistance Systems) a tepeln\u00e9 syst\u00e9my. Novin\u00e1\u0159sk\u00e1 exkurze m\u011bla za c\u00edl p\u0159edstavit dvacetiletou <a class=\"mh-excerpt-more\" href=\"https:\/\/www.automakersnews.cz\/index.php\/2022\/11\/14\/valeo-poradalo-novinarskou-exkurzi-do-rd-centra-v-praze\/\" title=\"Valeo uk\u00e1zalo novin\u00e1\u0159\u016fm R&amp;D centrum\">[&#8230;]<\/a><\/p>\n<\/div>","protected":false},"author":2,"featured_media":3288,"comment_status":"open","ping_status":"open","sticky":false,"template":"","format":"standard","meta":{"footnotes":""},"categories":[29],"tags":[],"class_list":["post-3286","post","type-post","status-publish","format-standard","has-post-thumbnail","hentry","category-tiskovky"],"_links":{"self":[{"href":"https:\/\/www.automakersnews.cz\/index.php\/wp-json\/wp\/v2\/posts\/3286","targetHints":{"allow":["GET"]}}],"collection":[{"href":"https:\/\/www.automakersnews.cz\/index.php\/wp-json\/wp\/v2\/posts"}],"about":[{"href":"https:\/\/www.automakersnews.cz\/index.php\/wp-json\/wp\/v2\/types\/post"}],"author":[{"embeddable":true,"href":"https:\/\/www.automakersnews.cz\/index.php\/wp-json\/wp\/v2\/users\/2"}],"replies":[{"embeddable":true,"href":"https:\/\/www.automakersnews.cz\/index.php\/wp-json\/wp\/v2\/comments?post=3286"}],"version-history":[{"count":0,"href":"https:\/\/www.automakersnews.cz\/index.php\/wp-json\/wp\/v2\/posts\/3286\/revisions"}],"wp:featuredmedia":[{"embeddable":true,"href":"https:\/\/www.automakersnews.cz\/index.php\/wp-json\/wp\/v2\/media\/3288"}],"wp:attachment":[{"href":"https:\/\/www.automakersnews.cz\/index.php\/wp-json\/wp\/v2\/media?parent=3286"}],"wp:term":[{"taxonomy":"category","embeddable":true,"href":"https:\/\/www.automakersnews.cz\/index.php\/wp-json\/wp\/v2\/categories?post=3286"},{"taxonomy":"post_tag","embeddable":true,"href":"https:\/\/www.automakersnews.cz\/index.php\/wp-json\/wp\/v2\/tags?post=3286"}],"curies":[{"name":"wp","href":"https:\/\/api.w.org\/{rel}","templated":true}]}}