{"id":331,"date":"2022-08-12T12:46:36","date_gmt":"2022-08-12T12:46:36","guid":{"rendered":"http:\/\/www.automakersnews.cz\/?p=331"},"modified":"2022-08-12T12:47:21","modified_gmt":"2022-08-12T12:47:21","slug":"hyundai-planuje-levne-elektromobily-pro-evropu","status":"publish","type":"post","link":"https:\/\/www.automakersnews.cz\/index.php\/2022\/08\/12\/hyundai-planuje-levne-elektromobily-pro-evropu\/","title":{"rendered":"Hyundai pl\u00e1nuje levn\u00e9 elektromobily pro Evropu"},"content":{"rendered":"<p><strong>Hyundai potvrdil, \u017ee chyst\u00e1 mal\u00fd elektromobil s cenou do p\u016fl milionu korun pro evropsk\u00fd trh. Britsk\u00fd web Autocar p\u0159inesl informaci, \u017ee takov\u00e9 vozy maj\u00ed b\u00fdt dva.<\/strong><!--more--><\/p>\n<p>P\u0159inejmen\u0161\u00edm jeden z nich m\u00e1 b\u00fdt n\u00e1stupcem konven\u010dn\u00edho m\u011bstsk\u00e9ho supermini i10. To by tak na prvn\u00ed pohled m\u011blo pon\u011bkud kr\u00e1tk\u00fd \u017eivotn\u00ed cyklus &#8211; sou\u010dasn\u00e1 generace p\u0159i\u0161la v roce 2019, ale p\u011bti- a\u017e \u0161estilet\u00e9 \u017eivotn\u00ed cykly jsou u i10 normou u\u017e od roku 2007, kdy se tento model v nab\u00eddce korejsk\u00e9 automobilky objevil.<\/p>\n<div class=\"g_c9\">\n<p class=\"d_da\">Druh\u00fd m\u00e1 b\u00fdt trochu robustn\u011bj\u0161\u00ed a m\u00e1 konkurovat Volkswagenu ID.1, jeho\u017e p\u0159edstaven\u00ed se b\u011bhem p\u00e1r nejbli\u017e\u0161\u00edch let tak\u00e9 o\u010dek\u00e1v\u00e1.<\/p>\n<\/div>\n<div class=\"g_c9\">\n<p class=\"d_da\">Nov\u00e9 hyundaie maj\u00ed vstoupit do s\u00e9riov\u00e9 v\u00fdroby v roce 2023 v p\u0159\u00edpad\u011b m\u011bstsk\u00e9ho vozu a koncem roku 2024 v p\u0159\u00edpad\u011b robustn\u011bj\u0161\u00ed varianty.<\/p>\n<div class=\"g_c9\">\n<p class=\"d_da\">V \u00fatrob\u00e1ch m\u00e1 pracovat elektromotor od firmy BorgWarner s v\u00fdkonem a\u017e 184 kon\u00ed, co\u017e na mal\u00e9 auto vypad\u00e1 jako po\u0159\u00e1dn\u00e1 porce. Mo\u017en\u00e1 se tedy do\u010dk\u00e1me i n\u011bjak\u00e9 p\u0159iost\u0159en\u00e9 varianty. Obecn\u011b m\u00e1 Hyundai sv\u00fdmi vozy konkurovat mal\u00fdm elektromobil\u016fm zna\u010dek Volkswagen, Cupra a \u0160koda.<\/p>\n<\/div>\n<div class=\"g_c9\">\n<p class=\"d_da\">Slib z\u00e1kladn\u00ed ceny do 20 tis\u00edc eur, tedy zhruba 487 tis\u00edc korun, st\u00e1le plat\u00ed. Podle Andrease-Christopha Hofmanna, marketingov\u00e9ho \u0161\u00e9fa evropsk\u00e9 divize Hyundai, je v\u0161ak obt\u00ed\u017en\u00e9 prod\u00e1vat mal\u00e9 elektromobily se ziskem.<\/p>\n<div class=\"g_c9\">\n<p class=\"d_da\">Jestli t\u00edm nazna\u010duje mimo\u0159\u00e1dn\u011b drah\u00e9 p\u0159\u00edplatky, na kter\u00fdch automobilky b\u011b\u017en\u011b m\u00edvaj\u00ed v\u011bt\u0161\u00ed mar\u017ei ne\u017e na aut\u011b jako takov\u00e9m, a zna\u010dn\u011b osekanou z\u00e1kladn\u00ed verzi, m\u016f\u017eeme jen spekulovat. Jak dnes vypad\u00e1 elektromobil za p\u016fl milionu, ov\u0161em jasn\u011b ukazuje Dacia Spring.<\/p>\n<\/div>\n<div class=\"g_c9\">\n<p class=\"d_da\">Elektrick\u00fdm hyundai\u016fm se v\u0161ak v Evrop\u011b docela da\u0159\u00ed. V druh\u00e9m \u010dtvrtlet\u00ed leto\u0161n\u00edho roku automobilce rostly zdej\u0161\u00ed prodeje o 8,2 %, elektromobily z toho tvo\u0159ily 16 %.<\/p>\n<\/div>\n<\/div>\n<\/div>\n","protected":false},"excerpt":{"rendered":"<div class=\"mh-excerpt\"><p>Hyundai potvrdil, \u017ee chyst\u00e1 mal\u00fd elektromobil s cenou do p\u016fl milionu korun pro evropsk\u00fd trh. Britsk\u00fd web Autocar p\u0159inesl informaci, \u017ee takov\u00e9 vozy maj\u00ed b\u00fdt <a class=\"mh-excerpt-more\" href=\"https:\/\/www.automakersnews.cz\/index.php\/2022\/08\/12\/hyundai-planuje-levne-elektromobily-pro-evropu\/\" title=\"Hyundai pl\u00e1nuje levn\u00e9 elektromobily pro Evropu\">[&#8230;]<\/a><\/p>\n<\/div>","protected":false},"author":1,"featured_media":332,"comment_status":"open","ping_status":"open","sticky":false,"template":"","format":"standard","meta":{"footnotes":""},"categories":[22],"tags":[],"class_list":["post-331","post","type-post","status-publish","format-standard","has-post-thumbnail","hentry","category-elektromobily"],"_links":{"self":[{"href":"https:\/\/www.automakersnews.cz\/index.php\/wp-json\/wp\/v2\/posts\/331","targetHints":{"allow":["GET"]}}],"collection":[{"href":"https:\/\/www.automakersnews.cz\/index.php\/wp-json\/wp\/v2\/posts"}],"about":[{"href":"https:\/\/www.automakersnews.cz\/index.php\/wp-json\/wp\/v2\/types\/post"}],"author":[{"embeddable":true,"href":"https:\/\/www.automakersnews.cz\/index.php\/wp-json\/wp\/v2\/users\/1"}],"replies":[{"embeddable":true,"href":"https:\/\/www.automakersnews.cz\/index.php\/wp-json\/wp\/v2\/comments?post=331"}],"version-history":[{"count":0,"href":"https:\/\/www.automakersnews.cz\/index.php\/wp-json\/wp\/v2\/posts\/331\/revisions"}],"wp:featuredmedia":[{"embeddable":true,"href":"https:\/\/www.automakersnews.cz\/index.php\/wp-json\/wp\/v2\/media\/332"}],"wp:attachment":[{"href":"https:\/\/www.automakersnews.cz\/index.php\/wp-json\/wp\/v2\/media?parent=331"}],"wp:term":[{"taxonomy":"category","embeddable":true,"href":"https:\/\/www.automakersnews.cz\/index.php\/wp-json\/wp\/v2\/categories?post=331"},{"taxonomy":"post_tag","embeddable":true,"href":"https:\/\/www.automakersnews.cz\/index.php\/wp-json\/wp\/v2\/tags?post=331"}],"curies":[{"name":"wp","href":"https:\/\/api.w.org\/{rel}","templated":true}]}}