{"id":33317,"date":"2023-03-28T07:17:39","date_gmt":"2023-03-28T07:17:39","guid":{"rendered":"https:\/\/www.automakersnews.cz\/?p=33317"},"modified":"2023-03-28T07:18:37","modified_gmt":"2023-03-28T07:18:37","slug":"prumerne-odskodneni-po-dopravni-nehode-se-vysplhalo-na-milion-korun","status":"publish","type":"post","link":"https:\/\/www.automakersnews.cz\/index.php\/2023\/03\/28\/prumerne-odskodneni-po-dopravni-nehode-se-vysplhalo-na-milion-korun\/","title":{"rendered":"Pr\u016fm\u011br od\u0161kodn\u011bn\u00ed po nehod\u011b: milion korun"},"content":{"rendered":"<p><strong>\u010c\u00e1stky vyplacen\u00e9 jako kompenzace n\u00e1sledk\u016f dopravn\u00ed nehody vytrvale rostou. Loni se pr\u016fm\u011brn\u00e9 od\u0161kodn\u011bn\u00ed vy\u0161plhalo na 998 tis\u00edc korun, co\u017e je o 71 tis\u00edc v\u00edce ne\u017e v roce 2021. Na z\u00e1klad\u011b statistik sv\u00fdch p\u0159\u00edpad\u016f to uvedla spole\u010dnost Vindicia, kter\u00e1 se na od\u0161kodn\u011bn\u00ed po nehod\u00e1ch specializuje.<\/strong><!--more--><\/p>\n<p>Pr\u016fm\u011brn\u00e1 kompenzace v roce 2022 se oproti p\u0159edlo\u0148sku zvedla o 7,7 procent. \u201eJedn\u00e1 se p\u0159itom o p\u0159\u00edpady, kter\u00e9 byly v lo\u0148sk\u00e9m roce \u00fapln\u011b uzav\u0159eny. Od\u0161kodn\u011bn\u00ed se toti\u017e skl\u00e1d\u00e1 hned z n\u011bkolika \u010d\u00e1st\u00ed. Zahrnuje nap\u0159\u00edklad bolestn\u00e9, o\u0161et\u0159ovn\u00e9, kompenzaci u\u0161l\u00e9 mzdy a zt\u00ed\u017een\u00ed spole\u010densk\u00e9ho uplatn\u011bn\u00ed.<\/p>\n<p>Pr\u00e1v\u011b posledn\u00ed polo\u017eka p\u0159edstavuje zpravidla nejvy\u0161\u0161\u00ed \u010d\u00e1stku a odr\u00e1\u017e\u00ed to, jak se n\u00e1sledky \u00farazu trvale odrazily na \u017eivot\u011b po\u0161kozen\u00e9ho. Kompenzace se ale ur\u010duje a\u017e rok po ust\u00e1len\u00ed stavu, tak\u017ee u lo\u0148sk\u00fdch nehod je\u0161t\u011b v\u011bt\u0161ina lid\u00ed na fin\u00e1ln\u00ed pen\u00edze \u010dek\u00e1,\u201c uv\u00e1d\u00ed Tom\u00e1\u0161 Beck, expert na od\u0161kodn\u011bn\u00ed spole\u010dnosti Vindicia.<\/p>\n<p>Jeden z p\u0159\u00edpad\u016f, kde ji\u017e byla kompenzace za zt\u00ed\u017een\u00ed spole\u010densk\u00e9ho uplatn\u011bn\u00ed za fyzick\u00fd \u00faraz vyplacena, byl p\u0159\u00edpad zran\u011bn\u00e9 \u017eeny. 1,8 milionu z\u00edskala mlad\u00e1 motork\u00e1\u0159ka, kter\u00e9 nedal p\u0159ednost \u0159idi\u010d osobn\u00edho auta. \u017dena se t\u011b\u017ece zranila, p\u0159i\u0161la o dva m\u011bs\u00edce vzpom\u00ednek, n\u011bkolik zub\u016f, \u010d\u00e1ste\u010dn\u011b o cit v ruk\u00e1ch. Tr\u00e1p\u00ed ji psychick\u00e9 pot\u00ed\u017ee, kdy se boj\u00ed sednout do auta, nato\u017e na motorku. A\u010dkoliv se vin\u00edk pokusil svalit odpov\u011bdnost na zran\u011bnou, posudek jeho zavin\u011bn\u00ed prok\u00e1zal. \u201eK dosud vymo\u017een\u00e9 \u010d\u00e1stce se sna\u017e\u00edme z\u00edskat je\u0161t\u011b posudek ohledn\u011b dopad\u016f na psychiku, o\u010dek\u00e1v\u00e1me, \u017ee bude vy\u010d\u00edslen na dal\u0161\u00ed milion korun,\u201c popisuje Beck.<\/p>\n<p>Za r\u016fstem od\u0161kodn\u011bn\u00ed stoj\u00ed dva z\u00e1kladn\u00ed faktory. Obecn\u011b se pomalu, ale p\u0159ece m\u011bn\u00ed p\u0159\u00edstup odborn\u00edk\u016f k hodnot\u011b lidsk\u00e9ho \u017eivota a zdrav\u00ed, tak\u017ee jsou n\u00e1sledky \u00faraz\u016f hodnoceny v\u00edce body. Z\u00e1rove\u0148 roste nacen\u011bn\u00ed jednoho takov\u00e9ho bodu, odr\u00e1\u017e\u00ed toti\u017e r\u016fst pr\u016fm\u011brn\u00e9 mzdy a jej\u00ed stav ke 3. \u010dtvrtlet\u00ed uplynul\u00e9ho roku. Letos tak jeden bod p\u0159edstavuje 398,58 korun.<\/p>\n<p><strong>Pov\u011bdom\u00ed o od\u0161kodn\u011bn\u00ed je st\u00e1le n\u00edzk\u00e9, po\u0161kozen\u00ed se nechaj\u00ed nap\u00e1lit<\/strong><\/p>\n<p>Podle Vindicia lid\u00e9 st\u00e1le netu\u0161\u00ed, jak po nehod\u011b postupovat, aby od\u0161kodn\u011bn\u00ed z\u00edskali. Pln\u011b se spol\u00e9haj\u00ed jen na poji\u0161\u0165ovny a \u010dasto tak z\u00edskaj\u00ed jen t\u0159etinu \u010d\u00e1stky, na kterou maj\u00ed n\u00e1rok. \u201eNav\u00edc zde panuje cel\u00e1 \u0159ada m\u00fdt\u016f. Setk\u00e1v\u00e1me se s t\u00edm, \u017ee spolujezdci neusiluj\u00ed o od\u0161kodn\u011bn\u00ed, proto\u017ee se ob\u00e1vaj\u00ed, \u017ee zruinuj\u00ed sv\u00e9ho p\u0159\u00edbuzn\u00e9ho, kter\u00fd \u0159\u00eddil. Kompenzaci p\u0159itom za b\u011b\u017en\u00fdch podm\u00ednek pokr\u00fdv\u00e1 pojistka, ono povinn\u00e9 \u0159e\u010den\u00ed, kter\u00e9 vlastn\u00edk auta pravideln\u011b plat\u00ed. Pouze pokud tuto povinnost ignoruje, od\u0161kodn\u011bn\u00ed uhrad\u00ed \u010cesk\u00e1 kancel\u00e1\u0159 pojistitel\u016f a n\u00e1sledn\u011b \u010d\u00e1stku vym\u00e1h\u00e1 po vin\u00edkovi,\u201c vysv\u011btluje Beck. To, \u017ee nic nedostane spolujezdec, kter\u00fd jede s opil\u00fdm \u0159idi\u010dem, je dal\u0161\u00ed z roz\u0161\u00ed\u0159en\u00fdch omyl\u016f.<\/p>\n<p>N\u011bkdy v\u0161ak na po\u0161kozen\u00e9 \u010dekaj\u00ed z\u00e1ke\u0159n\u00e9 pasti. P\u0159i autonehod\u011b zavin\u011bn\u00e9 mlad\u00fdm \u0159idi\u010dem se velmi v\u00e1\u017en\u011b zranil um\u011bleck\u00fd \u0159emesln\u00edk, kter\u00e9mu \u00faraz rukou znemo\u017enil pokra\u010dovat v pr\u00e1ci. M\u011bl by tedy n\u00e1rok na vysok\u00e9 od\u0161kodn\u011bn\u00ed v \u0159\u00e1dech stovek tis\u00edc, sp\u00ed\u0161e milion\u016f korun. Nav\u0161t\u00edvil ho v\u0161ak pr\u00e1vn\u00ed z\u00e1stupce vin\u00edka a tlumo\u010dil klientovi l\u00edtost klienta. Nab\u00eddl mu 10 tis\u00edc korun jako osobn\u00ed od\u0161kodn\u011bn\u00ed z kapsy vin\u00edka \u2013 ov\u0161em z\u00e1rove\u0148 nechal \u0159emesln\u00edka podepsat potvrzen\u00ed. Mu\u017e a\u017e pozd\u011b zjistil, \u017ee sv\u00fdm podpisem potvrdil, \u017ee je cel\u00e1 z\u00e1le\u017eitost vy\u0159e\u0161ena dohodou, tak\u017ee se v\u0161ech sv\u00fdch n\u00e1rok\u016f vzdal. \u201eV takov\u00e9m p\u0159\u00edpad\u011b u\u017e bohu\u017eel nejde nic d\u011blat, pro dal\u0161\u00ed mo\u017enosti od\u0161kodn\u011bn\u00ed tu nen\u00ed prostor. Zran\u011bn\u00fd \u0159emesln\u00edk byl p\u0159itom na za\u010d\u00e1tku dojat\u00fd, \u017ee za nehodu \u0159idi\u010d p\u0159ebral odpov\u011bdnost a lidsky se omluvit. V podobn\u00fdch p\u0159\u00edpadech nikdy nic nepodepisujte, v\u017edy si rad\u011bji po\u010dkejte na radu experta,\u201c varuje Beck.<\/p>\n<p><img loading=\"lazy\" decoding=\"async\" class=\"alignnone size-large wp-image-33355\" src=\"http:\/\/www.automakersnews.cz\/wp-content\/uploads\/2023\/03\/nehoda-small-1024x576.jpg\" alt=\"\" width=\"1024\" height=\"576\" srcset=\"https:\/\/www.automakersnews.cz\/wp-content\/uploads\/2023\/03\/nehoda-small-1024x576.jpg 1024w, https:\/\/www.automakersnews.cz\/wp-content\/uploads\/2023\/03\/nehoda-small-300x169.jpg 300w, https:\/\/www.automakersnews.cz\/wp-content\/uploads\/2023\/03\/nehoda-small-768x432.jpg 768w, https:\/\/www.automakersnews.cz\/wp-content\/uploads\/2023\/03\/nehoda-small-678x381.jpg 678w, https:\/\/www.automakersnews.cz\/wp-content\/uploads\/2023\/03\/nehoda-small.jpg 1400w\" sizes=\"auto, (max-width: 1024px) 100vw, 1024px\" \/><\/p>\n","protected":false},"excerpt":{"rendered":"<div class=\"mh-excerpt\"><p>\u010c\u00e1stky vyplacen\u00e9 jako kompenzace n\u00e1sledk\u016f dopravn\u00ed nehody vytrvale rostou. Loni se pr\u016fm\u011brn\u00e9 od\u0161kodn\u011bn\u00ed vy\u0161plhalo na 998 tis\u00edc korun, co\u017e je o 71 tis\u00edc v\u00edce ne\u017e <a class=\"mh-excerpt-more\" href=\"https:\/\/www.automakersnews.cz\/index.php\/2023\/03\/28\/prumerne-odskodneni-po-dopravni-nehode-se-vysplhalo-na-milion-korun\/\" title=\"Pr\u016fm\u011br od\u0161kodn\u011bn\u00ed po nehod\u011b: milion korun\">[&#8230;]<\/a><\/p>\n<\/div>","protected":false},"author":4,"featured_media":9604,"comment_status":"open","ping_status":"open","sticky":false,"template":"","format":"standard","meta":{"footnotes":""},"categories":[8],"tags":[],"class_list":["post-33317","post","type-post","status-publish","format-standard","has-post-thumbnail","hentry","category-statistika"],"_links":{"self":[{"href":"https:\/\/www.automakersnews.cz\/index.php\/wp-json\/wp\/v2\/posts\/33317","targetHints":{"allow":["GET"]}}],"collection":[{"href":"https:\/\/www.automakersnews.cz\/index.php\/wp-json\/wp\/v2\/posts"}],"about":[{"href":"https:\/\/www.automakersnews.cz\/index.php\/wp-json\/wp\/v2\/types\/post"}],"author":[{"embeddable":true,"href":"https:\/\/www.automakersnews.cz\/index.php\/wp-json\/wp\/v2\/users\/4"}],"replies":[{"embeddable":true,"href":"https:\/\/www.automakersnews.cz\/index.php\/wp-json\/wp\/v2\/comments?post=33317"}],"version-history":[{"count":0,"href":"https:\/\/www.automakersnews.cz\/index.php\/wp-json\/wp\/v2\/posts\/33317\/revisions"}],"wp:featuredmedia":[{"embeddable":true,"href":"https:\/\/www.automakersnews.cz\/index.php\/wp-json\/wp\/v2\/media\/9604"}],"wp:attachment":[{"href":"https:\/\/www.automakersnews.cz\/index.php\/wp-json\/wp\/v2\/media?parent=33317"}],"wp:term":[{"taxonomy":"category","embeddable":true,"href":"https:\/\/www.automakersnews.cz\/index.php\/wp-json\/wp\/v2\/categories?post=33317"},{"taxonomy":"post_tag","embeddable":true,"href":"https:\/\/www.automakersnews.cz\/index.php\/wp-json\/wp\/v2\/tags?post=33317"}],"curies":[{"name":"wp","href":"https:\/\/api.w.org\/{rel}","templated":true}]}}