{"id":33357,"date":"2023-03-29T06:05:28","date_gmt":"2023-03-29T06:05:28","guid":{"rendered":"https:\/\/www.automakersnews.cz\/?p=33357"},"modified":"2023-03-29T06:05:28","modified_gmt":"2023-03-29T06:05:28","slug":"cebia-drahota-snizila-zajem-o-ojetiny","status":"publish","type":"post","link":"https:\/\/www.automakersnews.cz\/index.php\/2023\/03\/29\/cebia-drahota-snizila-zajem-o-ojetiny\/","title":{"rendered":"Cebia: Drahota sn\u00ed\u017eila z\u00e1jem o ojetiny"},"content":{"rendered":"<p><strong>Inflace a v\u0161eobecn\u00e9 zdra\u017eov\u00e1n\u00ed ovlivnily z\u00e1jem o ojet\u00e1 vozidla. Prodeje se meziro\u010dn\u011b propadly o 10 procent a dovoz ojetin ze zahrani\u010d\u00ed byl loni nejni\u017e\u0161\u00ed od roku 2014. Dokl\u00e1daj\u00ed to data spole\u010dnosti Cebia, kter\u00e1 ov\u011b\u0159uje historii vozidel na \u010desk\u00e9m trhu.\u00a0<\/strong><!--more--><\/p>\n<p>Pr\u016fm\u011brn\u00e9 st\u00e1\u0159\u00ed vozidel s \u010desk\u00fdm p\u016fvodem narostlo o 3,5 m\u011bs\u00edce, tedy na 8 let. Firmy si nech\u00e1vaj\u00ed vozidla d\u00e9le v dr\u017een\u00ed a ty nov\u00e9 z \u010ceska na tuzemsk\u00e9m trhu chyb\u00ed. \u010c\u00e1st z nich tak\u00e9 putuje do zahrani\u010d\u00ed. Tento v\u00fdpadek kompenzuj\u00ed ojetiny dov\u00e1\u017een\u00e9 ze zahrani\u010d\u00ed. Jejich st\u00e1\u0159\u00ed se meziro\u010dn\u011b op\u011bt zv\u00fd\u0161ilo, na 10,8 roku, a v\u00fdrazn\u011b vzrostl pod\u00edl vozidel star\u0161\u00edch 15 let, kter\u00e9 se na skladb\u011b dov\u00e1\u017een\u00fdch aut pod\u00edlely 24 procenty. \u0158idi\u010di proto hledaj\u00ed alternativn\u00ed cesty k z\u00e1novn\u00edm ojetin\u00e1m, nap\u0159\u00edklad p\u0159es operativn\u00ed leasing, jak ukazuj\u00ed data leasingov\u00e9 spole\u010dnosti Arval.<\/p>\n<p><strong>Ojetiny ze zahrani\u010d\u00ed: je jich m\u00e9n\u011b, zato jsou dra\u017e\u0161\u00ed<\/strong><\/p>\n<p>V lo\u0148sk\u00e9m roce do\u0161lo podle dat spole\u010dnosti Cebia k poklesu z\u00e1jmu o ojet\u00e1 vozidla. Kv\u016fli tomu se jejich prodeje meziro\u010dn\u011b propadly o 10 procent, ze 738 tis\u00edc p\u0159edloni na lo\u0148sk\u00fdch 661 tis\u00edc vozidel. Pokles z\u00e1jmu o ojetiny znamen\u00e1 podle mluv\u010d\u00ed spole\u010dnosti Barbory Minksov\u00e9 tak\u00e9 ni\u017e\u0161\u00ed po\u010det vozidel z dovozu. Celkov\u011b se do \u010ceska dovezlo 161 186 ojet\u00fdch vozidel ze zahrani\u010d\u00ed, co\u017e je o 13 procent m\u00e9n\u011b ne\u017e v roce 2021. Vliv na sn\u00ed\u017een\u00ed popt\u00e1vky po star\u0161\u00edch ojetin\u00e1ch p\u0159isuzuj\u00ed experti vy\u0161\u0161\u00edm v\u00fddaj\u016fm dom\u00e1cnost\u00ed kv\u016fli vysok\u00e9 inflaci. Ta v lednu vystoupala na 17,5 procenta.<\/p>\n<p>\u201e\u010ce\u0161t\u00ed \u0159idi\u010di kv\u016fli rostouc\u00edm cen\u00e1m ojet\u00fdch vozidel \u010dast\u011bji sahaj\u00ed ke star\u0161\u00edm model\u016fm, kter\u00e9 jsou pro n\u011b atraktivn\u00ed i po zdra\u017een\u00ed. To se projevuje p\u0159edev\u0161\u00edm u automobil\u016f od 10 do 15 let st\u00e1\u0159\u00ed, kter\u00e9 zdra\u017eily o 14,6 procenta. Tato vozidla se prod\u00e1vaj\u00ed za cenu od 115 tis\u00edc do 215 tis\u00edc korun, zdra\u017een\u00ed ale nen\u00ed pro z\u00e1jemce tak patrn\u00e9, proto\u017ee na takov\u00e1 auta dos\u00e1hnou l\u00e9pe ne\u017e ta za p\u016fl milionu,\u201c uv\u00e1d\u00ed.<\/p>\n<p><strong>Firmy kv\u016fli inflaci a rostouc\u00edm cen\u00e1m m\u011bn\u00ed vozidla m\u00e9n\u011b \u010dasto, z\u00e1novn\u00ed ojetiny na trhu chyb\u00ed<\/strong><\/p>\n<p>Na trhu chyb\u00ed kv\u016fli \u00faspor\u00e1m ve firm\u00e1ch z\u00e1novn\u00ed ojet\u00e1 auta. Podle Barbory Minksov\u00e9 se v lo\u0148sk\u00e9m roce prodlou\u017eila doba dr\u017een\u00ed vozidel v tuzemsk\u00fdch firm\u00e1ch. To potvrzuj\u00ed tak\u00e9 \u00fadaje leasingov\u00e9 spole\u010dnosti Arval. \u201ePr\u016fm\u011brn\u011b nyn\u00ed firm\u00e1m prodlu\u017eujeme smlouvy na operativn\u00ed leasing vozidel o jeden rok. V dob\u011b covidu jezdila auta ve fleetech cca o 20 procent m\u00e9n\u011b ne\u017e v p\u0159edch\u00e1zej\u00edc\u00edch letech, tak\u017ee m\u00e1me pro prodlou\u017een\u00ed smluv dostate\u010dnou rezervu. Z dlouhodob\u00e9ho hlediska to nicm\u00e9n\u011b znamen\u00e1 sn\u00ed\u017een\u00ed po\u010dtu z\u00e1novn\u00edch ojet\u00fdch vozidel s ni\u017e\u0161\u00edm n\u00e1jezdem a st\u00e1\u0159\u00edm. I z tohoto d\u016fvodu jsme se rozhodli v lo\u0148sk\u00e9m roce spustit operativn\u00ed leasing i na ojet\u00e1 vozidla, abychom je dostali k vy\u0161\u0161\u00edmu po\u010dtu z\u00e1kazn\u00edk\u016f. Tento produkt se stal atraktivn\u00edm i pro klienty, kte\u0159\u00ed doposud o operativn\u00edm leasingu pouze uva\u017eovali. V nab\u00eddce slu\u017eby pokra\u010dujeme tak\u00e9 letos,\u201c vysv\u011btluje gener\u00e1ln\u00ed \u0159editel Arval CZ Ale\u0161 Pol\u00e1k.<\/p>\n<p><strong>Sto\u010den\u00e9 kilometry znamenaj\u00ed pro \u0159idi\u010de o p\u011btinu vy\u0161\u0161\u00ed v\u00fddaje na servis<\/strong><\/p>\n<p>Data Cebia ukazuj\u00ed na zv\u00fd\u0161en\u00fd po\u010det vozidel se sto\u010den\u00fdmi kilometry. Pr\u016fm\u011brn\u00fd n\u00e1jezd ojet\u00fdch aut se loni sn\u00ed\u017eil o 8000 km na 148 000 km, co\u017e je nejv\u00edce za posledn\u00ed roky. Fakt, \u017ee se st\u00e1\u0159\u00ed prod\u00e1van\u00fdch ojet\u00fdch vozidel nem\u011bn\u00ed, ukazuje podle Minksov\u00e9 na vy\u0161\u0161\u00ed m\u00edru st\u00e1\u010den\u00ed kilometr\u016f. \u201ePr\u016fm\u011brn\u00e9 sto\u010den\u00ed kilometr\u016f navy\u0161uje cenu ojet\u00e9ho auta a\u017e o 20 procent. Podobn\u00e9 je nav\u00fd\u0161en\u00ed n\u00e1klad\u016f spojen\u00fdch s neo\u010dek\u00e1vanou \u00fadr\u017ebou a opravami vozidla, kter\u00e9 souvisej\u00ed s vy\u0161\u0161\u00edm kilometrov\u00fdm n\u00e1jezdem,\u201c uv\u00e1d\u00ed.<\/p>\n<p>\u201eZ\u00e1jemci o ojet\u00e9 automobily jsou v\u00fdrazn\u011b orientov\u00e1ni na cenu. \u010casto si neuv\u011bdomuj\u00ed, \u017ee provoz ojet\u00e9ho vozidla s sebou m\u016f\u017ee n\u00e9st dodate\u010dn\u00e9 n\u00e1klady, zvl\u00e1\u0161\u0165 pokud prodejce nejednal poctiv\u011b. V\u016fz, kter\u00fd m\u00e1 re\u00e1ln\u00fd n\u00e1jezd vy\u0161\u0161\u00ed, ne\u017e je uvedeno, bude mnohem n\u00e1chyln\u011bj\u0161\u00ed k opot\u0159eben\u00ed a m\u016f\u017ee pro \u0159idi\u010de p\u0159edstavovat i bezpe\u010dnostn\u00ed riziko. Z\u00e1kazn\u00edk\u016fm proto doporu\u010dujeme vyb\u00edrat vozidla od ov\u011b\u0159en\u00fdch prodejc\u016f, s dolo\u017eitelnou kompletn\u00ed servisn\u00ed histori\u00ed a garantovan\u00fdm p\u016fvodem. Ojet\u00fd v\u016fz mohou lid\u00e9 nov\u011b po\u0159\u00eddit tak\u00e9 na operativn\u00ed leasing za n\u00edzkou spl\u00e1tku. Aktu\u00e1ln\u011b za\u010d\u00edn\u00e1 na\u0161e nab\u00eddka na 4 780 K\u010d s DPH. M\u00e1me k dispozici des\u00edtky vozidel s pr\u016fm\u011brn\u00fdm st\u00e1\u0159\u00edm 4 roky a n\u00e1jezdem kolem 60 tis\u00edc kilometr\u016f. V cen\u011b spl\u00e1tky jsou v\u0161echny slu\u017eby full service leasingu v\u010detn\u011b dvou sad pneumatik, d\u00e1lni\u010dn\u00ed zn\u00e1mky, poji\u0161t\u011bn\u00ed, povinn\u00e9ho ru\u010den\u00ed a dal\u0161\u00edch slu\u017eeb. Hlavn\u00ed v\u00fdhodou je pokryt\u00ed nenad\u00e1l\u00e9 servisn\u00ed ud\u00e1losti, kter\u00e1 by jinak byla z\u00e1sahem do rozpo\u010dtu dom\u00e1cnosti,\u201c uzav\u00edr\u00e1 Ale\u0161 Pol\u00e1k z Arvalu.<\/p>\n<p><img loading=\"lazy\" decoding=\"async\" class=\"alignnone wp-image-33359\" src=\"http:\/\/www.automakersnews.cz\/wp-content\/uploads\/2023\/03\/Firemni-flotila-small-1-300x200.jpg\" alt=\"\" width=\"836\" height=\"557\" srcset=\"https:\/\/www.automakersnews.cz\/wp-content\/uploads\/2023\/03\/Firemni-flotila-small-1-300x200.jpg 300w, https:\/\/www.automakersnews.cz\/wp-content\/uploads\/2023\/03\/Firemni-flotila-small-1-1024x683.jpg 1024w, https:\/\/www.automakersnews.cz\/wp-content\/uploads\/2023\/03\/Firemni-flotila-small-1-768x512.jpg 768w, https:\/\/www.automakersnews.cz\/wp-content\/uploads\/2023\/03\/Firemni-flotila-small-1-1536x1024.jpg 1536w, https:\/\/www.automakersnews.cz\/wp-content\/uploads\/2023\/03\/Firemni-flotila-small-1-2048x1366.jpg 2048w\" sizes=\"auto, (max-width: 836px) 100vw, 836px\" \/><\/p>\n","protected":false},"excerpt":{"rendered":"<div class=\"mh-excerpt\"><p>Inflace a v\u0161eobecn\u00e9 zdra\u017eov\u00e1n\u00ed ovlivnily z\u00e1jem o ojet\u00e1 vozidla. Prodeje se meziro\u010dn\u011b propadly o 10 procent a dovoz ojetin ze zahrani\u010d\u00ed byl loni nejni\u017e\u0161\u00ed od <a class=\"mh-excerpt-more\" href=\"https:\/\/www.automakersnews.cz\/index.php\/2023\/03\/29\/cebia-drahota-snizila-zajem-o-ojetiny\/\" title=\"Cebia: Drahota sn\u00ed\u017eila z\u00e1jem o ojetiny\">[&#8230;]<\/a><\/p>\n<\/div>","protected":false},"author":4,"featured_media":33358,"comment_status":"open","ping_status":"open","sticky":false,"template":"","format":"standard","meta":{"footnotes":""},"categories":[8],"tags":[],"class_list":["post-33357","post","type-post","status-publish","format-standard","has-post-thumbnail","hentry","category-statistika"],"_links":{"self":[{"href":"https:\/\/www.automakersnews.cz\/index.php\/wp-json\/wp\/v2\/posts\/33357","targetHints":{"allow":["GET"]}}],"collection":[{"href":"https:\/\/www.automakersnews.cz\/index.php\/wp-json\/wp\/v2\/posts"}],"about":[{"href":"https:\/\/www.automakersnews.cz\/index.php\/wp-json\/wp\/v2\/types\/post"}],"author":[{"embeddable":true,"href":"https:\/\/www.automakersnews.cz\/index.php\/wp-json\/wp\/v2\/users\/4"}],"replies":[{"embeddable":true,"href":"https:\/\/www.automakersnews.cz\/index.php\/wp-json\/wp\/v2\/comments?post=33357"}],"version-history":[{"count":0,"href":"https:\/\/www.automakersnews.cz\/index.php\/wp-json\/wp\/v2\/posts\/33357\/revisions"}],"wp:featuredmedia":[{"embeddable":true,"href":"https:\/\/www.automakersnews.cz\/index.php\/wp-json\/wp\/v2\/media\/33358"}],"wp:attachment":[{"href":"https:\/\/www.automakersnews.cz\/index.php\/wp-json\/wp\/v2\/media?parent=33357"}],"wp:term":[{"taxonomy":"category","embeddable":true,"href":"https:\/\/www.automakersnews.cz\/index.php\/wp-json\/wp\/v2\/categories?post=33357"},{"taxonomy":"post_tag","embeddable":true,"href":"https:\/\/www.automakersnews.cz\/index.php\/wp-json\/wp\/v2\/tags?post=33357"}],"curies":[{"name":"wp","href":"https:\/\/api.w.org\/{rel}","templated":true}]}}