{"id":33456,"date":"2023-03-25T20:40:16","date_gmt":"2023-03-25T20:40:16","guid":{"rendered":"https:\/\/www.automakersnews.cz\/?p=33456"},"modified":"2023-03-27T10:57:07","modified_gmt":"2023-03-27T10:57:07","slug":"brano-zkracuje-pracovni-tyden-chybi-dily","status":"publish","type":"post","link":"https:\/\/www.automakersnews.cz\/index.php\/2023\/03\/25\/brano-zkracuje-pracovni-tyden-chybi-dily\/","title":{"rendered":"BRANO zkracuje pracovn\u00ed t\u00fdden, chyb\u00ed d\u00edly"},"content":{"rendered":"<p class=\"c_dp\"><strong>Majitel Brano Group Pavel Ju\u0159\u00ed\u010dek zkr\u00e1t\u00ed sv\u00fdm zam\u011bstnanc\u016fm pracovn\u00ed t\u00fdden na \u010dty\u0159i dny, p\u00ed\u0161e den\u00edk E 15. Firma tak reaguje na ni\u017e\u0161\u00ed mno\u017estv\u00ed objednan\u00fdch sou\u010d\u00e1stek, kter\u00e9 je d\u016fsledkem pot\u00ed\u017e\u00ed z\u00e1padn\u00edch automobilek v \u010c\u00edn\u011b.<\/strong><!--more--><\/p>\n<p class=\"c_dp\"><span class=\"c_dH\">Nov\u00e9 opat\u0159en\u00ed se \u010dty\u0159denn\u00edm pracovn\u00edm cyklem bude v Branu platit od posledn\u00edho b\u0159eznov\u00e9ho t\u00fddne a\u017e do konce dubna. Dotkne se stovek zam\u011bstnanc\u016f, kte\u0159\u00ed jeden den v t\u00fddnu z\u016fstanou doma kv\u016fli p\u0159ek\u00e1\u017ece na stran\u011b zam\u011bstnavatele. Informoval o tom dnes <a class=\"c_am\" href=\"https:\/\/www.e15.cz\/byznys\/prumysl-a-energetika\/brano-doplaci-na-krizi-zapadnich-automobilek-v-cine-prechazi-na-ctyrdenni-pracovni-rezim-1397286\" target=\"_blank\" rel=\"noopener\">server E15<\/a>. <\/span><\/p>\n<div class=\"g_fr\">\n<div class=\"ogm-main-media__container\" data-dot=\"ogm-main-media\" data-e2e=\"ogm-main-media\"><\/div>\n<\/div>\n<div class=\"ogm-container _6231b388c0086990921bf42b\">\n<div class=\"g_fx\" data-e2e=\"ogm-article-layout\">\n<article class=\"g_fz\" role=\"article\" aria-labelledby=\"accessibility-article\">\n<div class=\"g_fy\" data-dot=\"ogm-article-content\">\n<div class=\"e_dj e_dv\">\n<div class=\"e_dp\" data-dot=\"mol-paragraph\">\n<p class=\"c_dp\"><span class=\"c_dH\">Zna\u010dky, jako jsou Volkswagen, Audi, Volvo nebo General Motors, \u010del\u00ed podle serveru nedostate\u010dn\u00e9mu odbytu na \u010d\u00ednsk\u00e9m trhu, tak\u017ee sni\u017euj\u00ed mno\u017estv\u00ed objedn\u00e1van\u00fdch sou\u010d\u00e1stek.<\/span><\/p>\n<\/div>\n<div class=\"e_dp\" data-dot=\"mol-paragraph\">\n<p class=\"c_dp\"><span class=\"c_dH\">\u201eMoment\u00e1ln\u011b se omezen\u00ed t\u00fdk\u00e1 nejv\u011bt\u0161\u00ed v\u00fdrobn\u00ed divize SBU DS produkuj\u00edc\u00ed dve\u0159n\u00ed syst\u00e9my. Po\u010d\u00edt\u00e1me s\u00a0omezen\u00edm po cel\u00fd duben. Pevn\u011b v\u011b\u0159\u00edme, \u017ee jde pouze o\u00a0kr\u00e1tkodob\u00fd, by\u0165 v\u00a0tomto obdob\u00ed nezvykl\u00fd v\u00fdkyv,\u201c \u0159ekl v\u00a0rozhovoru pro den\u00edk E15\u00a0syn zakladatele firmy Pavla Ju\u0159\u00ed\u010dka V\u00e1clav Ju\u0159\u00ed\u010dek, kter\u00fd p\u0159eb\u00edr\u00e1 veden\u00ed tradi\u010dn\u00edho podniku s\u00a0miliardov\u00fdmi obraty. Dodal, \u017ee loni v\u00a0dubnu vygenerovala dot\u010den\u00e1 divize 300\u00a0milion\u016f korun tr\u017eeb, v\u00a0dubnu m\u00e1 b\u00fdt obrat o\u00a0\u010dty\u0159icet procent ni\u017e\u0161\u00ed.<\/span><\/p>\n<\/div>\n<\/div>\n<\/div>\n<\/article>\n<\/div>\n<\/div>\n<div class=\"e_dp\" data-dot=\"mol-paragraph\">\n<p class=\"c_dp\"><span class=\"c_dH\">Ochlazov\u00e1n\u00ed trhu je p\u0159itom evidentn\u00ed nejen v automobilov\u00e9m pr\u016fmyslu. \u201eVid\u00edme podobn\u00fd v\u00fdvoj i ve sl\u00e9v\u00e1rn\u011b, kter\u00e1 je zam\u011b\u0159ena v\u00edce na stavebn\u00ed pr\u016fmysl a stroj\u00edrenstv\u00ed. Bedliv\u011b sledujeme a vyhodnocujeme pl\u00e1n v\u00fdroby na n\u00e1sleduj\u00edc\u00ed t\u00fddny,\u201c dodal Ju\u0159\u00ed\u010dek. <\/span><\/p>\n<\/div>\n<div class=\"e_dp\" data-dot=\"mol-paragraph\">\n<p class=\"c_dp\"><span class=\"c_dH\">Rozhodnut\u00ed o\u00a0omezen\u00ed pracovn\u00edho re\u017eimu v\u00a0t\u00e9to divizi zat\u00edm nepadlo. Ji\u017e d\u0159\u00edve Brano sn\u00ed\u017eilo mno\u017estv\u00ed agenturn\u00edch zam\u011bstnanc\u016f ze stovek na des\u00edtky. Ukon\u010dilo tak\u00e9 \u010dinnost v\u00a0Rakovn\u00edku a\u00a0jedn\u00e1 o\u00a0prodeji are\u00e1lu.<\/span><\/p>\n<\/div>\n<h2 class=\"c_aE c_aG e_aE\">Turbulence na trz\u00edch<\/h2>\n<div class=\"e_dp\" data-dot=\"mol-paragraph\">\n<p class=\"c_dp\"><span class=\"c_dH\">Brano je p\u0159edn\u00edm \u010desk\u00fdm v\u00fdrobcem automobilov\u00fdch d\u00edl\u016f. Vyr\u00e1b\u00ed nap\u0159\u00edklad dve\u0159n\u00ed z\u00e1mky, uz\u00e1v\u011bry motorov\u00e9 kapoty, tlumi\u010de, \u010d\u00e1sti brzd \u010di ped\u00e1lov\u00e9 syst\u00e9my. Firma pat\u0159\u00ed do Ju\u0159\u00ed\u010dkovy Brano Group.<\/span><\/p>\n<\/div>\n<div class=\"e_dp\" data-dot=\"mol-paragraph\">\n<p class=\"c_dp\"><span class=\"c_dH\">Turbulence na trz\u00edch a\u00a0hlavn\u011b v\u00a0automobilov\u00e9m pr\u016fmyslu se prom\u00edtly i\u00a0do lo\u0148sk\u00e9ho hospoda\u0159en\u00ed firmy. Hlavn\u00ed entita Brano, a. s., utr\u017eila podle p\u0159edb\u011b\u017en\u00fdch v\u00fdsledk\u016f 4,7\u00a0miliardy. <\/span><\/p>\n<\/div>\n<div class=\"e_dp\" data-dot=\"mol-paragraph\">\n<p class=\"c_dp\"><span class=\"c_dH\">\u201eKonzervativn\u00ed odhad p\u0159itom po\u010d\u00edtal, \u017ee budeme sm\u011b\u0159ovat op\u011bt k\u00a0\u0161esti miliard\u00e1m z\u00a0p\u0159edcovidov\u00e9ho roku 2019,\u201c dodal Ju\u0159\u00ed\u010dek. Hrub\u00fd zisk by m\u011bl p\u0159evy\u0161ovat \u010dtvrt miliardy. Cel\u00e1 skupina Brano, kam pat\u0159\u00ed dce\u0159in\u00e9 firmy v\u00a0\u010cesku a\u00a0byznys v\u00a0\u010c\u00edn\u011b \u010di v\u00a0Rusku, m\u011bla za lo\u0148sk\u00fd rok utr\u017eit \u0161est miliard a\u00a0dos\u00e1hnout hrub\u00e9ho zisku EBITDA 580\u00a0milion\u016f korun.<\/span><\/p>\n<p><strong>Zdroj: novinky.cz, E 15<\/strong><\/p>\n<\/div>\n","protected":false},"excerpt":{"rendered":"<div class=\"mh-excerpt\"><p>Majitel Brano Group Pavel Ju\u0159\u00ed\u010dek zkr\u00e1t\u00ed sv\u00fdm zam\u011bstnanc\u016fm pracovn\u00ed t\u00fdden na \u010dty\u0159i dny, p\u00ed\u0161e den\u00edk E 15. Firma tak reaguje na ni\u017e\u0161\u00ed mno\u017estv\u00ed objednan\u00fdch sou\u010d\u00e1stek, <a class=\"mh-excerpt-more\" href=\"https:\/\/www.automakersnews.cz\/index.php\/2023\/03\/25\/brano-zkracuje-pracovni-tyden-chybi-dily\/\" title=\"BRANO zkracuje pracovn\u00ed t\u00fdden, chyb\u00ed d\u00edly\">[&#8230;]<\/a><\/p>\n<\/div>","protected":false},"author":1,"featured_media":33485,"comment_status":"open","ping_status":"open","sticky":false,"template":"","format":"standard","meta":{"footnotes":""},"categories":[26],"tags":[],"class_list":["post-33456","post","type-post","status-publish","format-standard","has-post-thumbnail","hentry","category-logistika"],"_links":{"self":[{"href":"https:\/\/www.automakersnews.cz\/index.php\/wp-json\/wp\/v2\/posts\/33456","targetHints":{"allow":["GET"]}}],"collection":[{"href":"https:\/\/www.automakersnews.cz\/index.php\/wp-json\/wp\/v2\/posts"}],"about":[{"href":"https:\/\/www.automakersnews.cz\/index.php\/wp-json\/wp\/v2\/types\/post"}],"author":[{"embeddable":true,"href":"https:\/\/www.automakersnews.cz\/index.php\/wp-json\/wp\/v2\/users\/1"}],"replies":[{"embeddable":true,"href":"https:\/\/www.automakersnews.cz\/index.php\/wp-json\/wp\/v2\/comments?post=33456"}],"version-history":[{"count":0,"href":"https:\/\/www.automakersnews.cz\/index.php\/wp-json\/wp\/v2\/posts\/33456\/revisions"}],"wp:featuredmedia":[{"embeddable":true,"href":"https:\/\/www.automakersnews.cz\/index.php\/wp-json\/wp\/v2\/media\/33485"}],"wp:attachment":[{"href":"https:\/\/www.automakersnews.cz\/index.php\/wp-json\/wp\/v2\/media?parent=33456"}],"wp:term":[{"taxonomy":"category","embeddable":true,"href":"https:\/\/www.automakersnews.cz\/index.php\/wp-json\/wp\/v2\/categories?post=33456"},{"taxonomy":"post_tag","embeddable":true,"href":"https:\/\/www.automakersnews.cz\/index.php\/wp-json\/wp\/v2\/tags?post=33456"}],"curies":[{"name":"wp","href":"https:\/\/api.w.org\/{rel}","templated":true}]}}