{"id":33607,"date":"2023-03-27T07:24:49","date_gmt":"2023-03-27T07:24:49","guid":{"rendered":"https:\/\/www.automakersnews.cz\/?p=33607"},"modified":"2023-03-27T07:24:49","modified_gmt":"2023-03-27T07:24:49","slug":"spanelska-cupra-chce-proniknout-do-usa","status":"publish","type":"post","link":"https:\/\/www.automakersnews.cz\/index.php\/2023\/03\/27\/spanelska-cupra-chce-proniknout-do-usa\/","title":{"rendered":"\u0160pan\u011blsk\u00e1 CUPRA chce proniknout do USA"},"content":{"rendered":"<p><strong>Automobilka SEAT bilancovala minul\u00fd t\u00fdden v Barcelon\u011b. Krom\u011b lo\u0148sk\u00fdch v\u00fdsledk\u016f poodhalil \u0161\u00e9f firmy Wayne Griffiths i sv\u00e9 pl\u00e1ny se sportovn\u00ed zna\u010dkou CUPRA.<\/strong><!--more--><\/p>\n<p>CUPRA chce ve st\u0159edn\u011bdob\u00e9m horizontu dos\u00e1hnout na ro\u010dn\u00ed prodeje 500 tis\u00edc voz\u016f. Loni prodala t\u00e9m\u011b\u0159 153 tis\u00edc automobil\u016f.<br \/>\nProduktov\u00e1 ofenziva odstartuje zhruba za m\u011bs\u00edc, kdy bude v\u00a0<span class=\"e0id2 advancedHighlight\" data-id=\"25\" data-classic=\"false\">Berl\u00edn\u011b<\/span>\u00a0ofici\u00e1ln\u011b odhalen elektrick\u00fd crossover Tavascan.<\/p>\n<p>Prod\u00e1vat se za\u010dne p\u0159\u00ed\u0161t\u00ed rok. Ve stejn\u00e9m roce ho dopln\u00ed SUV Terramar, kter\u00e9 si je\u0161t\u011b ponech\u00e1 spalovac\u00ed motory, a v roce 2025 doraz\u00ed mal\u00e1\u00a0<span class=\"e3id0 advancedHighlight\" data-id=\"18\" data-classic=\"false\">Cupra<\/span>\u00a0<span class=\"e3id0 advancedHighlight\" data-id=\"18\" data-classic=\"false\">UrbanRebel<\/span>\u00a0p\u0159\u00edbuzn\u00e1 s\u00a0<span class=\"e1id1 e4id0 advancedHighlight\" data-id=\"17\" data-classic=\"false\">VW<\/span> ID.2all. V nab\u00eddce d\u00e1le z\u016fstane aktu\u00e1ln\u00ed generace Cupry Leon a Formentor. Naopak <span class=\"e0id6 advancedHighlight\" data-id=\"29\" data-classic=\"false\">Ateca<\/span>\u00a0\u010dasem skon\u010d\u00ed.<\/p>\n<p><strong>Zna\u010dka chce i do USA<\/strong><\/p>\n<p><span class=\"e1id2 advancedHighlight\" data-id=\"8\" data-classic=\"false\">Cupra<\/span>\u00a0o\u010dek\u00e1v\u00e1 zv\u00fd\u0161en\u00ed prodej\u016f tak\u00e9 proto, \u017ee se chyst\u00e1 vstoupit na dal\u0161\u00ed trhy. Elektrick\u00fd\u00a0<span class=\"e3id2 advancedHighlight\" data-id=\"37\" data-classic=\"false\">Born<\/span>\u00a0se za\u010d\u00edn\u00e1 prod\u00e1vat v\u00a0<span class=\"e0id3 advancedHighlight\" data-id=\"38\" data-classic=\"false\">Austr\u00e1lii<\/span> a aktu\u00e1ln\u011b se zva\u017euje dokonce tak\u00e9 vstup na americk\u00fd trh.<\/p>\n<p><img loading=\"lazy\" decoding=\"async\" class=\"alignnone size-large wp-image-32419\" src=\"http:\/\/www.automakersnews.cz\/wp-content\/uploads\/2023\/03\/SEAT-Barcelona-Spain-1024x683.jpg\" alt=\"\" width=\"1024\" height=\"683\" \/><\/p>\n<p><span class=\"e1id0 e4id0 advancedHighlight SearchKeywordHighlight\" data-id=\"2\" data-classic=\"true\">Seat<\/span>\u00a0<span class=\"e1id0 e4id0 advancedHighlight\" data-id=\"3\" data-classic=\"false\">S<\/span><span class=\"e1id0 e4id0 advancedHighlight\" data-id=\"3\" data-classic=\"false\">.<\/span><span class=\"e1id0 e4id0 advancedHighlight\" data-id=\"3\" data-classic=\"false\">A<\/span><span class=\"e1id0 e4id0 advancedHighlight\" data-id=\"3\" data-classic=\"false\">.<\/span>, pod kterou spadaj\u00ed zna\u010dky\u00a0<span class=\"e1id0 e4id0 advancedHighlight SearchKeywordHighlight\" data-id=\"2\" data-classic=\"true\">Seat<\/span>\u00a0a\u00a0<span class=\"e1id2 advancedHighlight\" data-id=\"8\" data-classic=\"false\">Cupra<\/span>, ozn\u00e1mila, \u017ee v roce 2022 vzrostly p\u0159\u00edjmy z prodeje o 14 procent na 10,5 miliardy eur. Jde o druh\u00fd nejlep\u0161\u00ed v\u00fdsledek ve v\u00edce ne\u017e sedmdes\u00e1tilet\u00e9 historii \u0161pan\u011blsk\u00e9 automobilky. Podle p\u0159edstavitel\u016f spole\u010dnosti p\u0159edznamenal lo\u0148sk\u00fd rok obrat k lep\u0161\u00edmu, p\u0159esto\u017ee se i ve\u00a0<span class=\"e0id1 advancedHighlight\" data-id=\"0\" data-classic=\"false\">\u0160pan\u011blsku<\/span>\u00a0museli vypo\u0159\u00e1dat s nedostatkem \u010dip\u016f, vz\u00e1cn\u00fdch kov\u016f, inflac\u00ed nebo zdra\u017een\u00edm energi\u00ed i surovin.<\/p>\n<p>Celkov\u011b bylo loni vyrobeno zhruba 480 tis\u00edc automobil\u016f (<span class=\"e1id0 e4id0 advancedHighlight SearchKeywordHighlight\" data-id=\"2\" data-classic=\"true\">Seat<\/span>\u00a0a\u00a0<span class=\"e1id2 advancedHighlight\" data-id=\"8\" data-classic=\"false\">Cupra<\/span>\u00a0dohromady). Podobn\u011b skon\u010dil tak\u00e9 rok 2021, loni se ale poda\u0159ilo dos\u00e1hnout zv\u00fd\u0161en\u00ed pr\u016fm\u011brn\u00e9ho zisku z jednoho prodan\u00e9ho auta o 18 procent.<\/p>\n<p><img loading=\"lazy\" decoding=\"async\" class=\"alignnone size-large wp-image-32415\" src=\"http:\/\/www.automakersnews.cz\/wp-content\/uploads\/2023\/03\/SEAT-Key-figures-1024x683.jpg\" alt=\"\" width=\"1024\" height=\"683\" \/><\/p>\n<p>Nav\u00edc prvn\u00ed dva m\u011bs\u00edce leto\u0161n\u00edho roku nazna\u010duj\u00ed dal\u0161\u00ed r\u016fst. Zna\u010dka\u00a0<span class=\"e1id0 e4id0 advancedHighlight SearchKeywordHighlight\" data-id=\"2\" data-classic=\"true\">Seat<\/span>\u00a0zaznamenala za toto obdob\u00ed meziro\u010dn\u00ed zv\u00fd\u0161en\u00ed prodej\u016f o 12 procent, v p\u0159\u00edpad\u011b Cupry to bylo dokonce 75 procent.<\/p>\n<p><strong>Zdroj: V\u00fdro\u010dn\u00ed TK SEAT<\/strong><\/p>\n","protected":false},"excerpt":{"rendered":"<div class=\"mh-excerpt\"><p>Automobilka SEAT bilancovala minul\u00fd t\u00fdden v Barcelon\u011b. Krom\u011b lo\u0148sk\u00fdch v\u00fdsledk\u016f poodhalil \u0161\u00e9f firmy Wayne Griffiths i sv\u00e9 pl\u00e1ny se sportovn\u00ed zna\u010dkou CUPRA.<\/p>\n<\/div>","protected":false},"author":1,"featured_media":32417,"comment_status":"open","ping_status":"open","sticky":false,"template":"","format":"standard","meta":{"footnotes":""},"categories":[29],"tags":[],"class_list":["post-33607","post","type-post","status-publish","format-standard","has-post-thumbnail","hentry","category-tiskovky"],"_links":{"self":[{"href":"https:\/\/www.automakersnews.cz\/index.php\/wp-json\/wp\/v2\/posts\/33607","targetHints":{"allow":["GET"]}}],"collection":[{"href":"https:\/\/www.automakersnews.cz\/index.php\/wp-json\/wp\/v2\/posts"}],"about":[{"href":"https:\/\/www.automakersnews.cz\/index.php\/wp-json\/wp\/v2\/types\/post"}],"author":[{"embeddable":true,"href":"https:\/\/www.automakersnews.cz\/index.php\/wp-json\/wp\/v2\/users\/1"}],"replies":[{"embeddable":true,"href":"https:\/\/www.automakersnews.cz\/index.php\/wp-json\/wp\/v2\/comments?post=33607"}],"version-history":[{"count":0,"href":"https:\/\/www.automakersnews.cz\/index.php\/wp-json\/wp\/v2\/posts\/33607\/revisions"}],"wp:featuredmedia":[{"embeddable":true,"href":"https:\/\/www.automakersnews.cz\/index.php\/wp-json\/wp\/v2\/media\/32417"}],"wp:attachment":[{"href":"https:\/\/www.automakersnews.cz\/index.php\/wp-json\/wp\/v2\/media?parent=33607"}],"wp:term":[{"taxonomy":"category","embeddable":true,"href":"https:\/\/www.automakersnews.cz\/index.php\/wp-json\/wp\/v2\/categories?post=33607"},{"taxonomy":"post_tag","embeddable":true,"href":"https:\/\/www.automakersnews.cz\/index.php\/wp-json\/wp\/v2\/tags?post=33607"}],"curies":[{"name":"wp","href":"https:\/\/api.w.org\/{rel}","templated":true}]}}