{"id":33674,"date":"2023-03-27T11:27:39","date_gmt":"2023-03-27T11:27:39","guid":{"rendered":"https:\/\/www.automakersnews.cz\/?p=33674"},"modified":"2023-03-27T12:27:18","modified_gmt":"2023-03-27T12:27:18","slug":"fejtek-se-loucil-s-novinari-u-kalendu","status":"publish","type":"post","link":"https:\/\/www.automakersnews.cz\/index.php\/2023\/03\/27\/fejtek-se-loucil-s-novinari-u-kalendu\/","title":{"rendered":"Fejtek se lou\u010dil s novin\u00e1\u0159i U Kalend\u016f"},"content":{"rendered":"<div dir=\"ltr\"><strong>B\u00fdval\u00fd \u0161\u00e9f zna\u010dky Volkswagen osobn\u00ed vozy v Porsche \u010cR Patrik Fejtek odl\u00e9t\u00e1 na zahrani\u010dn\u00ed anga\u017em\u00e1 do \u010d\u00ednsk\u00e9ho Chang-\u010dou, s novin\u00e1\u0159i se rozlou\u010dil v pra\u017esk\u00e9 restauraci U Kalend\u016f. Jak hodnot\u00ed sv\u016fj dal\u0161\u00ed kari\u00e9rn\u00ed krok?<\/strong><\/div>\n<p><!--more--><\/p>\n<div dir=\"ltr\">Fejtek u\u017e kdysi v Porsche \u010cR p\u016fsobil jako divizn\u00ed \u0161\u00e9f, do firmy se vr\u00e1til v \u00fanoru 2021, aby zde vedl zna\u010dku Volkswagen.<\/div>\n<div dir=\"ltr\"><\/div>\n<div dir=\"ltr\">&#8222;Byl jsem vlastn\u011b vyp\u016fj\u010den\u00fd\u00a0 mana\u017eer ze \u0160kody Auto, po\u010d\u00edtal jsem, \u017ee se ke zna\u010dce op\u011bt vr\u00e1t\u00edm. Od \u0160kodovky jsem v mezidob\u00ed tak\u00e9 dostal dv\u011b zaj\u00edmav\u00e9 nab\u00eddky, kter\u00e9 jsem nicm\u00e9n\u011b odm\u00edtl,&#8220; \u0159ekl na\u0161emu port\u00e1lu Patrik.<\/div>\n<div dir=\"ltr\"><\/div>\n<div dir=\"ltr\">\u0160lo o mana\u017eerskou pozici v Indii a je\u0161t\u011b v jedn\u00e9 z dal\u0161\u00edch zem\u00ed: &#8222;Kdybych byl svobodn\u00fd ml\u00e1denec, ihned bych t\u011bchto mo\u017enost\u00ed vyu\u017eil. Musel jsem ale odm\u00edtnou z rodinn\u00fdch d\u016fvod\u016f,&#8220; up\u0159esnil n\u00e1m Fejtek.<\/div>\n<div dir=\"ltr\"><\/div>\n<div dir=\"ltr\"><\/div>\n<div dir=\"ltr\">Nakonec u\u017e ale musel k\u00fdvnout na posledn\u00ed pracovn\u00ed nab\u00eddku z koncernu VW, k 1. dubnu 2023 bude p\u016fsobit na pozici Vice President FBU FAW Audi China. \u010c\u00ednu dob\u0159e zn\u00e1, u\u017e tam p\u0159edt\u00edm mana\u017eersky p\u016fsobil.<\/div>\n<div dir=\"ltr\"><\/div>\n<div dir=\"ltr\">Odl\u00e9t\u00e1 tento t\u00fdden linkou p\u0159es Peking do s\u00eddeln\u00edho m\u011bsta zna\u010dky Audi, b\u00fdval\u00e9ho c\u00edsa\u0159sk\u00e9ho m\u011bsta Chang-\u010dou.\u00a0<strong><br \/>\n<\/strong><\/div>\n<div dir=\"ltr\">\n<figure id=\"attachment_17878\" aria-describedby=\"caption-attachment-17878\" style=\"width: 1024px\" class=\"wp-caption alignnone\"><img loading=\"lazy\" decoding=\"async\" class=\"size-large wp-image-17878\" src=\"http:\/\/www.automakersnews.cz\/wp-content\/uploads\/2023\/01\/Fejtek-Zizkovska-vez-2023-1024x768.jpg\" alt=\"\" width=\"1024\" height=\"768\" srcset=\"https:\/\/www.automakersnews.cz\/wp-content\/uploads\/2023\/01\/Fejtek-Zizkovska-vez-2023-1024x768.jpg 1024w, https:\/\/www.automakersnews.cz\/wp-content\/uploads\/2023\/01\/Fejtek-Zizkovska-vez-2023-300x225.jpg 300w, https:\/\/www.automakersnews.cz\/wp-content\/uploads\/2023\/01\/Fejtek-Zizkovska-vez-2023-768x576.jpg 768w, https:\/\/www.automakersnews.cz\/wp-content\/uploads\/2023\/01\/Fejtek-Zizkovska-vez-2023-1536x1152.jpg 1536w, https:\/\/www.automakersnews.cz\/wp-content\/uploads\/2023\/01\/Fejtek-Zizkovska-vez-2023-678x509.jpg 678w, https:\/\/www.automakersnews.cz\/wp-content\/uploads\/2023\/01\/Fejtek-Zizkovska-vez-2023-326x245.jpg 326w, https:\/\/www.automakersnews.cz\/wp-content\/uploads\/2023\/01\/Fejtek-Zizkovska-vez-2023-80x60.jpg 80w, https:\/\/www.automakersnews.cz\/wp-content\/uploads\/2023\/01\/Fejtek-Zizkovska-vez-2023.jpg 2040w\" sizes=\"auto, (max-width: 1024px) 100vw, 1024px\" \/><figcaption id=\"caption-attachment-17878\" class=\"wp-caption-text\">Patrik Fejtek pod\u011bkoval novin\u00e1\u0159\u016fm na v\u00fdro\u010dn\u00ed tiskovce a je\u0161t\u011b je nev\u00e1hal pozvat na speci\u00e1ln\u00ed rozlu\u010dku<\/figcaption><\/figure>\n<\/div>\n<div dir=\"ltr\"><\/div>\n<div dir=\"ltr\">&#8222;Dlouh\u00fd let, p\u0159i kter\u00e9m se obl\u00e9t\u00e1v\u00e1 Rusko snad n\u011bjak p\u0159e\u017eiju j\u00e1 i m\u016fj bicykl,&#8220; \u0159ekl Patrik, kter\u00fd si kv\u016fli sv\u00e9 dvoumetrov\u00e9 v\u00fd\u0161ce bere do letadla i speci\u00e1ln\u00ed j\u00edzdn\u00ed kolo, kter\u00e9 by v \u010c\u00edn\u011b jen t\u011b\u017eko sh\u00e1n\u011bl.<\/div>\n<div dir=\"ltr\"><\/div>\n<div dir=\"ltr\"><\/div>\n<div dir=\"ltr\"><img loading=\"lazy\" decoding=\"async\" class=\"alignnone size-medium wp-image-5346\" src=\"http:\/\/www.automakersnews.cz\/wp-content\/uploads\/2022\/11\/FEJTEK_16-1024x683-1-300x200.jpg\" sizes=\"auto, (max-width: 300px) 100vw, 300px\" srcset=\"https:\/\/www.automakersnews.cz\/wp-content\/uploads\/2022\/11\/FEJTEK_16-1024x683-1-300x200.jpg 300w, https:\/\/www.automakersnews.cz\/wp-content\/uploads\/2022\/11\/FEJTEK_16-1024x683-1-768x512.jpg 768w, https:\/\/www.automakersnews.cz\/wp-content\/uploads\/2022\/11\/FEJTEK_16-1024x683-1.jpg 1024w\" alt=\"\" width=\"300\" height=\"200\" \/><\/div>\n<div dir=\"ltr\"><\/div>\n<div dir=\"ltr\"><\/div>\n","protected":false},"excerpt":{"rendered":"<div class=\"mh-excerpt\"><p>B\u00fdval\u00fd \u0161\u00e9f zna\u010dky Volkswagen osobn\u00ed vozy v Porsche \u010cR Patrik Fejtek odl\u00e9t\u00e1 na zahrani\u010dn\u00ed anga\u017em\u00e1 do \u010d\u00ednsk\u00e9ho Chang-\u010dou, s novin\u00e1\u0159i se rozlou\u010dil v pra\u017esk\u00e9 restauraci <a class=\"mh-excerpt-more\" href=\"https:\/\/www.automakersnews.cz\/index.php\/2023\/03\/27\/fejtek-se-loucil-s-novinari-u-kalendu\/\" title=\"Fejtek se lou\u010dil s novin\u00e1\u0159i U Kalend\u016f\">[&#8230;]<\/a><\/p>\n<\/div>","protected":false},"author":1,"featured_media":33713,"comment_status":"open","ping_status":"open","sticky":false,"template":"","format":"standard","meta":{"footnotes":""},"categories":[3],"tags":[],"class_list":["post-33674","post","type-post","status-publish","format-standard","has-post-thumbnail","hentry","category-personalie"],"_links":{"self":[{"href":"https:\/\/www.automakersnews.cz\/index.php\/wp-json\/wp\/v2\/posts\/33674","targetHints":{"allow":["GET"]}}],"collection":[{"href":"https:\/\/www.automakersnews.cz\/index.php\/wp-json\/wp\/v2\/posts"}],"about":[{"href":"https:\/\/www.automakersnews.cz\/index.php\/wp-json\/wp\/v2\/types\/post"}],"author":[{"embeddable":true,"href":"https:\/\/www.automakersnews.cz\/index.php\/wp-json\/wp\/v2\/users\/1"}],"replies":[{"embeddable":true,"href":"https:\/\/www.automakersnews.cz\/index.php\/wp-json\/wp\/v2\/comments?post=33674"}],"version-history":[{"count":0,"href":"https:\/\/www.automakersnews.cz\/index.php\/wp-json\/wp\/v2\/posts\/33674\/revisions"}],"wp:featuredmedia":[{"embeddable":true,"href":"https:\/\/www.automakersnews.cz\/index.php\/wp-json\/wp\/v2\/media\/33713"}],"wp:attachment":[{"href":"https:\/\/www.automakersnews.cz\/index.php\/wp-json\/wp\/v2\/media?parent=33674"}],"wp:term":[{"taxonomy":"category","embeddable":true,"href":"https:\/\/www.automakersnews.cz\/index.php\/wp-json\/wp\/v2\/categories?post=33674"},{"taxonomy":"post_tag","embeddable":true,"href":"https:\/\/www.automakersnews.cz\/index.php\/wp-json\/wp\/v2\/tags?post=33674"}],"curies":[{"name":"wp","href":"https:\/\/api.w.org\/{rel}","templated":true}]}}