{"id":33943,"date":"2023-03-28T07:23:13","date_gmt":"2023-03-28T07:23:13","guid":{"rendered":"https:\/\/www.automakersnews.cz\/?p=33943"},"modified":"2023-03-28T07:23:13","modified_gmt":"2023-03-28T07:23:13","slug":"ministri-eu-jednaji-o-spalovacich-motorech","status":"publish","type":"post","link":"https:\/\/www.automakersnews.cz\/index.php\/2023\/03\/28\/ministri-eu-jednaji-o-spalovacich-motorech\/","title":{"rendered":"Minist\u0159i EU jednaj\u00ed o spalovac\u00edch motorech"},"content":{"rendered":"<p class=\"big\"><strong>Definitivn\u00ed schv\u00e1len\u00ed normy omezuj\u00edc\u00ed prodej nov\u00fdch aut se spalovac\u00edmi motory po roce 2035 budou dnes m\u00edt v rukou minist\u0159i energetiky zem\u00ed Evropsk\u00e9 unie. Krom\u011b toho by se mohli shodnout tak\u00e9 na dal\u0161\u00edm dobrovoln\u00e9m omezen\u00ed spot\u0159eby plynu \u010di na pravidlech zav\u00e1d\u011bn\u00ed vod\u00edku a biometanu do plynov\u00e9 infrastruktury.<\/strong> <!--more--><\/p>\n<p class=\"big\">Budou tak\u00e9 diskutovat o \u00faprav\u011b fungov\u00e1n\u00ed unijn\u00edho trhu s elekt\u0159inou, navr\u017een\u00e9 v polovin\u011b b\u0159ezna Evropskou komis\u00ed.<\/p>\n<p>Minist\u0159i dostanou na st\u016fl ke schv\u00e1len\u00ed dlouho diskutovanou normu, jej\u00ed\u017e p\u0159edjednanou podobu za\u010d\u00e1tkem b\u0159ezna odm\u00edtlo p\u0159ijmout N\u011bmecko podpo\u0159en\u00e9 n\u011bkolika zem\u011bmi v\u010detn\u011b \u010ceska. Berl\u00edn po\u017eadoval z\u00e1ruky, \u017ee po roce 2035 bude mo\u017en\u00e9 vyu\u017e\u00edvat spalovac\u00ed motory poh\u00e1n\u011bn\u00e9 syntetick\u00fdmi palivy. Po sobotn\u00ed dohod\u011b s Evropskou komis\u00ed N\u011bmecko p\u0159estalo n\u00e1vrh blokovat a dnes by jej m\u011bli minist\u0159i bez dal\u0161\u00edch diskuz\u00ed stvrdit.<\/p>\n<p>\u0160v\u00e9dsk\u00e9 p\u0159edsednictv\u00ed jim p\u0159edlo\u017e\u00ed tak\u00e9 n\u00e1vrh, kter\u00fd m\u00e1 prodlou\u017eit platnost 15procentn\u00edch dobrovoln\u00fdch \u00faspor plynov\u00e9 spot\u0159eby. P\u016fvodn\u00ed dohoda dosa\u017een\u00e1 za \u010desk\u00e9ho p\u0159edsednictv\u00ed po\u010d\u00edtala s jeho uplat\u0148ov\u00e1n\u00edm tuto zimu, komise v\u0161ak v obav\u00e1ch o dostatek z\u00e1sob na zimu p\u0159\u00ed\u0161t\u00ed navrhla prodlou\u017eit ho o rok do konce b\u0159ezna 2024.<\/p>\n","protected":false},"excerpt":{"rendered":"<div class=\"mh-excerpt\"><p>Definitivn\u00ed schv\u00e1len\u00ed normy omezuj\u00edc\u00ed prodej nov\u00fdch aut se spalovac\u00edmi motory po roce 2035 budou dnes m\u00edt v rukou minist\u0159i energetiky zem\u00ed Evropsk\u00e9 unie. Krom\u011b toho <a class=\"mh-excerpt-more\" href=\"https:\/\/www.automakersnews.cz\/index.php\/2023\/03\/28\/ministri-eu-jednaji-o-spalovacich-motorech\/\" title=\"Minist\u0159i EU jednaj\u00ed o spalovac\u00edch motorech\">[&#8230;]<\/a><\/p>\n<\/div>","protected":false},"author":1,"featured_media":715,"comment_status":"open","ping_status":"open","sticky":false,"template":"","format":"standard","meta":{"footnotes":""},"categories":[21],"tags":[],"class_list":["post-33943","post","type-post","status-publish","format-standard","has-post-thumbnail","hentry","category-legislativa"],"_links":{"self":[{"href":"https:\/\/www.automakersnews.cz\/index.php\/wp-json\/wp\/v2\/posts\/33943","targetHints":{"allow":["GET"]}}],"collection":[{"href":"https:\/\/www.automakersnews.cz\/index.php\/wp-json\/wp\/v2\/posts"}],"about":[{"href":"https:\/\/www.automakersnews.cz\/index.php\/wp-json\/wp\/v2\/types\/post"}],"author":[{"embeddable":true,"href":"https:\/\/www.automakersnews.cz\/index.php\/wp-json\/wp\/v2\/users\/1"}],"replies":[{"embeddable":true,"href":"https:\/\/www.automakersnews.cz\/index.php\/wp-json\/wp\/v2\/comments?post=33943"}],"version-history":[{"count":0,"href":"https:\/\/www.automakersnews.cz\/index.php\/wp-json\/wp\/v2\/posts\/33943\/revisions"}],"wp:featuredmedia":[{"embeddable":true,"href":"https:\/\/www.automakersnews.cz\/index.php\/wp-json\/wp\/v2\/media\/715"}],"wp:attachment":[{"href":"https:\/\/www.automakersnews.cz\/index.php\/wp-json\/wp\/v2\/media?parent=33943"}],"wp:term":[{"taxonomy":"category","embeddable":true,"href":"https:\/\/www.automakersnews.cz\/index.php\/wp-json\/wp\/v2\/categories?post=33943"},{"taxonomy":"post_tag","embeddable":true,"href":"https:\/\/www.automakersnews.cz\/index.php\/wp-json\/wp\/v2\/tags?post=33943"}],"curies":[{"name":"wp","href":"https:\/\/api.w.org\/{rel}","templated":true}]}}