{"id":34004,"date":"2023-03-28T06:07:56","date_gmt":"2023-03-28T06:07:56","guid":{"rendered":"https:\/\/www.automakersnews.cz\/?p=34004"},"modified":"2023-03-29T09:29:54","modified_gmt":"2023-03-29T09:29:54","slug":"emil-frey-stehuje-novinarsky-autopark","status":"publish","type":"post","link":"https:\/\/www.automakersnews.cz\/index.php\/2023\/03\/28\/emil-frey-stehuje-novinarsky-autopark\/","title":{"rendered":"Emil Frey st\u011bhuje novin\u00e1\u0159sk\u00fd autopark"},"content":{"rendered":"<p><strong><span style=\"color: #000000;\"><span style=\"font-family: Arial, sans-serif;\"><span style=\"font-size: small;\">Motonovin\u00e1\u0159i si dlouh\u00e1 l\u00e9ta chodili pro testovac\u00ed vozy Citroenu, DS, Peugeotu, Opelu a je\u0161t\u011b loni i Fiatu na importy zna\u010dek, od roku 2017 byla sjednocen\u00e1 flotila Stellantisu k m\u00e1n\u00ed v CarParku Emila Freye v Pra\u017esk\u00e9 ulici v Hostiva\u0159i. Od dubna to bude jinak.<\/span><\/span><\/span><\/strong><\/p>\n<p><!--more--><\/p>\n<p><span style=\"color: #000000;\">\u201e<span style=\"font-family: Arial, sans-serif;\"><span style=\"font-size: small;\">Douho pl\u00e1novan\u00fd p\u0159esun na\u0161ich vozov\u00fdch park\u016f se napl\u0148uje a od t\u0159et\u00edho dubna se p\u0159emis\u0165uj\u00ed vozy na\u0161ich spole\u010dnost\u00ed z p\u016fvodn\u00edho CarParku na adresu V Chotejn\u011b. Pokud m\u00e1te z\u00e1p\u016fj\u010dku v term\u00ednu 28. 3. \u2013 3. 4., pros\u00edm vyzvedn\u011bte si v\u016fz na p\u016fvodn\u00ed adrese a vra\u0165te na nov\u00e9 p\u016fsobi\u0161t\u011b V Chotejn\u011b,\u201c upozornila novin\u00e1\u0159e mluv\u010d\u00ed Citro\u00ebnu Linda \u0160ed\u00e1. Do Chotejna se st\u011bhuj\u00ed i dal\u0161\u00ed zna\u010dky Stellantisu.<\/span><\/span><\/span><\/p>\n<p><span style=\"color: #000000;\"><span style=\"font-family: Arial, sans-serif;\"><span style=\"font-size: small;\">&#8222;Byl to dlouhodob\u011bj\u0161\u00ed proces, kter\u00fd se trochu protahoval a pl\u00e1noval se u\u017e od podzimu. CarPark se st\u011bhuje jen o p\u00e1r kilometr\u016f d\u00e1l do v\u011bt\u0161\u00edch a l\u00e9pe vyhovuj\u00edc\u00edch prostor,&#8220; up\u0159esnila na\u0161emu port\u00e1lu \u0160ed\u00e1.<\/span><\/span><\/span><\/p>\n<p><span style=\"color: #000000;\"><span style=\"font-family: Arial, sans-serif;\"><span style=\"font-size: small;\">&#8222;Star\u00e9 m\u00edsto u\u017e praskalo ve \u0161vech a v zajmu top kvality slu\u017eeb (p\u0159edev\u0161\u00edm prodeje ojetin Emil Frey Select a logistiky press aut) jsme museli j\u00edt radik\u00e1ln\u00ed cestou,&#8220; doplnil mluv\u010d\u00ed Opelu Martin Hejral.<br \/>\n<\/span><\/span><\/span><\/p>\n<figure id=\"attachment_34007\" aria-describedby=\"caption-attachment-34007\" style=\"width: 1024px\" class=\"wp-caption alignnone\"><img loading=\"lazy\" decoding=\"async\" class=\"size-large wp-image-34007\" src=\"http:\/\/www.automakersnews.cz\/wp-content\/uploads\/2023\/03\/Emil-Frey-Select-Hostivar-1024x683.png\" alt=\"\" width=\"1024\" height=\"683\" \/><figcaption id=\"caption-attachment-34007\" class=\"wp-caption-text\">Dosavadn\u00ed Car Park v Pra\u017esk\u00e9 ulici<\/figcaption><\/figure>\n","protected":false},"excerpt":{"rendered":"<div class=\"mh-excerpt\"><p>Motonovin\u00e1\u0159i si dlouh\u00e1 l\u00e9ta chodili pro testovac\u00ed vozy Citroenu, DS, Peugeotu, Opelu a je\u0161t\u011b loni i Fiatu na importy zna\u010dek, od roku 2017 byla sjednocen\u00e1 <a class=\"mh-excerpt-more\" href=\"https:\/\/www.automakersnews.cz\/index.php\/2023\/03\/28\/emil-frey-stehuje-novinarsky-autopark\/\" title=\"Emil Frey st\u011bhuje novin\u00e1\u0159sk\u00fd autopark\">[&#8230;]<\/a><\/p>\n<\/div>","protected":false},"author":1,"featured_media":34005,"comment_status":"open","ping_status":"open","sticky":false,"template":"","format":"standard","meta":{"footnotes":""},"categories":[27],"tags":[],"class_list":["post-34004","post","type-post","status-publish","format-standard","has-post-thumbnail","hentry","category-media"],"_links":{"self":[{"href":"https:\/\/www.automakersnews.cz\/index.php\/wp-json\/wp\/v2\/posts\/34004","targetHints":{"allow":["GET"]}}],"collection":[{"href":"https:\/\/www.automakersnews.cz\/index.php\/wp-json\/wp\/v2\/posts"}],"about":[{"href":"https:\/\/www.automakersnews.cz\/index.php\/wp-json\/wp\/v2\/types\/post"}],"author":[{"embeddable":true,"href":"https:\/\/www.automakersnews.cz\/index.php\/wp-json\/wp\/v2\/users\/1"}],"replies":[{"embeddable":true,"href":"https:\/\/www.automakersnews.cz\/index.php\/wp-json\/wp\/v2\/comments?post=34004"}],"version-history":[{"count":0,"href":"https:\/\/www.automakersnews.cz\/index.php\/wp-json\/wp\/v2\/posts\/34004\/revisions"}],"wp:featuredmedia":[{"embeddable":true,"href":"https:\/\/www.automakersnews.cz\/index.php\/wp-json\/wp\/v2\/media\/34005"}],"wp:attachment":[{"href":"https:\/\/www.automakersnews.cz\/index.php\/wp-json\/wp\/v2\/media?parent=34004"}],"wp:term":[{"taxonomy":"category","embeddable":true,"href":"https:\/\/www.automakersnews.cz\/index.php\/wp-json\/wp\/v2\/categories?post=34004"},{"taxonomy":"post_tag","embeddable":true,"href":"https:\/\/www.automakersnews.cz\/index.php\/wp-json\/wp\/v2\/tags?post=34004"}],"curies":[{"name":"wp","href":"https:\/\/api.w.org\/{rel}","templated":true}]}}