{"id":34014,"date":"2023-03-28T06:06:08","date_gmt":"2023-03-28T06:06:08","guid":{"rendered":"https:\/\/www.automakersnews.cz\/?p=34014"},"modified":"2023-03-29T09:30:23","modified_gmt":"2023-03-29T09:30:23","slug":"porsche-chce-posilit-ostravu-a-prahu","status":"publish","type":"post","link":"https:\/\/www.automakersnews.cz\/index.php\/2023\/03\/28\/porsche-chce-posilit-ostravu-a-prahu\/","title":{"rendered":"Porsche chce pos\u00edlit Ostravu, Prahu a Plze\u0148"},"content":{"rendered":"<p><strong>Prodejn\u00ed s\u00ed\u0165 zna\u010dky Porsche se loni loni na podzim roz\u0161\u00ed\u0159ila o nov\u00e9 centrum v Brn\u011b a \u0161\u00e9f importu Jan Sedl\u00e1\u010dek chyst\u00e1 dal\u0161\u00ed rozvoj. O pl\u00e1nech hovo\u0159il pro Import\u00e9rsk\u00fd speci\u00e1l Automakers.<\/strong><!--more--><\/p>\n<p>&#8222;Chyst\u00e1me sv\u00e9 prodejn\u00ed aktivity pos\u00edlit tak\u00e9 v Ostrav\u011b a aktu\u00e1ln\u011b za\u010d\u00edn\u00e1me stav\u011bt zcela nov\u00e9 Porsche Centrum na z\u00e1padn\u00ed stran\u011b Prahy. Pokud v\u0161e p\u016fjde podle pl\u00e1nu, \u010dek\u00e1 n\u00e1s je\u0161t\u011b aktivace prodejn\u00edho a servisn\u00edho centra v Plzni. Pak u\u017e budeme m\u00edt pokrytou celou \u010ceskou republiku a z\u00e1kazn\u00edk\u016fm budeme bl\u00edzko,&#8220; uvedl Sedl\u00e1\u010dek.<\/p>\n<p>Redesign a otev\u00edr\u00e1n\u00ed dal\u0161\u00edch Porsche Center je sou\u010d\u00e1st\u00ed evropsk\u00e9 r\u016fstov\u00e9 strategie zna\u010dky. &#8222;V\u016fbec prvn\u00edm krokem byla investice 2 miliony eur do masivn\u00ed rekonstrukce Porsche Centra Praha, kter\u00e9 jsme otev\u0159eli zkraje lo\u0148sk\u00e9ho roku a od t\u00e9 doby v n\u011bm obslou\u017eili \u0159ekl bych tis\u00edce klient\u016f. Nejde jen o prodej nov\u00fdch voz\u016f, ale tak\u00e9 ojetin z programu Porsche Approved a v\u00fdznamnou \u010d\u00e1st na\u0161eho byznysu samoz\u0159ejm\u011b tvo\u0159\u00ed i autorizovan\u00fd servis,&#8220; up\u0159esnil \u0161\u00e9f importu.<\/p>\n<p><strong>V\u00edce v dubnov\u00e9m import\u00e9rsk\u00e9m speci\u00e1lu Automakers!<\/strong><\/p>\n<figure id=\"attachment_34015\" aria-describedby=\"caption-attachment-34015\" style=\"width: 683px\" class=\"wp-caption alignnone\"><img loading=\"lazy\" decoding=\"async\" class=\"size-large wp-image-34015\" src=\"http:\/\/www.automakersnews.cz\/wp-content\/uploads\/2023\/03\/Sedlacek1-vyska-scaled-e1679995646607-683x1024.jpg\" alt=\"\" width=\"683\" height=\"1024\" srcset=\"https:\/\/www.automakersnews.cz\/wp-content\/uploads\/2023\/03\/Sedlacek1-vyska-scaled-e1679995646607-683x1024.jpg 683w, https:\/\/www.automakersnews.cz\/wp-content\/uploads\/2023\/03\/Sedlacek1-vyska-scaled-e1679995646607-200x300.jpg 200w, https:\/\/www.automakersnews.cz\/wp-content\/uploads\/2023\/03\/Sedlacek1-vyska-scaled-e1679995646607.jpg 707w\" sizes=\"auto, (max-width: 683px) 100vw, 683px\" \/><figcaption id=\"caption-attachment-34015\" class=\"wp-caption-text\">Jan Sedl\u00e1\u010dek a jeho t\u00fdm chyst\u00e1 dal\u0161\u00ed investice v \u010cR<\/figcaption><\/figure>\n","protected":false},"excerpt":{"rendered":"<div class=\"mh-excerpt\"><p>Prodejn\u00ed s\u00ed\u0165 zna\u010dky Porsche se loni loni na podzim roz\u0161\u00ed\u0159ila o nov\u00e9 centrum v Brn\u011b a \u0161\u00e9f importu Jan Sedl\u00e1\u010dek chyst\u00e1 dal\u0161\u00ed rozvoj. O pl\u00e1nech <a class=\"mh-excerpt-more\" href=\"https:\/\/www.automakersnews.cz\/index.php\/2023\/03\/28\/porsche-chce-posilit-ostravu-a-prahu\/\" title=\"Porsche chce pos\u00edlit Ostravu, Prahu a Plze\u0148\">[&#8230;]<\/a><\/p>\n<\/div>","protected":false},"author":1,"featured_media":5736,"comment_status":"open","ping_status":"open","sticky":false,"template":"","format":"standard","meta":{"footnotes":""},"categories":[61],"tags":[],"class_list":["post-34014","post","type-post","status-publish","format-standard","has-post-thumbnail","hentry","category-rozhovor"],"_links":{"self":[{"href":"https:\/\/www.automakersnews.cz\/index.php\/wp-json\/wp\/v2\/posts\/34014","targetHints":{"allow":["GET"]}}],"collection":[{"href":"https:\/\/www.automakersnews.cz\/index.php\/wp-json\/wp\/v2\/posts"}],"about":[{"href":"https:\/\/www.automakersnews.cz\/index.php\/wp-json\/wp\/v2\/types\/post"}],"author":[{"embeddable":true,"href":"https:\/\/www.automakersnews.cz\/index.php\/wp-json\/wp\/v2\/users\/1"}],"replies":[{"embeddable":true,"href":"https:\/\/www.automakersnews.cz\/index.php\/wp-json\/wp\/v2\/comments?post=34014"}],"version-history":[{"count":0,"href":"https:\/\/www.automakersnews.cz\/index.php\/wp-json\/wp\/v2\/posts\/34014\/revisions"}],"wp:featuredmedia":[{"embeddable":true,"href":"https:\/\/www.automakersnews.cz\/index.php\/wp-json\/wp\/v2\/media\/5736"}],"wp:attachment":[{"href":"https:\/\/www.automakersnews.cz\/index.php\/wp-json\/wp\/v2\/media?parent=34014"}],"wp:term":[{"taxonomy":"category","embeddable":true,"href":"https:\/\/www.automakersnews.cz\/index.php\/wp-json\/wp\/v2\/categories?post=34014"},{"taxonomy":"post_tag","embeddable":true,"href":"https:\/\/www.automakersnews.cz\/index.php\/wp-json\/wp\/v2\/tags?post=34014"}],"curies":[{"name":"wp","href":"https:\/\/api.w.org\/{rel}","templated":true}]}}