{"id":34105,"date":"2023-03-28T14:11:22","date_gmt":"2023-03-28T14:11:22","guid":{"rendered":"https:\/\/www.automakersnews.cz\/?p=34105"},"modified":"2023-03-29T06:04:33","modified_gmt":"2023-03-29T06:04:33","slug":"znacka-europalet-eur-posiluje-v-zajmu-udrzitelne-logistiky","status":"publish","type":"post","link":"https:\/\/www.automakersnews.cz\/index.php\/2023\/03\/28\/znacka-europalet-eur-posiluje-v-zajmu-udrzitelne-logistiky\/","title":{"rendered":"Europalety EUR s\u00e1z\u00ed na udr\u017eitelnou logistiku"},"content":{"rendered":"<p><strong>Logistika bez europalet by byla nemysliteln\u00e1. Podle odhad\u016f je na cel\u00e9m sv\u011bt\u011b v\u202fob\u011bhu p\u0159ibli\u017en\u011b 600 milion\u016f europalet. Pr\u00e1va na ochrannou zn\u00e1mku origin\u00e1ln\u00ed europalety se zna\u010dkou EUR vlastn\u00ed od roku 1961 skupina \u00d6BB Rail Cargo Group (RCG).<\/strong><!--more--><\/p>\n<p>Za \u00fa\u010delem dal\u0161\u00edho pos\u00edlen\u00ed t\u00e9to zna\u010dky a otev\u0159en\u00e9ho sm\u011bnn\u00e9ho poolu spolupracuje dce\u0159in\u00e1 spole\u010dnost \u00d6BB pro n\u00e1kladn\u00ed dopravu a mnichovsk\u00e1 logistick\u00e1 firma Baumann Paletten s\u202fprovozovateli dr\u00e1\u017en\u00ed dopravy a kontroln\u00edmi a paletov\u00fdmi organizacemi UIC (Union internationale des chemins de fer \u2013 \u010desky Mezin\u00e1rodn\u00ed \u017eelezni\u010dn\u00ed unie) na tom, aby se europaleta jako logistick\u00fd n\u00e1stroj dostala do pop\u0159ed\u00ed z\u00e1jmu udr\u017eiteln\u00e9 logistiky. 17.01.2023 bylo toto partnerstv\u00ed za \u00fa\u010delem \u201erefreshe\u201c ochrann\u00e9 zn\u00e1mky stvrzeno podpisem dohody o spolupr\u00e1ci.<\/p>\n<h4>Europalety jsou v logistice t\u00e9m\u011b\u0159 nepostradateln\u00e9.<\/h4>\n<p>Zaveden\u00ed europalet v roce 1961 postupn\u011b vyvolalo revoluci v\u202flogistice v\u202fcel\u00e9 Evrop\u011b i mimo ni. Jen doba pot\u0159ebn\u00e1 k\u202fnakl\u00e1dce \u017eelezni\u010dn\u00edch vagon\u016f byla d\u00edky pou\u017eit\u00ed europalety zkr\u00e1cena na v\u00edce ne\u017e polovinu. Sv\u011bt logistiky se \u0159\u00edd\u00ed jej\u00edmi rozm\u011bry 800 mm x 1 200 mm x 144 mm &#8211; od rozm\u011br\u016f skladovac\u00edch ploch a p\u0159epravn\u00edch syst\u00e9m\u016f a\u017e po nakl\u00e1dac\u00ed plochy v\u202fkamionech a n\u00e1kladn\u00edch vagonech. D\u00edky rychl\u00e9mu roz\u0161\u00ed\u0159en\u00ed byl hned od po\u010d\u00e1tku vytvo\u0159en celosv\u011btov\u00fd syst\u00e9m v\u00fdm\u011bny.<\/p>\n<p>Europaleta se ze 100 procent skl\u00e1d\u00e1 ze d\u0159eva. Je vyrobena a testov\u00e1na podle normy UIC 435-2 a n\u00e1sl. V\u0161echny europalety EUR jsou tepeln\u011b o\u0161et\u0159eny podle standardu ISPM 15 a lze je pou\u017e\u00edt pro export. Origin\u00e1l je snadno rozpoznateln\u00fd &#8211; na ka\u017ed\u00e9 jednotliv\u00e9 palet\u011b je na prav\u00e9m rohov\u00e9m \u0161palku um\u00edst\u011bna zna\u010dka \u201eEUR\u201c v\u202fov\u00e1lu. D\u00edky sv\u00e9 roz\u0161\u00ed\u0159enosti a multifunk\u010dn\u00edmu pou\u017eit\u00ed je europaleta EUR opakovan\u011b pou\u017eiteln\u00fd a recyklovateln\u00fd nosi\u010d n\u00e1kladu.<\/p>\n<p>\u201eNa\u0161\u00ed viz\u00ed je b\u00fdt udr\u017eitelnou logistickou p\u00e1te\u0159\u00ed evropsk\u00e9 ekonomiky &#8211; krom\u011b na\u0161ich spojen\u00ed TransFER, inovativn\u00edch vag\u00f3n\u016f a digit\u00e1ln\u00edho asistenta MIKE to tak\u00e9 zahrnuje nejz\u00e1kladn\u011bj\u0161\u00ed prvek p\u0159epravn\u00ed logistiky, j\u00edm\u017e je europaleta,\u201c zd\u016fraz\u0148uje Clemens F\u00f6rts, gener\u00e1ln\u00ed \u0159editel skupiny \u00d6BB Rail Cargo Group. \u201eD\u00edky pos\u00edlen\u00e9 pozici zna\u010dky EUR spole\u010dn\u011b s\u202fmnichovskou rodinnou firmou Baumann Paletten tak\u00e9 maxim\u00e1ln\u011b podporujeme vyu\u017eit\u00ed ekologick\u00fdch nosi\u010d\u016f n\u00e1kladu. Jedn\u00e1me tak zcela v\u202fsouladu s\u202fna\u0161\u00ed viz\u00ed.\u201c<\/p>\n<p>Alex Rot\u00e4rmel, gener\u00e1ln\u00ed \u0159editel spole\u010dnosti Baumann Paletten: \u201eSpole\u010dnost Baumann Paletten je z\u00e1rukou trvale vysok\u00e9 kvality a rychl\u00e9 dostupnosti standardn\u00edch nosi\u010d\u016f n\u00e1kladu. Otev\u0159en\u00fd sm\u011bnn\u00fd pool europalet je z\u00e1sadn\u00edm p\u0159edpokladem funguj\u00edc\u00edho logistick\u00e9ho \u0159et\u011bzce TLP gr\u00fcn (\u00d6BB-Konzern intern) a udr\u017eiteln\u00e9ho \u0159\u00edzen\u00ed nosi\u010d\u016f n\u00e1kladu. Jsme hrd\u00ed na to, \u017ee sm\u00edme aktivn\u011b spoluvytv\u00e1\u0159et nutn\u00e9 optimaliza\u010dn\u00ed procesy ve prosp\u011bch ochrann\u00e9 zn\u00e1mky EUR a u\u017eivatel\u016f.\u201c<\/p>\n","protected":false},"excerpt":{"rendered":"<div class=\"mh-excerpt\"><p>Logistika bez europalet by byla nemysliteln\u00e1. Podle odhad\u016f je na cel\u00e9m sv\u011bt\u011b v\u202fob\u011bhu p\u0159ibli\u017en\u011b 600 milion\u016f europalet. Pr\u00e1va na ochrannou zn\u00e1mku origin\u00e1ln\u00ed europalety se zna\u010dkou <a class=\"mh-excerpt-more\" href=\"https:\/\/www.automakersnews.cz\/index.php\/2023\/03\/28\/znacka-europalet-eur-posiluje-v-zajmu-udrzitelne-logistiky\/\" title=\"Europalety EUR s\u00e1z\u00ed na udr\u017eitelnou logistiku\">[&#8230;]<\/a><\/p>\n<\/div>","protected":false},"author":2,"featured_media":34106,"comment_status":"open","ping_status":"open","sticky":false,"template":"","format":"standard","meta":{"footnotes":""},"categories":[38,26],"tags":[],"class_list":["post-34105","post","type-post","status-publish","format-standard","has-post-thumbnail","hentry","category-ekologie","category-logistika"],"_links":{"self":[{"href":"https:\/\/www.automakersnews.cz\/index.php\/wp-json\/wp\/v2\/posts\/34105","targetHints":{"allow":["GET"]}}],"collection":[{"href":"https:\/\/www.automakersnews.cz\/index.php\/wp-json\/wp\/v2\/posts"}],"about":[{"href":"https:\/\/www.automakersnews.cz\/index.php\/wp-json\/wp\/v2\/types\/post"}],"author":[{"embeddable":true,"href":"https:\/\/www.automakersnews.cz\/index.php\/wp-json\/wp\/v2\/users\/2"}],"replies":[{"embeddable":true,"href":"https:\/\/www.automakersnews.cz\/index.php\/wp-json\/wp\/v2\/comments?post=34105"}],"version-history":[{"count":0,"href":"https:\/\/www.automakersnews.cz\/index.php\/wp-json\/wp\/v2\/posts\/34105\/revisions"}],"wp:featuredmedia":[{"embeddable":true,"href":"https:\/\/www.automakersnews.cz\/index.php\/wp-json\/wp\/v2\/media\/34106"}],"wp:attachment":[{"href":"https:\/\/www.automakersnews.cz\/index.php\/wp-json\/wp\/v2\/media?parent=34105"}],"wp:term":[{"taxonomy":"category","embeddable":true,"href":"https:\/\/www.automakersnews.cz\/index.php\/wp-json\/wp\/v2\/categories?post=34105"},{"taxonomy":"post_tag","embeddable":true,"href":"https:\/\/www.automakersnews.cz\/index.php\/wp-json\/wp\/v2\/tags?post=34105"}],"curies":[{"name":"wp","href":"https:\/\/api.w.org\/{rel}","templated":true}]}}