{"id":343,"date":"2022-08-18T09:51:54","date_gmt":"2022-08-18T09:51:54","guid":{"rendered":"http:\/\/www.automakersnews.cz\/?p=343"},"modified":"2022-09-18T19:26:43","modified_gmt":"2022-09-18T19:26:43","slug":"bmw-spousti-v-lipsku-druhou-linku-na-baterie","status":"publish","type":"post","link":"https:\/\/www.automakersnews.cz\/index.php\/2022\/08\/18\/bmw-spousti-v-lipsku-druhou-linku-na-baterie\/","title":{"rendered":"BMW spou\u0161t\u00ed v sask\u00e9m Lipsku druhou linku na baterie"},"content":{"rendered":"<h3><strong>V tov\u00e1rn\u011b BMW Group v Lipsku byla spu\u0161t\u011bna druh\u00e1 linka na v\u00fdrobu bateriov\u00fdch modul\u016f. Tyto moduly p\u0159in\u00e1\u0161ej\u00ed jsou ur\u010den\u00e9 pro \u010dist\u011b elektrick\u00e9 BMW i4 vyr\u00e1b\u011bn\u00e9 v Mnichov\u011b. Prvn\u00ed takov\u00e1 v\u00fdrobn\u00ed linka tov\u00e1rny v Lipsku byla spu\u0161t\u011bna v kv\u011btnu 2021 a dod\u00e1v\u00e1 bateriov\u00e9 moduly pro BMW iX.<\/strong><!--more--><\/h3>\n<p>\u201eDne\u0161n\u00ed spu\u0161t\u011bn\u00ed druh\u00e9 v\u00fdrobn\u00ed linky bateriov\u00fdch modul\u016f v Lipsku v\u00fdznamn\u011b p\u0159isp\u00edv\u00e1 k dod\u00e1v\u00e1n\u00ed bateriov\u00fdch komponent\u016f pot\u0159ebn\u00fdch pro v\u00fdrobu neust\u00e1le se zvy\u0161uj\u00edc\u00edho po\u010dtu elektrifikovan\u00fdch voz\u016f,\u201c uvedl Markus Fallb\u00f6hmer, vedouc\u00ed v\u00fdroby motor\u016f a elektrick\u00fdch pohon\u016f v BMW Group.<\/p>\n<p>Postupn\u00fdm roz\u0161i\u0159ov\u00e1n\u00edm v\u00fdroby komponent\u016f elektrick\u00e9ho pohonu se BMW Group st\u00e1le v\u00edce p\u0159ibli\u017euje sv\u00e9mu c\u00edli pro rok 2030, kdy by m\u011bly \u010dist\u011b elektrick\u00e9 modely tvo\u0159it nejm\u00e9n\u011b polovinu prodej\u016f BMW Group.<\/p>\n<p><img loading=\"lazy\" decoding=\"async\" class=\"alignnone wp-image-349\" src=\"http:\/\/www.automakersnews.cz\/wp-content\/uploads\/2022\/08\/P90473549_highRes_production-of-batter-small-6-300x200.jpg\" alt=\"\" width=\"993\" height=\"662\" srcset=\"https:\/\/www.automakersnews.cz\/wp-content\/uploads\/2022\/08\/P90473549_highRes_production-of-batter-small-6-300x200.jpg 300w, https:\/\/www.automakersnews.cz\/wp-content\/uploads\/2022\/08\/P90473549_highRes_production-of-batter-small-6.jpg 627w\" sizes=\"auto, (max-width: 993px) 100vw, 993px\" \/><\/p>\n<p><strong>Zaji\u0161t\u011bn\u00ed budouc\u00edho rozvoje tov\u00e1rny v\u00a0Lipsku.<\/strong><strong><br \/>\n<\/strong>Samotn\u00e1 nov\u00e1 linka na v\u00fdrobu bateriov\u00fdch modul\u016f si vy\u017e\u00e1dala investici ve v\u00fd\u0161i p\u0159ibli\u017en\u011b 70 milion\u016f eur. S pokra\u010duj\u00edc\u00edm roz\u0161i\u0159ov\u00e1n\u00edm v\u00fdroby komponent\u016f elektrick\u00e9ho pohonu vznikaj\u00ed tak\u00e9 nov\u00e1 pracovn\u00ed m\u00edsta, p\u0159i\u010dem\u017e do konce roku 2022 bude na nov\u00e9 lince pracovat p\u0159ibli\u017en\u011b 250 lid\u00ed. Ti dopln\u00ed sou\u010dasn\u00fdch v\u00edce ne\u017e 700 zam\u011bstnanc\u016f, kte\u0159\u00ed ji\u017e v Lipsku vyr\u00e1b\u011bj\u00ed komponenty elektrick\u00e9ho pohonu.<\/p>\n<p>Druh\u00fd v\u00fdrobn\u00ed syst\u00e9m bateriov\u00fdch modul\u016f v\u00a0tov\u00e1rn\u011b Lipsko zab\u00edr\u00e1 plochu p\u0159ibli\u017en\u011b 4250 m\u00b2 a vyu\u017e\u00edv\u00e1 v\u00fdrobn\u00ed prostory BMW i, kter\u00e9 se uvolnily po ukon\u010den\u00ed v\u00fdroby BMW\u00a0i3 dne 30. \u010dervna. Ka\u017ed\u00fd bateriov\u00fd modul p\u0159ed t\u00edm, ne\u017e je kompletn\u00ed a p\u0159ipraven\u00fd k dal\u0161\u00edmu zpracov\u00e1n\u00ed, projde celkem 196 v\u00fdrobn\u00edmi stanicemi.<\/p>\n<p>\u201eTov\u00e1rna v Lipsku z\u016fst\u00e1v\u00e1 elektrifikovan\u00e1,\u201c uvedla Petra Peterh\u00e4nsel, \u0159editelka tohoto v\u00fdrobn\u00edho z\u00e1vodu. \u201eNyn\u00ed, kdy\u017e skon\u010dila v\u00fdroba BMW i3, m\u016f\u017eeme vyu\u017e\u00edt dovednosti a zku\u0161enosti na\u0161ich zam\u011bstnanc\u016f jinde a\u00a0nab\u00eddnout jim dlouhodob\u011b zaji\u0161t\u011bn\u00e1 pracovn\u00ed m\u00edsta,\u201c poznamenala s t\u00edm, \u017ee tak bude i nad\u00e1le zaji\u0161t\u011bna funguj\u00edc\u00ed budoucnost t\u00e9to tov\u00e1rny.<\/p>\n<p>V r\u00e1mci p\u0159\u00edprav na neust\u00e1l\u00fd n\u00e1r\u016fst v\u00fdroby elektrick\u00fdch voz\u016f dojde ji\u017e v\u00a0p\u0159\u00ed\u0161t\u00edm roce k\u00a0roz\u0161\u00ed\u0159en\u00ed a zv\u00fd\u0161en\u00ed flexibility v\u00fdroby komponent\u016f elektrick\u00e9ho pohonu v\u00a0Lipsku, p\u0159i\u010dem\u017e v nadch\u00e1zej\u00edc\u00edch etap\u00e1ch programu roz\u0161i\u0159ov\u00e1n\u00ed vzniknou dal\u0161\u00ed nov\u00e1 pracovn\u00ed m\u00edsta. Dal\u0161\u00edm v\u00fdznamn\u00fdm miln\u00edkem bude v\u00fdroba n\u00e1stupce modelu MINI Countryman, kter\u00fd m\u00e1 ze zdej\u0161\u00edch v\u00fdrobn\u00edch linek sj\u00ed\u017ed\u011bt od roku 2023. Tento crossover bude k dispozici jak se spalovac\u00edmi motory, tak s \u010dist\u011b elektrick\u00fdm pohonem.<\/p>\n<p><img loading=\"lazy\" decoding=\"async\" class=\"alignnone wp-image-348\" src=\"http:\/\/www.automakersnews.cz\/wp-content\/uploads\/2022\/08\/P90473546_highRes_production-of-batter-small-5-300x200.jpg\" alt=\"\" width=\"977\" height=\"651\" srcset=\"https:\/\/www.automakersnews.cz\/wp-content\/uploads\/2022\/08\/P90473546_highRes_production-of-batter-small-5-300x200.jpg 300w, https:\/\/www.automakersnews.cz\/wp-content\/uploads\/2022\/08\/P90473546_highRes_production-of-batter-small-5.jpg 626w\" sizes=\"auto, (max-width: 977px) 100vw, 977px\" \/><\/p>\n<p><strong>Od bateriov\u00e9ho \u010dl\u00e1nku k vysokonap\u011b\u0165ov\u00e9 baterii.<\/strong><strong><br \/>\n<\/strong>V\u00fdrobu vysokonap\u011b\u0165ov\u00fdch bateri\u00ed lze rozd\u011blit do dvou f\u00e1z\u00ed: v\u00fdroba bateriov\u00fdch modul\u016f a mont\u00e1\u017e samotn\u00e9 vysokonap\u011b\u0165ov\u00e9 baterie.<\/p>\n<p>V\u00fdroba bateriov\u00fdch modul\u016f je vysoce automatizovan\u00fd proces, p\u0159i n\u011bm\u017e lithium-iontov\u00e9 \u010dl\u00e1nky nejprve proch\u00e1zej\u00ed plazmov\u00fdm \u010di\u0161t\u011bn\u00edm a pot\u00e9 jsou pota\u017eeny speci\u00e1ln\u011b vyvinut\u00fdm syst\u00e9mem, kter\u00fd zaji\u0161\u0165uje jejich \u00fa\u010dinnou izolaci. N\u00e1sledn\u011b se spojuj\u00ed do v\u011bt\u0161\u00edch celk\u016f zn\u00e1m\u00fdch jako moduly. BMW Group odeb\u00edr\u00e1 sv\u00e9 bateriov\u00e9 \u010dl\u00e1nky od partner\u016f, kte\u0159\u00ed je vyr\u00e1b\u011bj\u00ed p\u0159esn\u011b podle specifikac\u00ed spole\u010dnosti.<\/p>\n<p>Hotov\u00e9 bateriov\u00e9 moduly se pak instaluj\u00ed do hlin\u00edkov\u00e9ho pouzdra spolu s\u00a0konektory a \u0159\u00eddic\u00edmi a chladic\u00edmi jednotkami. Velikost a tvar pouzder a po\u010det pou\u017eit\u00fdch bateriov\u00fdch modul\u016f se li\u0161\u00ed podle pou\u017eit\u00ed v\u00a0konkr\u00e9tn\u00edm voze. Ka\u017ed\u00e1 vysokonap\u011b\u0165ov\u00e1 baterie je t\u00edmto zp\u016fsobem ide\u00e1ln\u011b p\u0159izp\u016fsobena konkr\u00e9tn\u00edmu modelu, kter\u00fd bude nap\u00e1jet.<\/p>\n<p><img loading=\"lazy\" decoding=\"async\" class=\"alignnone wp-image-347\" src=\"http:\/\/www.automakersnews.cz\/wp-content\/uploads\/2022\/08\/P90473551_highRes_production-of-batter-small-4-300x200.jpg\" alt=\"\" width=\"977\" height=\"651\" srcset=\"https:\/\/www.automakersnews.cz\/wp-content\/uploads\/2022\/08\/P90473551_highRes_production-of-batter-small-4-300x200.jpg 300w, https:\/\/www.automakersnews.cz\/wp-content\/uploads\/2022\/08\/P90473551_highRes_production-of-batter-small-4.jpg 627w\" sizes=\"auto, (max-width: 977px) 100vw, 977px\" \/><\/p>\n<p><strong>Glob\u00e1ln\u00ed v\u00fdrobn\u00ed s\u00ed\u0165 pro elektrick\u00e9 pohony soust\u0159ed\u011bn\u00e1 v\u00a0N\u011bmecku.<\/strong><strong><br \/>\n<\/strong>Aby bylo mo\u017en\u00e9 uspokojit rostouc\u00ed popt\u00e1vku po v\u00fdrobn\u00ed kapacit\u011b komponent elektrick\u00fdch pohon\u016f, vyu\u017e\u00edv\u00e1 BMW Group celosv\u011btovou v\u00fdrobn\u00ed s\u00ed\u0165. Vysokonap\u011b\u0165ov\u00e9 baterie a bateriov\u00e9 komponenty pro celou \u0159adu elektrifikovan\u00fdch voz\u016f BMW a MINI se vyr\u00e1b\u011bj\u00ed ve vlastn\u00edch bateriov\u00fdch tov\u00e1rn\u00e1ch v Dingolfingu, Lipsku a Regensburgu v N\u011bmecku a tak\u00e9 ve Spartanburgu (USA) a Shenyangu (\u010c\u00edna). Lokalizovan\u00e1 v\u00fdroba vysokonap\u011b\u0165ov\u00fdch bateri\u00ed prob\u00edh\u00e1 tak\u00e9 v Thajsku, a to v tov\u00e1rn\u011b v Rayongu. V\u00a0Mnichov\u011b provozuje BMW Group zku\u0161ebn\u00ed tov\u00e1rnu na v\u00fdrobu komponent\u016f elektrick\u00e9ho pohonu a kompeten\u010dn\u00ed centrum pro bateriov\u00e9 \u010dl\u00e1nky, v\u00a0nich\u017e se komplexn\u011b analyzuj\u00ed jednotliv\u00e9 procesy v\u00fdroby bateriov\u00fdch \u010dl\u00e1nk\u016f a sou\u010dasn\u011b se zdokonaluj\u00ed technologie v\u00fdrobn\u00edch proces\u016f.<\/p>\n<p>Kousek od Mnichova BMW Group brzy otev\u0159e kompeten\u010dn\u00ed centrum pro v\u00fdrobu bateriov\u00fdch \u010dl\u00e1nk\u016f. Nov\u00e9 centrum situovan\u00e9 v Parsdorfu v\u00fdchodn\u011b od Mnichova bude zku\u0161ebn\u00edm v\u00fdrobn\u00edm z\u00e1vodem pro produkci bateriov\u00fdch \u010dl\u00e1nk\u016f. Bude simulovat s\u00e9riovou v\u00fdrobu lithium-iontov\u00fdch bateriov\u00fdch \u010dl\u00e1nk\u016f a\u00a0ov\u011b\u0159ovat proveditelnost jejich velkos\u00e9riov\u00e9 v\u00fdroby, a to zejm\u00e9na s ohledem na kvalitu, \u010das a n\u00e1klady.<\/p>\n<p>V\u00a0tov\u00e1rn\u00e1ch v Dingolfingu a Landshutu m\u00e1 BMW Group vlastn\u00ed kompeten\u010dn\u00ed centra pro v\u00fdrobu komponent\u016f elektrick\u00e9ho pohonu. Sk\u0159\u00edn\u011b vysoce integrovan\u00fdch elektrick\u00fdch hnac\u00edch jednotek p\u00e1t\u00e9 generace se vyr\u00e1b\u011bj\u00ed v\u00a0tov\u00e1rn\u011b BMW Group v\u00a0rakousk\u00e9m Steyru.<\/p>\n<p><img loading=\"lazy\" decoding=\"async\" class=\"alignnone wp-image-345\" src=\"http:\/\/www.automakersnews.cz\/wp-content\/uploads\/2022\/08\/P90473544_highRes_production-of-batter-small-2-300x200.jpg\" alt=\"\" width=\"984\" height=\"656\" srcset=\"https:\/\/www.automakersnews.cz\/wp-content\/uploads\/2022\/08\/P90473544_highRes_production-of-batter-small-2-300x200.jpg 300w, https:\/\/www.automakersnews.cz\/wp-content\/uploads\/2022\/08\/P90473544_highRes_production-of-batter-small-2.jpg 626w\" sizes=\"auto, (max-width: 984px) 100vw, 984px\" \/><\/p>\n","protected":false},"excerpt":{"rendered":"<div class=\"mh-excerpt\"><p>V tov\u00e1rn\u011b BMW Group v Lipsku byla spu\u0161t\u011bna druh\u00e1 linka na v\u00fdrobu bateriov\u00fdch modul\u016f. Tyto moduly p\u0159in\u00e1\u0161ej\u00ed jsou ur\u010den\u00e9 pro \u010dist\u011b elektrick\u00e9 BMW i4 vyr\u00e1b\u011bn\u00e9 <a class=\"mh-excerpt-more\" href=\"https:\/\/www.automakersnews.cz\/index.php\/2022\/08\/18\/bmw-spousti-v-lipsku-druhou-linku-na-baterie\/\" title=\"BMW spou\u0161t\u00ed v sask\u00e9m Lipsku druhou linku na baterie\">[&#8230;]<\/a><\/p>\n<\/div>","protected":false},"author":2,"featured_media":344,"comment_status":"open","ping_status":"open","sticky":false,"template":"","format":"standard","meta":{"footnotes":""},"categories":[22],"tags":[],"class_list":["post-343","post","type-post","status-publish","format-standard","has-post-thumbnail","hentry","category-elektromobily"],"_links":{"self":[{"href":"https:\/\/www.automakersnews.cz\/index.php\/wp-json\/wp\/v2\/posts\/343","targetHints":{"allow":["GET"]}}],"collection":[{"href":"https:\/\/www.automakersnews.cz\/index.php\/wp-json\/wp\/v2\/posts"}],"about":[{"href":"https:\/\/www.automakersnews.cz\/index.php\/wp-json\/wp\/v2\/types\/post"}],"author":[{"embeddable":true,"href":"https:\/\/www.automakersnews.cz\/index.php\/wp-json\/wp\/v2\/users\/2"}],"replies":[{"embeddable":true,"href":"https:\/\/www.automakersnews.cz\/index.php\/wp-json\/wp\/v2\/comments?post=343"}],"version-history":[{"count":0,"href":"https:\/\/www.automakersnews.cz\/index.php\/wp-json\/wp\/v2\/posts\/343\/revisions"}],"wp:featuredmedia":[{"embeddable":true,"href":"https:\/\/www.automakersnews.cz\/index.php\/wp-json\/wp\/v2\/media\/344"}],"wp:attachment":[{"href":"https:\/\/www.automakersnews.cz\/index.php\/wp-json\/wp\/v2\/media?parent=343"}],"wp:term":[{"taxonomy":"category","embeddable":true,"href":"https:\/\/www.automakersnews.cz\/index.php\/wp-json\/wp\/v2\/categories?post=343"},{"taxonomy":"post_tag","embeddable":true,"href":"https:\/\/www.automakersnews.cz\/index.php\/wp-json\/wp\/v2\/tags?post=343"}],"curies":[{"name":"wp","href":"https:\/\/api.w.org\/{rel}","templated":true}]}}