{"id":34307,"date":"2023-03-29T09:02:45","date_gmt":"2023-03-29T09:02:45","guid":{"rendered":"https:\/\/www.automakersnews.cz\/?p=34307"},"modified":"2023-03-29T11:23:42","modified_gmt":"2023-03-29T11:23:42","slug":"konec-prodeje-aut-na-benzin-a-naftu-schvalen","status":"publish","type":"post","link":"https:\/\/www.automakersnews.cz\/index.php\/2023\/03\/29\/konec-prodeje-aut-na-benzin-a-naftu-schvalen\/","title":{"rendered":"Konec prodeje aut na benz\u00edn a naftu schv\u00e1len, proti bylo jen Polsko"},"content":{"rendered":"<p><strong><span style=\"font-family: Times New Roman, serif;\"><span style=\"font-size: large;\"><span style=\"color: #000000;\">\u010clensk\u00e9 zem\u011b EU definitivn\u011b schv\u00e1lily 28. b\u0159ezna normu, kter\u00e1 od roku 2035 prakticky znemo\u017e\u0148uje prodej nov\u00fdch benz\u00ednov\u00fdch a naftov\u00fdch aut. Jen jedna zem\u011b byla proti!<\/span><\/span><\/span><\/strong><!--more--><\/p>\n<p><span style=\"font-family: Times New Roman, serif;\"><span style=\"font-size: large;\"><span style=\"color: #000000;\">Souhlasu unijn\u00edch ministr\u016f s dlouho diskutovan\u00fdmi pravidly p\u0159edch\u00e1zela dohoda N\u011bmecka s Evropskou komis\u00ed, kter\u00e1 zaji\u0161\u0165uje mo\u017enost d\u00e1le vyu\u017e\u00edvat spalovac\u00ed motory poh\u00e1n\u011bn\u00e9 v\u00fdhradn\u011b syntetick\u00fdmi palivy. Proto\u017ee s normou ji\u017e d\u0159\u00edve souhlasili i europoslanci, m\u016f\u017ee nyn\u00ed vstoupit v platnost. <\/span><\/span><\/span><\/p>\n<p><span style=\"font-family: Times New Roman, serif;\"><span style=\"font-size: large;\"><span style=\"color: #000000;\">It\u00e1lie, Bulharsko a Rumunsko se podle agentury Reuters hlasov\u00e1n\u00ed zdr\u017eely. Polsko bylo proti, ozna\u010dilo z\u00e1kon za nerealistick\u00fd a uvedlo, \u017ee kv\u016fli n\u011bmu hroz\u00ed r\u016fst cen nov\u00fdch aut. Podobn\u00fd n\u00e1zor ji\u017e v minulosti projevilo \u010desk\u00e9 Sdru\u017een\u00ed automobilov\u00e9ho pr\u016fmyslu, kter\u00e9 varovalo, \u017ee si v d\u016fsledku takov\u00e9ho na\u0159\u00edzen\u00ed lid\u00e9 mohou nech\u00e1vat sv\u00e1 star\u0161\u00ed, m\u00e9n\u011b ekologick\u00e1 auta d\u00e9le.<\/span><\/span><\/span><\/p>\n<p><img loading=\"lazy\" decoding=\"async\" class=\"size-full wp-image-19\" src=\"http:\/\/www.automakersnews.cz\/wp-content\/uploads\/2021\/09\/AutoSAP-Petzl-2020-1024x683-1.jpg\" alt=\"\" width=\"1024\" height=\"683\" srcset=\"https:\/\/www.automakersnews.cz\/wp-content\/uploads\/2021\/09\/AutoSAP-Petzl-2020-1024x683-1.jpg 1024w, https:\/\/www.automakersnews.cz\/wp-content\/uploads\/2021\/09\/AutoSAP-Petzl-2020-1024x683-1-300x200.jpg 300w, https:\/\/www.automakersnews.cz\/wp-content\/uploads\/2021\/09\/AutoSAP-Petzl-2020-1024x683-1-768x512.jpg 768w\" sizes=\"auto, (max-width: 1024px) 100vw, 1024px\" \/><\/p>\n<p>Zden\u011bk Petzl<span style=\"color: #000000;\">\u201e<\/span><span style=\"color: #000000;\"><span style=\"font-family: Georgia, serif;\"><span style=\"font-size: large;\">Nejde zdaleka jen o\u00a0automobilky, ale i\u00a0jejich dodavatele, pro n\u011b\u017e bude p\u0159\u00ed\u0161t\u00ed desetilet\u00ed extr\u00e9mn\u011b n\u00e1ro\u010dn\u00e9 a\u00a0velmi n\u00e1kladn\u00e9, z\u00a0hlediska pl\u00e1nov\u00e1n\u00ed a\u00a0p\u0159eskupov\u00e1n\u00ed v\u00fdroby st\u00e1vaj\u00edc\u00edch i\u00a0nov\u011b po\u017eadovan\u00fdch technologi\u00ed. Negativn\u00ed dopady lze proto o\u010dek\u00e1vat v\u00a0r\u00e1mci cel\u00e9ho hodnotov\u00e9ho \u0159et\u011bzce autopr\u016fmyslu, a\u00a0to v\u010detn\u011b dopad\u016f na pracovn\u00ed trh,\u201c uvedl v\u00a0minulosti Zden\u011bk Petzl ze sdru\u017een\u00ed AutoSAP.<\/span><\/span><\/span><\/p>\n<p><span style=\"color: #000000;\"><span style=\"font-family: Georgia, serif;\"><span style=\"font-size: large;\">Z\u00e1kon krom\u011b vy\u017eadov\u00e1n\u00ed nulov\u00fdch emis\u00ed CO2\u00a0z\u00a0osobn\u00edch aut od roku 2035\u00a0\u2013 s\u00a0ji\u017e zm\u00edn\u011bnou v\u00fdjimkou, spaluje-li v\u016fz v\u00fdhradn\u011b syntetick\u00e1 paliva\u00a0\u2013 bude tak\u00e9 v\u00a0roce 2030\u00a0vy\u017eadovat p\u011btapades\u00e1tiprocentn\u00ed sn\u00ed\u017een\u00ed emis\u00ed tohoto d\u00e9monizovan\u00e9ho plynu ve srovn\u00e1n\u00ed s\u00a0\u00farovn\u011bmi roku 2021. <\/span><\/span><\/span><\/p>\n<p><span style=\"color: #000000;\"><span style=\"font-family: Georgia, serif;\"><span style=\"font-size: large;\">Norma, jej\u00ed\u017e podobu dohodlo koncem \u0159\u00edjna \u010desk\u00e9 p\u0159edsednictv\u00ed, je sou\u010d\u00e1st\u00ed bal\u00ed\u010dku n\u00e1vrh\u016f k\u00a0v\u00fdrazn\u00e9mu omezen\u00ed emis\u00ed sklen\u00edkov\u00fdch plyn\u016f. Vedle nulov\u00fdch emis\u00ed oxidu uhli\u010dit\u00e9ho od roku 2035\u00a0zav\u00e1d\u00ed tak\u00e9 postupn\u00fd c\u00edl sn\u00ed\u017eit jeho zplodiny do konce tohoto desetilet\u00ed o\u00a055\u00a0procent proti hodnot\u00e1m z\u00a0roku 2021. Berl\u00edn m\u011bl s\u00a0jej\u00edm zn\u011bn\u00edm probl\u00e9my, nebo\u0165 podle n\u011bj dostate\u010dn\u011b nezaru\u010dovala v\u00fdjimky pro vyu\u017e\u00edv\u00e1n\u00ed motor\u016f na syntetick\u00e1 paliva, ozna\u010dovan\u00e1 tak\u00e9 jako e-paliva. <\/span><\/span><\/span><\/p>\n<p><span style=\"color: #000000;\"><span style=\"font-family: Georgia, serif;\"><span style=\"font-size: large;\">K\u00a0jeho po\u017eadavk\u016fm se p\u0159idaly i\u00a0dal\u0161\u00ed zem\u011b v\u010detn\u011b \u010ceska, \u010d\u00edm\u017e z\u00edskaly dost hlas\u016f pro zablokov\u00e1n\u00ed n\u00e1vrhu.<\/span><\/span><\/span><\/p>\n<p><img loading=\"lazy\" decoding=\"async\" class=\"alignnone size-full wp-image-22368\" src=\"http:\/\/www.automakersnews.cz\/wp-content\/uploads\/2023\/02\/Ferrari_Logo2.jpg\" alt=\"\" width=\"1024\" height=\"768\" srcset=\"https:\/\/www.automakersnews.cz\/wp-content\/uploads\/2023\/02\/Ferrari_Logo2.jpg 1024w, https:\/\/www.automakersnews.cz\/wp-content\/uploads\/2023\/02\/Ferrari_Logo2-300x225.jpg 300w, https:\/\/www.automakersnews.cz\/wp-content\/uploads\/2023\/02\/Ferrari_Logo2-768x576.jpg 768w, https:\/\/www.automakersnews.cz\/wp-content\/uploads\/2023\/02\/Ferrari_Logo2-678x509.jpg 678w, https:\/\/www.automakersnews.cz\/wp-content\/uploads\/2023\/02\/Ferrari_Logo2-326x245.jpg 326w, https:\/\/www.automakersnews.cz\/wp-content\/uploads\/2023\/02\/Ferrari_Logo2-80x60.jpg 80w\" sizes=\"auto, (max-width: 1024px) 100vw, 1024px\" \/><\/p>\n<p><span style=\"color: #000000;\"><span style=\"font-family: Georgia, serif;\"><span style=\"font-size: large;\"> Italsk\u00e1 automobilka Ferrari navzdory postoji sv\u00e9 vl\u00e1dy s\u00a0rozhodnut\u00edm souhlas\u00ed, proto\u017ee i\u00a0v sou\u010dasn\u00e9m stavu d\u00e1 jej\u00edm z\u00e1kazn\u00edk\u016fm \u0161ir\u0161\u00ed mo\u017enost volby, jak\u00fd v\u016fz si koupit. Evropsk\u00e1 komise podle agentury Reuters vytvo\u0159\u00ed novou kategorii vozidel speci\u00e1ln\u011b pro ta, kter\u00e1 mohou b\u011b\u017eet jen na uhl\u00edkov\u011b neutr\u00e1ln\u00ed paliva. N\u011bmecko m\u00e1 pot\u00e9 vypracovat dal\u0161\u00ed regulaci, kter\u00e1 up\u0159esn\u00ed, jak tato auta mohou p\u0159isp\u011bt k\u00a0emisn\u00edm c\u00edl\u016fm roku 2035.<\/span><\/span><\/span><\/p>\n<p><strong>Zdroj: Marek Bedn\u00e1\u0159, novinky.cz, Reuters<\/strong><\/p>\n","protected":false},"excerpt":{"rendered":"<div class=\"mh-excerpt\"><p>\u010clensk\u00e9 zem\u011b EU definitivn\u011b schv\u00e1lily 28. b\u0159ezna normu, kter\u00e1 od roku 2035 prakticky znemo\u017e\u0148uje prodej nov\u00fdch benz\u00ednov\u00fdch a naftov\u00fdch aut. Jen jedna zem\u011b byla proti!<\/p>\n<\/div>","protected":false},"author":1,"featured_media":715,"comment_status":"open","ping_status":"open","sticky":false,"template":"","format":"standard","meta":{"footnotes":""},"categories":[21],"tags":[],"class_list":["post-34307","post","type-post","status-publish","format-standard","has-post-thumbnail","hentry","category-legislativa"],"_links":{"self":[{"href":"https:\/\/www.automakersnews.cz\/index.php\/wp-json\/wp\/v2\/posts\/34307","targetHints":{"allow":["GET"]}}],"collection":[{"href":"https:\/\/www.automakersnews.cz\/index.php\/wp-json\/wp\/v2\/posts"}],"about":[{"href":"https:\/\/www.automakersnews.cz\/index.php\/wp-json\/wp\/v2\/types\/post"}],"author":[{"embeddable":true,"href":"https:\/\/www.automakersnews.cz\/index.php\/wp-json\/wp\/v2\/users\/1"}],"replies":[{"embeddable":true,"href":"https:\/\/www.automakersnews.cz\/index.php\/wp-json\/wp\/v2\/comments?post=34307"}],"version-history":[{"count":0,"href":"https:\/\/www.automakersnews.cz\/index.php\/wp-json\/wp\/v2\/posts\/34307\/revisions"}],"wp:featuredmedia":[{"embeddable":true,"href":"https:\/\/www.automakersnews.cz\/index.php\/wp-json\/wp\/v2\/media\/715"}],"wp:attachment":[{"href":"https:\/\/www.automakersnews.cz\/index.php\/wp-json\/wp\/v2\/media?parent=34307"}],"wp:term":[{"taxonomy":"category","embeddable":true,"href":"https:\/\/www.automakersnews.cz\/index.php\/wp-json\/wp\/v2\/categories?post=34307"},{"taxonomy":"post_tag","embeddable":true,"href":"https:\/\/www.automakersnews.cz\/index.php\/wp-json\/wp\/v2\/tags?post=34307"}],"curies":[{"name":"wp","href":"https:\/\/api.w.org\/{rel}","templated":true}]}}