{"id":34340,"date":"2023-03-29T09:26:54","date_gmt":"2023-03-29T09:26:54","guid":{"rendered":"https:\/\/www.automakersnews.cz\/?p=34340"},"modified":"2023-03-29T10:50:06","modified_gmt":"2023-03-29T10:50:06","slug":"bedrnova-chysta-premieru-nove-ds-3","status":"publish","type":"post","link":"https:\/\/www.automakersnews.cz\/index.php\/2023\/03\/29\/bedrnova-chysta-premieru-nove-ds-3\/","title":{"rendered":"Bedrnov\u00e1 chyst\u00e1 premi\u00e9ru nov\u00e9 DS 3"},"content":{"rendered":"<p><strong>\u0158editelka zna\u010dky DS Martina Bedrnov\u00e1 pr\u00e1v\u011b uv\u00e1d\u00ed na trh novou DS 3, kter\u00e1 p\u0159ich\u00e1z\u00ed do \u010cR jak s benz\u00ednov\u00fdm a dieselov\u00fdm pohonem, tak i v pln\u011b elektrick\u00e9 verzi. Novin\u00e1\u0159skou premi\u00e9ru bude m\u00edt v\u016fz v p\u00e1tek, celkovou pozici DS shrnula Martina pro Import\u00e9rsk\u00fd speci\u00e1l Automakers.<\/strong><!--more--><\/p>\n<p>&#8222;Vozy DS si st\u00e1le na na\u0161em trhu pozici buduj\u00ed mus\u00edm \u0159\u00edci, \u017ee \u00fasp\u011b\u0161n\u011b. Zna\u010dku DS prod\u00e1v\u00e1me v \u010cR od roku 2019, kdy vznikl jedine\u010dn\u00fd prodejn\u00ed prostor DS STORE Praha na \u010cern\u00e9m most\u011b. Ka\u017ed\u00fdm rokem rosteme v prodej\u00edch o 50% a loni dokonce o v\u00edce ne\u017e 70%. Pat\u0159\u00edme do segmentu pr\u00e9miov\u00fdch voz\u016f, kter\u00fd je u n\u00e1s tradi\u010dn\u011b ovl\u00e1d\u00e1n n\u011bmeck\u00fdmi zna\u010dkami a tak se samoz\u0159ejm\u011b z postupu vzh\u016fru velmi radujeme. Je p\u0159\u00edjemn\u00e9 vid\u011bt, \u017ee i \u010desk\u00fd z\u00e1kazn\u00edk ocen\u00ed francouzsk\u00fd \u0161arm a luxus a po\u0159izuje si na\u0161e vozy. Jsme spokojen\u00ed,&#8220; uvedla Bedrnov\u00e1 v rozhovoru.<\/p>\n<p>DS m\u00e1 v \u010cR 3 stabiln\u00ed prodejn\u00ed m\u00edsta. Hlavn\u00ed je DS STORE Praha u spole\u010dnosti Domansk\u00fd na \u010cern\u00e9m most\u011b a pak na Morav\u011b p\u016fsob\u00ed dva DS servisy s agentsk\u00fdm zastoupen\u00edm pro prodej. Je to partner Carling Auto v Brn\u011b a Kodecar v Ostrav\u011b.<\/p>\n<p><strong>Jak\u00e9 modely DS pat\u0159ily v lo\u0148sk\u00e9m roce mezi prodejn\u011b nej\u00fasp\u011b\u0161n\u011bj\u0161\u00ed? A co zna\u010dka chyst\u00e1 na leto\u0161ek? Do\u010dtete se v dubnov\u00e9m Import\u00e9rsk\u00e9m speci\u00e1lu 2023!\u00a0<\/strong><\/p>\n<p><img loading=\"lazy\" decoding=\"async\" class=\"alignnone size-full wp-image-34341\" src=\"http:\/\/www.automakersnews.cz\/wp-content\/uploads\/2023\/03\/DS-Bedrnova-stranka-e1680081966974.png\" alt=\"\" width=\"400\" height=\"566\" srcset=\"https:\/\/www.automakersnews.cz\/wp-content\/uploads\/2023\/03\/DS-Bedrnova-stranka-e1680081966974.png 400w, https:\/\/www.automakersnews.cz\/wp-content\/uploads\/2023\/03\/DS-Bedrnova-stranka-e1680081966974-212x300.png 212w\" sizes=\"auto, (max-width: 400px) 100vw, 400px\" \/><\/p>\n<p>&nbsp;<\/p>\n","protected":false},"excerpt":{"rendered":"<div class=\"mh-excerpt\"><p>\u0158editelka zna\u010dky DS Martina Bedrnov\u00e1 pr\u00e1v\u011b uv\u00e1d\u00ed na trh novou DS 3, kter\u00e1 p\u0159ich\u00e1z\u00ed do \u010cR jak s benz\u00ednov\u00fdm a dieselov\u00fdm pohonem, tak i v <a class=\"mh-excerpt-more\" href=\"https:\/\/www.automakersnews.cz\/index.php\/2023\/03\/29\/bedrnova-chysta-premieru-nove-ds-3\/\" title=\"Bedrnov\u00e1 chyst\u00e1 premi\u00e9ru nov\u00e9 DS 3\">[&#8230;]<\/a><\/p>\n<\/div>","protected":false},"author":1,"featured_media":5543,"comment_status":"open","ping_status":"open","sticky":false,"template":"","format":"standard","meta":{"footnotes":""},"categories":[61],"tags":[],"class_list":["post-34340","post","type-post","status-publish","format-standard","has-post-thumbnail","hentry","category-rozhovor"],"_links":{"self":[{"href":"https:\/\/www.automakersnews.cz\/index.php\/wp-json\/wp\/v2\/posts\/34340","targetHints":{"allow":["GET"]}}],"collection":[{"href":"https:\/\/www.automakersnews.cz\/index.php\/wp-json\/wp\/v2\/posts"}],"about":[{"href":"https:\/\/www.automakersnews.cz\/index.php\/wp-json\/wp\/v2\/types\/post"}],"author":[{"embeddable":true,"href":"https:\/\/www.automakersnews.cz\/index.php\/wp-json\/wp\/v2\/users\/1"}],"replies":[{"embeddable":true,"href":"https:\/\/www.automakersnews.cz\/index.php\/wp-json\/wp\/v2\/comments?post=34340"}],"version-history":[{"count":0,"href":"https:\/\/www.automakersnews.cz\/index.php\/wp-json\/wp\/v2\/posts\/34340\/revisions"}],"wp:featuredmedia":[{"embeddable":true,"href":"https:\/\/www.automakersnews.cz\/index.php\/wp-json\/wp\/v2\/media\/5543"}],"wp:attachment":[{"href":"https:\/\/www.automakersnews.cz\/index.php\/wp-json\/wp\/v2\/media?parent=34340"}],"wp:term":[{"taxonomy":"category","embeddable":true,"href":"https:\/\/www.automakersnews.cz\/index.php\/wp-json\/wp\/v2\/categories?post=34340"},{"taxonomy":"post_tag","embeddable":true,"href":"https:\/\/www.automakersnews.cz\/index.php\/wp-json\/wp\/v2\/tags?post=34340"}],"curies":[{"name":"wp","href":"https:\/\/api.w.org\/{rel}","templated":true}]}}