{"id":34631,"date":"2023-03-30T08:38:25","date_gmt":"2023-03-30T08:38:25","guid":{"rendered":"https:\/\/www.automakersnews.cz\/?p=34631"},"modified":"2023-03-30T08:38:25","modified_gmt":"2023-03-30T08:38:25","slug":"clfa-volila-nove-predstavenstvo","status":"publish","type":"post","link":"https:\/\/www.automakersnews.cz\/index.php\/2023\/03\/30\/clfa-volila-nove-predstavenstvo\/","title":{"rendered":"\u010cLFA volila nov\u00e9 p\u0159edstavenstvo"},"content":{"rendered":"<p><strong>Po necel\u00fdch dvou letech volila \u010dlensk\u00e1 sch\u016fze \u010cesk\u00e9 leasingov\u00e9 a finan\u010dn\u00ed asociace (\u010cLFA) nov\u00e9 p\u0159edstavenstvo. Post p\u0159edsedkyn\u011b obh\u00e1jila na dal\u0161\u00ed funk\u010dn\u00ed obdob\u00ed Jana Hanu\u0161ov\u00e1, gener\u00e1ln\u00ed \u0159editelka spole\u010dnosti ESSOX. 38 spole\u010dnost\u00ed sdru\u017een\u00fdch v \u010cesk\u00e9 leasingov\u00e9 a\u00a0finan\u010dn\u00ed asociaci poskytlo v\u00a0roce 2022 podnikatel\u016fm a spot\u0159ebitel\u016fm financov\u00e1n\u00ed v\u00a0celkov\u00e9m objemu 163,6 miliardy K\u010d.<\/strong><!--more--><\/p>\n<p>Leto\u0161n\u00ed \u010dlenskou sch\u016fzi prov\u00e1zela vysok\u00e1 \u00fa\u010dast. Z\u00a038 \u010dlen\u016f se volebn\u00ed sch\u016fze z\u00fa\u010dastnilo 35 z\u00e1stupc\u016f. Sv\u00e9 pozice v p\u0159edstavenstvu obh\u00e1jili tak\u00e9 m\u00edstop\u0159edsedov\u00e9 Karel Nov\u00e1\u010dek (p\u0159edseda p\u0159edstavenstva Factoring \u010cesk\u00e9 spo\u0159itelny) a Josef Vajsejtl (p\u0159edseda p\u0159edstavenstva \u010cSOB Leasing). \u010cleny p\u0159edstavenstva byli op\u011bt zvoleni Pavel Fo\u0159t (gener\u00e1ln\u00ed \u0159editel ALD Automotive), Lud\u011bk J\u00edr\u016f (p\u0159edseda p\u0159edstavenstva Home Credit), Josef Langmayer (jednatel Raiffeisen-Leasing) a Jakub St\u00e1rek (p\u0159edseda p\u0159edstavenstva UniCredit Leasing).<\/p>\n<p><em>\u201e<\/em><em>Jsem r\u00e1da, \u017ee mohu spolu s\u00a0kolegy i v\u00a0dal\u0161\u00edm funk\u010dn\u00edm obdob\u00ed p\u0159edstavenstva pokra\u010dovat v\u00a0rozpracovan\u00fdch aktivit\u00e1ch \u010cesk\u00e9 leasingov\u00e9 a finan\u010dn\u00ed asociace. V\u00a0uplynul\u00fdch dvou letech se n\u00e1m poda\u0159ilo upevnit renom\u00e9 \u010cLFA na n\u00e1rodn\u00ed i mezin\u00e1rodn\u00ed \u00farovni. Nyn\u00ed n\u00e1s \u010dekaj\u00ed dal\u0161\u00ed miln\u00edky ve schvalov\u00e1n\u00ed evropsk\u00e9 sm\u011brnice o spot\u0159ebitelsk\u00e9m \u00fav\u011bru i dal\u0161\u00edch z\u00e1konn\u00fdch norem. Budeme usilovat o\u00a0v\u011bt\u0161\u00ed podporu p\u0159i po\u0159\u00edzen\u00ed vozidel s\u00a0nov\u00fdmi ekologick\u00fdmi pohony a usilovat o zaji\u0161t\u011bn\u00ed dostupnosti jejich financov\u00e1n\u00ed. Je p\u0159ed n\u00e1mi skute\u010dn\u011b hodn\u011b pr\u00e1ce,\u201c <\/em>uvedla Jana Hanu\u0161ov\u00e1.<\/p>\n<p>\u010clensk\u00e1 sch\u016fze rovn\u011b\u017e schv\u00e1lila hlavn\u00ed priority \u010dinnosti pro n\u00e1sleduj\u00edc\u00ed rok. Asociace se bude \u010dast\u011bji profilovat jako l\u00eddr podpory p\u0159i financov\u00e1n\u00ed ekologick\u00fdch technologi\u00ed a n\u00edzkoemisn\u00edch vozidel. Zapoj\u00ed se do projedn\u00e1v\u00e1n\u00ed n\u00e1vrh\u016f v\u00a0r\u00e1mci legislativn\u00edho procesu, bude rozv\u00edjet asocia\u010dn\u00ed diskusi k\u00a0t\u00e9matu ESG a EU taxonomie. Sv\u00e1 stanoviska bude \u010cLFA aktivn\u011b prezentovat v\u00a0r\u00e1mci implementace<br \/>\ne-Governmentu. Jednou z\u00a0priorit bude tak\u00e9 prosazov\u00e1n\u00ed z\u00e1jm\u016f spole\u010dnost\u00ed financuj\u00edc\u00edch motorov\u00e1 vozidla.<\/p>\n<p><em>\u201e\u010cLFA bude i nad\u00e1le pokra\u010dovat v systematick\u00e9m budov\u00e1n\u00ed vztah\u016f s dal\u0161\u00edmi z\u00e1jmov\u00fdmi sdru\u017een\u00edmi a\u00a0institucemi, ale i s neziskov\u00fdm sektorem. Hlub\u0161\u00ed spolupr\u00e1ci budeme rozv\u00edjet v\u00a0r\u00e1mci evropsk\u00fdch finan\u010dn\u00edch konfederac\u00ed,\u201c<\/em> doplnila v\u00fd\u010det priorit Jana Hanu\u0161ov\u00e1. Zm\u00edn\u011bn\u00fd dal\u0161\u00ed rozvoj spolupr\u00e1ce na evropsk\u00e9 \u00farovni umo\u017e\u0148uje od roku 2021 i zastoupen\u00ed \u010cLFA v\u00a0evropsk\u00e9 asociaci Eurofinas \u2013 v jej\u00edm veden\u00ed zasedaj\u00ed Jana Hanu\u0161ov\u00e1 a tajemn\u00edk \u010cLFA Jaroslav Krutilek.<\/p>\n<p>\u010cesk\u00e1 leasingov\u00e1 a finan\u010dn\u00ed asociace sdru\u017euje 38 \u010dlensk\u00fdch spole\u010dnost\u00ed ze sektoru nebankovn\u00edho financov\u00e1n\u00ed. V oblasti podnikatelsk\u00e9ho financov\u00e1n\u00ed reprezentuj\u00ed 88 % trhu, u spot\u0159ebitelsk\u00e9ho financov\u00e1n\u00ed je to 87 % trhu. U factoringu dokonce 97 % trhu.<\/p>\n<p>&nbsp;<\/p>\n","protected":false},"excerpt":{"rendered":"<div class=\"mh-excerpt\"><p>Po necel\u00fdch dvou letech volila \u010dlensk\u00e1 sch\u016fze \u010cesk\u00e9 leasingov\u00e9 a finan\u010dn\u00ed asociace (\u010cLFA) nov\u00e9 p\u0159edstavenstvo. Post p\u0159edsedkyn\u011b obh\u00e1jila na dal\u0161\u00ed funk\u010dn\u00ed obdob\u00ed Jana Hanu\u0161ov\u00e1, gener\u00e1ln\u00ed <a class=\"mh-excerpt-more\" href=\"https:\/\/www.automakersnews.cz\/index.php\/2023\/03\/30\/clfa-volila-nove-predstavenstvo\/\" title=\"\u010cLFA volila nov\u00e9 p\u0159edstavenstvo\">[&#8230;]<\/a><\/p>\n<\/div>","protected":false},"author":2,"featured_media":34632,"comment_status":"open","ping_status":"open","sticky":false,"template":"","format":"standard","meta":{"footnotes":""},"categories":[57],"tags":[],"class_list":["post-34631","post","type-post","status-publish","format-standard","has-post-thumbnail","hentry","category-leasing"],"_links":{"self":[{"href":"https:\/\/www.automakersnews.cz\/index.php\/wp-json\/wp\/v2\/posts\/34631","targetHints":{"allow":["GET"]}}],"collection":[{"href":"https:\/\/www.automakersnews.cz\/index.php\/wp-json\/wp\/v2\/posts"}],"about":[{"href":"https:\/\/www.automakersnews.cz\/index.php\/wp-json\/wp\/v2\/types\/post"}],"author":[{"embeddable":true,"href":"https:\/\/www.automakersnews.cz\/index.php\/wp-json\/wp\/v2\/users\/2"}],"replies":[{"embeddable":true,"href":"https:\/\/www.automakersnews.cz\/index.php\/wp-json\/wp\/v2\/comments?post=34631"}],"version-history":[{"count":0,"href":"https:\/\/www.automakersnews.cz\/index.php\/wp-json\/wp\/v2\/posts\/34631\/revisions"}],"wp:featuredmedia":[{"embeddable":true,"href":"https:\/\/www.automakersnews.cz\/index.php\/wp-json\/wp\/v2\/media\/34632"}],"wp:attachment":[{"href":"https:\/\/www.automakersnews.cz\/index.php\/wp-json\/wp\/v2\/media?parent=34631"}],"wp:term":[{"taxonomy":"category","embeddable":true,"href":"https:\/\/www.automakersnews.cz\/index.php\/wp-json\/wp\/v2\/categories?post=34631"},{"taxonomy":"post_tag","embeddable":true,"href":"https:\/\/www.automakersnews.cz\/index.php\/wp-json\/wp\/v2\/tags?post=34631"}],"curies":[{"name":"wp","href":"https:\/\/api.w.org\/{rel}","templated":true}]}}