{"id":34719,"date":"2023-03-30T13:15:19","date_gmt":"2023-03-30T13:15:19","guid":{"rendered":"https:\/\/www.automakersnews.cz\/?p=34719"},"modified":"2023-03-30T13:27:25","modified_gmt":"2023-03-30T13:27:25","slug":"v-cesku-jezdi-pres-183-000-aut-toyota","status":"publish","type":"post","link":"https:\/\/www.automakersnews.cz\/index.php\/2023\/03\/30\/v-cesku-jezdi-pres-183-000-aut-toyota\/","title":{"rendered":"V \u010cesku jezd\u00ed p\u0159es 183 000 aut Toyota"},"content":{"rendered":"<p><strong>\u0160\u00e9f \u010desk\u00e9 Toyoty Martin Pele\u0161ka p\u0159ipomn\u011bl na oslav\u011b v\u00fdro\u010d\u00ed zna\u010dky v Cubex Centru prodejn\u00ed statistiky zna\u010dky za posledn\u00edch 30 let jej\u00edho p\u016fsoben\u00ed na trhu.\u00a0 <\/strong><span style=\"font-family: Arial, sans-serif;\"><span style=\"font-size: medium;\"><b>V sou\u010dasn\u00e9 dob\u011b je na \u010desk\u00fdch registra\u010dn\u00edch zna\u010dk\u00e1ch evidov\u00e1no v\u00edce ne\u017e 168 000 osobn\u00edch a p\u0159es 15 000 lehk\u00fdch aut, tedy celkem p\u0159es 183 000 voz\u016f. <\/b><\/span><\/span><!--more--><\/p>\n<p><span style=\"font-family: Arial, sans-serif;\"><span style=\"font-size: medium;\">&#8222;Tyto po\u010dty se ale ka\u017ed\u00fdm dnem navy\u0161uj\u00ed, a to p\u0159ev\u00e1\u017en\u011b nov\u00fdmi automobily, proto\u017ee ve srovn\u00e1n\u00ed s konkuren\u010dn\u00edmi zna\u010dkami jsou registrace dov\u00e1\u017een\u00fdch ojet\u00fdch voz\u016f Toyota do \u010cR nepom\u011brn\u011b ni\u017e\u0161\u00ed. <\/span><\/span><span style=\"font-family: Arial, sans-serif;\"><span style=\"font-size: medium;\">Automobily zna\u010dky Toyota pat\u0159\u00ed mezi nejd\u00e9le dr\u017een\u00e9 sv\u00fdmi majiteli a v bazarech jsou trvale mezi \u201enedostatkov\u00fdm\u201c zbo\u017e\u00edm,&#8220; p\u0159ipomn\u011bl \u0161\u00e9f importu. <\/span><\/span><\/p>\n<p><span style=\"font-family: Arial, sans-serif;\"><span style=\"font-size: medium;\"><b>Paleta nab\u00edzen\u00fdch model\u016f <\/b><\/span><\/span><\/p>\n<p><span style=\"font-family: Arial, sans-serif;\"><span style=\"font-size: medium;\">Sou\u010dasn\u00e1 nab\u00eddka \u010d\u00edt\u00e1 20 model\u016f osobn\u00edch voz\u016f a \u010dty\u0159i lehk\u00e9 u\u017eitkov\u00e9 modely. Nejprod\u00e1van\u011bj\u0161\u00edmi modely zna\u010dky byly loni Corolla (2177 kus\u016f), RAV4 (2093 kus\u016f), Yaris (1641 kus\u016f) a Yaris Cross (1435 kus\u016f). N\u00e1sleduj\u00ed osobn\u00ed verze model\u016f Proace a Proace City se 1432 respektive 1036 vozy, C-HR (844 kus\u016f) a Aygo X (580 kus\u016f). Z lehk\u00fdch u\u017eitkov\u00fdch voz\u016f je neprod\u00e1van\u011bj\u0161\u00ed pick-up Hilux s\u00a0597 kusy.<\/span><\/span><\/p>\n<p><span style=\"font-family: Arial, sans-serif;\"><span style=\"font-size: medium;\"><b>Toyota Hilux kraluje pick-up\u016fm <\/b><\/span><\/span><\/p>\n<p><span style=\"font-family: Arial, sans-serif;\"><span style=\"font-size: medium;\">Celosv\u011btov\u011b nejobl\u00edben\u011bj\u0161\u00edm modelem mezi pick-upy je Toyota Hilux, kter\u00fd dlouhodob\u011b vl\u00e1dne i \u010desk\u00e9mu trhu. Sv\u011bd\u010d\u00ed o tom celkem ji\u017e v\u00edce ne\u017e 5000 prodan\u00fdch nov\u00fdch voz\u016f, v\u010detn\u011b velk\u00e9ho kontraktu na v\u00edce ne\u017e 2000 voz\u016f pro arm\u00e1du \u010cesk\u00e9 republiky.\u00a0 <\/span><\/span><\/p>\n<p><span style=\"font-family: Arial, sans-serif;\"><span style=\"font-size: medium;\"><b>Sv\u011btov\u00e1 st\u00e1lice Corolla<\/b><\/span><\/span><\/p>\n<p><span style=\"font-family: Arial, sans-serif;\"><span style=\"font-size: medium;\">Celosv\u011btov\u011b nejprod\u00e1van\u011bj\u0161\u00ed osobn\u00ed automobil Corolla je v \u010cesku v sou\u010dasnosti \u010dtvrt\u00fdm nejprod\u00e1van\u011bj\u0161\u00edm modelem v nabit\u00e9 ni\u017e\u0161\u00ed st\u0159edn\u00ed t\u0159\u00edd\u011b a v po\u010dtu dosud prodan\u00fdch voz\u016f dvojkou mezi modely zna\u010dky s v\u00edce ne\u017e 25 000 prodan\u00fdmi kusy. <\/span><\/span><\/p>\n<p><strong>Zdroj: Toyota Czech, Foto z TK autor<\/strong><\/p>\n<figure id=\"attachment_34721\" aria-describedby=\"caption-attachment-34721\" style=\"width: 1024px\" class=\"wp-caption alignnone\"><img loading=\"lazy\" decoding=\"async\" class=\"size-large wp-image-34721\" src=\"http:\/\/www.automakersnews.cz\/wp-content\/uploads\/2023\/03\/Toyota-modely-segmenty-orez-1024x650.jpg\" alt=\"\" width=\"1024\" height=\"650\" srcset=\"https:\/\/www.automakersnews.cz\/wp-content\/uploads\/2023\/03\/Toyota-modely-segmenty-orez-1024x650.jpg 1024w, https:\/\/www.automakersnews.cz\/wp-content\/uploads\/2023\/03\/Toyota-modely-segmenty-orez-300x190.jpg 300w, https:\/\/www.automakersnews.cz\/wp-content\/uploads\/2023\/03\/Toyota-modely-segmenty-orez-768x487.jpg 768w, https:\/\/www.automakersnews.cz\/wp-content\/uploads\/2023\/03\/Toyota-modely-segmenty-orez-1536x975.jpg 1536w, https:\/\/www.automakersnews.cz\/wp-content\/uploads\/2023\/03\/Toyota-modely-segmenty-orez.jpg 1929w\" sizes=\"auto, (max-width: 1024px) 100vw, 1024px\" \/><figcaption id=\"caption-attachment-34721\" class=\"wp-caption-text\">Pozice model\u016f Toyoty v jednotliv\u00fdch segmentech trhu<\/figcaption><\/figure>\n","protected":false},"excerpt":{"rendered":"<div class=\"mh-excerpt\"><p>\u0160\u00e9f \u010desk\u00e9 Toyoty Martin Pele\u0161ka p\u0159ipomn\u011bl na oslav\u011b v\u00fdro\u010d\u00ed zna\u010dky v Cubex Centru prodejn\u00ed statistiky zna\u010dky za posledn\u00edch 30 let jej\u00edho p\u016fsoben\u00ed na trhu.\u00a0 V <a class=\"mh-excerpt-more\" href=\"https:\/\/www.automakersnews.cz\/index.php\/2023\/03\/30\/v-cesku-jezdi-pres-183-000-aut-toyota\/\" title=\"V \u010cesku jezd\u00ed p\u0159es 183 000 aut Toyota\">[&#8230;]<\/a><\/p>\n<\/div>","protected":false},"author":1,"featured_media":34727,"comment_status":"open","ping_status":"open","sticky":false,"template":"","format":"standard","meta":{"footnotes":""},"categories":[8,29],"tags":[],"class_list":["post-34719","post","type-post","status-publish","format-standard","has-post-thumbnail","hentry","category-statistika","category-tiskovky"],"_links":{"self":[{"href":"https:\/\/www.automakersnews.cz\/index.php\/wp-json\/wp\/v2\/posts\/34719","targetHints":{"allow":["GET"]}}],"collection":[{"href":"https:\/\/www.automakersnews.cz\/index.php\/wp-json\/wp\/v2\/posts"}],"about":[{"href":"https:\/\/www.automakersnews.cz\/index.php\/wp-json\/wp\/v2\/types\/post"}],"author":[{"embeddable":true,"href":"https:\/\/www.automakersnews.cz\/index.php\/wp-json\/wp\/v2\/users\/1"}],"replies":[{"embeddable":true,"href":"https:\/\/www.automakersnews.cz\/index.php\/wp-json\/wp\/v2\/comments?post=34719"}],"version-history":[{"count":0,"href":"https:\/\/www.automakersnews.cz\/index.php\/wp-json\/wp\/v2\/posts\/34719\/revisions"}],"wp:featuredmedia":[{"embeddable":true,"href":"https:\/\/www.automakersnews.cz\/index.php\/wp-json\/wp\/v2\/media\/34727"}],"wp:attachment":[{"href":"https:\/\/www.automakersnews.cz\/index.php\/wp-json\/wp\/v2\/media?parent=34719"}],"wp:term":[{"taxonomy":"category","embeddable":true,"href":"https:\/\/www.automakersnews.cz\/index.php\/wp-json\/wp\/v2\/categories?post=34719"},{"taxonomy":"post_tag","embeddable":true,"href":"https:\/\/www.automakersnews.cz\/index.php\/wp-json\/wp\/v2\/tags?post=34719"}],"curies":[{"name":"wp","href":"https:\/\/api.w.org\/{rel}","templated":true}]}}