{"id":34724,"date":"2023-03-30T13:30:59","date_gmt":"2023-03-30T13:30:59","guid":{"rendered":"https:\/\/www.automakersnews.cz\/?p=34724"},"modified":"2023-03-30T13:43:57","modified_gmt":"2023-03-30T13:43:57","slug":"toyota-slavila-30-let-v-cubexu","status":"publish","type":"post","link":"https:\/\/www.automakersnews.cz\/index.php\/2023\/03\/30\/toyota-slavila-30-let-v-cubexu\/","title":{"rendered":"Toyota slavila 30 let v Cubexu"},"content":{"rendered":"<p><strong>Cubex Centrum Praha hostilo 30. b\u0159ezna v\u00fdro\u010dn\u00ed tiskovou konferenci zna\u010dek Toyoty a Lexus. Gener\u00e1ln\u00ed \u0159editel zna\u010dek Toyota a Lexus Martin Pele\u0161ka p\u0159ipomn\u011bl 30let\u00e9 v\u00fdro\u010d\u00ed Toyoty na \u010desk\u00e9m trhu a hovo\u0159il tak\u00e9 o v\u00fdsledc\u00edch obou zna\u010dek za uplynul\u00e9 obdob\u00ed a pl\u00e1nech na leto\u0161n\u00ed rok.<\/strong><!--more--><\/p>\n<p><span style=\"font-family: Arial, sans-serif;\"><span style=\"font-size: medium;\">&#8222;Toyota v leto\u0161n\u00edm roce slav\u00ed 30 let na \u010desk\u00e9m trhu a lo\u0148sk\u00fd rok byl pro Toyotu i Lexus nej\u00fasp\u011b\u0161n\u011bj\u0161\u00edm obdob\u00edm v t\u0159icetilet\u00e9 historii obou zna\u010dek v \u010cesku. Zna\u010dka meziro\u010dn\u011b zv\u00fd\u0161ila prodej o 15 procent na 13 728 voz\u016f, Lexus rostl s 881 registracemi o 60 procent na pr\u00e9miov\u00e9m trhu. Toyota se tak stala \u010dtvrtou nejprod\u00e1van\u011bj\u0161\u00ed zna\u010dkou v \u010cesku a v r\u016fstu pokra\u010duje i v leto\u0161n\u00edm roce, kdy je podle p\u0159edb\u011b\u017en\u00fdch \u00fadaj\u016f za t\u0159i m\u011bs\u00edce s v\u00edce ne\u017e 4600 prodan\u00fdmi vozy na t\u0159et\u00ed pozici na trhu s pod\u00edlem p\u0159es 8,2 procenta,&#8220; uvedl Pele\u0161ka.<b><br \/>\n<\/b><\/span><\/span><\/p>\n<p><img loading=\"lazy\" decoding=\"async\" class=\"alignnone size-large wp-image-34725\" src=\"http:\/\/www.automakersnews.cz\/wp-content\/uploads\/2023\/03\/Toyota-Peleska-30-let-Cubex-orez-1024x683.jpg\" alt=\"\" width=\"1024\" height=\"683\" srcset=\"https:\/\/www.automakersnews.cz\/wp-content\/uploads\/2023\/03\/Toyota-Peleska-30-let-Cubex-orez-1024x683.jpg 1024w, https:\/\/www.automakersnews.cz\/wp-content\/uploads\/2023\/03\/Toyota-Peleska-30-let-Cubex-orez-300x200.jpg 300w, https:\/\/www.automakersnews.cz\/wp-content\/uploads\/2023\/03\/Toyota-Peleska-30-let-Cubex-orez-768x512.jpg 768w, https:\/\/www.automakersnews.cz\/wp-content\/uploads\/2023\/03\/Toyota-Peleska-30-let-Cubex-orez-1536x1024.jpg 1536w, https:\/\/www.automakersnews.cz\/wp-content\/uploads\/2023\/03\/Toyota-Peleska-30-let-Cubex-orez.jpg 1711w\" sizes=\"auto, (max-width: 1024px) 100vw, 1024px\" \/><\/p>\n<p><span style=\"font-family: Arial, sans-serif;\"><span style=\"font-size: medium;\">Toyota podle jeho slov v \u010cesku jednozna\u010dn\u011b a dlouhodob\u011b vl\u00e1dne kategorii automobil\u016f s hybridn\u00edm pohonem. Hybridy Toyota v sou\u010dasnosti p\u0159edstavuj\u00ed t\u00e9m\u011b\u0159 \u010dtvrtinu ze v\u0161ech v \u010cesku registrovan\u00fdch hybridn\u00edch voz\u016f. <\/span><\/span><\/p>\n<p><span style=\"font-family: Arial, sans-serif;\"><span style=\"font-size: medium;\">Hybridn\u00ed pohon m\u00e1 v sou\u010dasnosti u\u017e v\u00edc ne\u017e polovina v\u0161ech v\u00a0\u010cesku prodan\u00fdch automobil\u016f Toyota (loni t\u00e9m\u011b\u0159 51 procent). Prvn\u00ed hybridn\u00ed automobil Toyota Prius byl u n\u00e1s prod\u00e1n u\u017e p\u0159ed v\u00edce ne\u017e 20 lety a zna\u010dka Toyota si po celou dobu dr\u017e\u00ed jasn\u00e9 prvenstv\u00ed v\u00a0t\u00e9to kategorii.<\/span><\/span><\/p>\n<figure id=\"attachment_34762\" aria-describedby=\"caption-attachment-34762\" style=\"width: 1024px\" class=\"wp-caption alignnone\"><img loading=\"lazy\" decoding=\"async\" class=\"size-large wp-image-34762\" src=\"http:\/\/www.automakersnews.cz\/wp-content\/uploads\/2023\/03\/Toyota-TK-Cubex-celek-1024x768.jpg\" alt=\"\" width=\"1024\" height=\"768\" srcset=\"https:\/\/www.automakersnews.cz\/wp-content\/uploads\/2023\/03\/Toyota-TK-Cubex-celek-1024x768.jpg 1024w, https:\/\/www.automakersnews.cz\/wp-content\/uploads\/2023\/03\/Toyota-TK-Cubex-celek-300x225.jpg 300w, https:\/\/www.automakersnews.cz\/wp-content\/uploads\/2023\/03\/Toyota-TK-Cubex-celek-768x576.jpg 768w, https:\/\/www.automakersnews.cz\/wp-content\/uploads\/2023\/03\/Toyota-TK-Cubex-celek-1536x1152.jpg 1536w, https:\/\/www.automakersnews.cz\/wp-content\/uploads\/2023\/03\/Toyota-TK-Cubex-celek-678x509.jpg 678w, https:\/\/www.automakersnews.cz\/wp-content\/uploads\/2023\/03\/Toyota-TK-Cubex-celek-326x245.jpg 326w, https:\/\/www.automakersnews.cz\/wp-content\/uploads\/2023\/03\/Toyota-TK-Cubex-celek-80x60.jpg 80w, https:\/\/www.automakersnews.cz\/wp-content\/uploads\/2023\/03\/Toyota-TK-Cubex-celek.jpg 2040w\" sizes=\"auto, (max-width: 1024px) 100vw, 1024px\" \/><figcaption id=\"caption-attachment-34762\" class=\"wp-caption-text\">Na tiskovce byla tak\u00e9 odhalena nov\u00e1 verze Corolly<\/figcaption><\/figure>\n<p><span style=\"font-family: Arial, sans-serif;\"><span style=\"font-size: medium;\"><b>30 let na \u010desk\u00e9m trhu<\/b><\/span><\/span><\/p>\n<p>\u201e<span style=\"font-family: Arial, sans-serif;\"><span style=\"font-size: medium;\"><i>Za 30 let od zah\u00e1jen\u00ed importu japonsk\u00e9 zna\u010dky na \u010desk\u00fd trh si \u010ce\u0161i po\u0159\u00eddili v\u00edce ne\u017e 150 000 nov\u00fdch voz\u016f. Pokud k\u00a0tomu p\u0159ipo\u010d\u00edt\u00e1me v\u00edce ne\u017e 15 tis\u00edc prodan\u00fdch lehk\u00fdch u\u017eitkov\u00fdch automobil\u016f, prodeje se bl\u00ed\u017e\u00ed u\u017e 166 tis\u00edc nov\u00fdch voz\u016f Toyota,&#8220;<\/i> \u0159\u00edk\u00e1 Martin Pele\u0161ka a dopl\u0148uje: <i>\u201eSpolu s\u00a0p\u0159edan\u00fdmi modely Lexus jde o bezm\u00e1la 172\u00a0000 nov\u00fdch voz\u016f.\u201c<\/i><\/span><\/span><\/p>\n<p><span style=\"font-family: Arial, sans-serif;\"><span style=\"font-size: medium;\">Automobily zna\u010dky Toyota se do \u010cesk\u00e9 republiky za\u010daly ofici\u00e1ln\u011b dov\u00e1\u017eet v\u00a0roce 1993, kdy byla zalo\u017eena spole\u010dnost Toyota Tsusho \u010cR. V\u00a0prvn\u00edm roce dovozu bylo prod\u00e1no celkem 111 osobn\u00edch a 16 lehk\u00fdch u\u017eitkov\u00fdch automobil\u016f zna\u010dky, v druh\u00e9m roce ji\u017e p\u0159ekro\u010dil prodej automobil\u016f Toyota tis\u00edcovku a od roku 2006 to bylo stabiln\u011b okolo 5000 voz\u016f ro\u010dn\u011b. Od roku 2017 prodeje strm\u011b rostou. <\/span><\/span><\/p>\n<p><strong>Vozy z Tuzexu<\/strong><\/p>\n<p><span style=\"font-family: Arial, sans-serif;\"><span style=\"font-size: medium;\">Je\u0161t\u011b p\u0159ed zah\u00e1jen\u00edm ofici\u00e1ln\u00edho importu bylo v\u00a080. letech minul\u00e9ho stolet\u00ed dovezeno do tehdej\u0161\u00edho \u010ceskoslovenska prost\u0159ednictv\u00edm podnik\u016f zahrani\u010dn\u00edho obchodu Tuzex a Motokov, ale tak\u00e9 st\u00e1tn\u00edm podnikem Mototechna, n\u011bkolik des\u00edtek voz\u016f Toyota Corolla 1.3. A to formou takzvan\u00fdch p\u0159ednostn\u00edch dod\u00e1vek na poukazy pro re\u017eimn\u00ed prominenty. Prod\u00e1ny byly v\u00a0Tuzexu.<\/span><\/span><\/p>\n<p><strong>Zdroj: TK Toyota, Erich Handl, Pankr\u00e1c<\/strong><\/p>\n<figure id=\"attachment_34731\" aria-describedby=\"caption-attachment-34731\" style=\"width: 1024px\" class=\"wp-caption alignnone\"><img loading=\"lazy\" decoding=\"async\" class=\"size-large wp-image-34731\" src=\"http:\/\/www.automakersnews.cz\/wp-content\/uploads\/2023\/03\/Toyota-poradi-historie-1024x768.jpg\" alt=\"\" width=\"1024\" height=\"768\" srcset=\"https:\/\/www.automakersnews.cz\/wp-content\/uploads\/2023\/03\/Toyota-poradi-historie-1024x768.jpg 1024w, https:\/\/www.automakersnews.cz\/wp-content\/uploads\/2023\/03\/Toyota-poradi-historie-300x225.jpg 300w, https:\/\/www.automakersnews.cz\/wp-content\/uploads\/2023\/03\/Toyota-poradi-historie-768x576.jpg 768w, https:\/\/www.automakersnews.cz\/wp-content\/uploads\/2023\/03\/Toyota-poradi-historie-1536x1152.jpg 1536w, https:\/\/www.automakersnews.cz\/wp-content\/uploads\/2023\/03\/Toyota-poradi-historie-678x509.jpg 678w, https:\/\/www.automakersnews.cz\/wp-content\/uploads\/2023\/03\/Toyota-poradi-historie-326x245.jpg 326w, https:\/\/www.automakersnews.cz\/wp-content\/uploads\/2023\/03\/Toyota-poradi-historie-80x60.jpg 80w, https:\/\/www.automakersnews.cz\/wp-content\/uploads\/2023\/03\/Toyota-poradi-historie.jpg 2040w\" sizes=\"auto, (max-width: 1024px) 100vw, 1024px\" \/><figcaption id=\"caption-attachment-34731\" class=\"wp-caption-text\">\u0160\u00e9f importu uk\u00e1zal tabulku zobrazuj\u00edc\u00ed historick\u00e9 po\u0159ad\u00ed Toyoty mezi konkuren\u010dn\u00edmi zna\u010dkami<\/figcaption><\/figure>\n<p><strong>\u00a0<\/strong><\/p>\n","protected":false},"excerpt":{"rendered":"<div class=\"mh-excerpt\"><p>Cubex Centrum Praha hostilo 30. b\u0159ezna v\u00fdro\u010dn\u00ed tiskovou konferenci zna\u010dek Toyoty a Lexus. Gener\u00e1ln\u00ed \u0159editel zna\u010dek Toyota a Lexus Martin Pele\u0161ka p\u0159ipomn\u011bl 30let\u00e9 v\u00fdro\u010d\u00ed Toyoty <a class=\"mh-excerpt-more\" href=\"https:\/\/www.automakersnews.cz\/index.php\/2023\/03\/30\/toyota-slavila-30-let-v-cubexu\/\" title=\"Toyota slavila 30 let v Cubexu\">[&#8230;]<\/a><\/p>\n<\/div>","protected":false},"author":1,"featured_media":34729,"comment_status":"open","ping_status":"open","sticky":false,"template":"","format":"standard","meta":{"footnotes":""},"categories":[2],"tags":[],"class_list":["post-34724","post","type-post","status-publish","format-standard","has-post-thumbnail","hentry","category-news"],"_links":{"self":[{"href":"https:\/\/www.automakersnews.cz\/index.php\/wp-json\/wp\/v2\/posts\/34724","targetHints":{"allow":["GET"]}}],"collection":[{"href":"https:\/\/www.automakersnews.cz\/index.php\/wp-json\/wp\/v2\/posts"}],"about":[{"href":"https:\/\/www.automakersnews.cz\/index.php\/wp-json\/wp\/v2\/types\/post"}],"author":[{"embeddable":true,"href":"https:\/\/www.automakersnews.cz\/index.php\/wp-json\/wp\/v2\/users\/1"}],"replies":[{"embeddable":true,"href":"https:\/\/www.automakersnews.cz\/index.php\/wp-json\/wp\/v2\/comments?post=34724"}],"version-history":[{"count":0,"href":"https:\/\/www.automakersnews.cz\/index.php\/wp-json\/wp\/v2\/posts\/34724\/revisions"}],"wp:featuredmedia":[{"embeddable":true,"href":"https:\/\/www.automakersnews.cz\/index.php\/wp-json\/wp\/v2\/media\/34729"}],"wp:attachment":[{"href":"https:\/\/www.automakersnews.cz\/index.php\/wp-json\/wp\/v2\/media?parent=34724"}],"wp:term":[{"taxonomy":"category","embeddable":true,"href":"https:\/\/www.automakersnews.cz\/index.php\/wp-json\/wp\/v2\/categories?post=34724"},{"taxonomy":"post_tag","embeddable":true,"href":"https:\/\/www.automakersnews.cz\/index.php\/wp-json\/wp\/v2\/tags?post=34724"}],"curies":[{"name":"wp","href":"https:\/\/api.w.org\/{rel}","templated":true}]}}