{"id":34792,"date":"2023-03-31T12:37:03","date_gmt":"2023-03-31T12:37:03","guid":{"rendered":"https:\/\/www.automakersnews.cz\/?p=34792"},"modified":"2023-03-31T14:32:06","modified_gmt":"2023-03-31T14:32:06","slug":"ds-3-mela-novinarskou-premieru-v-hauchu","status":"publish","type":"post","link":"https:\/\/www.automakersnews.cz\/index.php\/2023\/03\/31\/ds-3-mela-novinarskou-premieru-v-hauchu\/","title":{"rendered":"DS 3 m\u011bla n\u00e1rodn\u00ed premi\u00e9ru v Hauchu"},"content":{"rendered":"<p><strong>\u0158editelka zna\u010dky DS Martina Bedrnov\u00e1 uvedla 31. b\u0159ezna na trh novou DS 3. N\u00e1rodn\u00ed medi\u00e1ln\u00ed premi\u00e9ru hostila pra\u017esk\u00e1 galerie Hauch, uk\u00e1zali se tak\u00e9 nov\u00ed ambasado\u0159i zna\u010dky.<\/strong><span id=\"more-34340\"><\/span><!--more--><\/p>\n<p>\u201eZna\u010dku DS prod\u00e1v\u00e1me v \u010cR od roku 2019, kdy vznikl jedine\u010dn\u00fd prodejn\u00ed prostor DS STORE Praha na \u010cern\u00e9m most\u011b. M\u00e1me v \u010cesku t\u0159i stabiln\u00ed prodejn\u00ed m\u00edsta. Hlavn\u00ed je DS STORE Praha u spole\u010dnosti Domansk\u00fd na \u010cern\u00e9m most\u011b a pak na Morav\u011b p\u016fsob\u00ed dva DS servisy s agentsk\u00fdm zastoupen\u00edm pro prodej, &#8220; uvedla tiskovku Bedrnov\u00e1.<\/p>\n<p><img loading=\"lazy\" decoding=\"async\" class=\"alignnone size-large wp-image-35057\" src=\"http:\/\/www.automakersnews.cz\/wp-content\/uploads\/2023\/03\/DS-TK-Hauch-1024x768.jpg\" alt=\"\" width=\"1024\" height=\"768\" \/><\/p>\n<p>Nov\u00fd crossover DS 3 za\u010d\u00edn\u00e1 na 720 000 korun\u00e1ch. Jeho design kombinuje eleganci a luxus s v\u00fdrazn\u00fdmi prvky exteri\u00e9ru. P\u0159edn\u00ed LED sv\u011btlomety se rozd\u011blily do n\u011bkolika sekvenc\u00ed, n\u00e1razn\u00edk zmohutn\u011bl. Zaj\u00edmavost\u00ed jsou kliky zapu\u0161t\u011bn\u00e9 ve dve\u0159\u00edch. Palubn\u00ed deska vyu\u017e\u00edv\u00e1 stejn\u00e9 vzory, jako zbytek kabiny.<\/p>\n<p><img loading=\"lazy\" decoding=\"async\" class=\"alignnone size-large wp-image-35059\" src=\"http:\/\/www.automakersnews.cz\/wp-content\/uploads\/2023\/03\/DS-Bedrnova-Jungwirth-Timy-White-1024x768.jpg\" alt=\"\" width=\"1024\" height=\"768\" \/><\/p>\n<p>V\u0161echny v\u00fdbavy jsou v dost\u00e1n\u00ed i v elektrick\u00e9 verzi. Ta nab\u00edz\u00ed v\u00fdkon a\u017e 156 kon\u00ed a dojezd a\u017e 400 km. \u00a0<span class=\"label label-default\" title=\"Exportn\u00ed slo\u017eka\" data-folder-id=\"8678\" data-article-code=\"OPCZ23324305\"><br \/>\n<\/span><\/p>\n<p><strong>Leto\u0161n\u00ed ambasado\u0159i zna\u010dky<\/strong><\/p>\n<p><span style=\"color: #000000;\"><i>&#8222;Zna\u010dka DS v \u010cR spolupracuje na poli ambasador\u016f s moder\u00e1torkou Luci\u00ed Borhyovou, s houslov\u00fdm virtuosem Jaroslavem Sv\u011bcen\u00fdm a s m\u00f3dn\u00ed n\u00e1vrh\u00e1\u0159kou Natali Ruden. Nov\u011b tak\u00e9 m\u00e1me spolupr\u00e1ci s mlad\u00fdm zp\u011bv\u00e1kem Timmym Whitem, kter\u00fd n\u00e1m pom\u00e1h\u00e1 \u0161\u00ed\u0159it pov\u011bdom\u00ed o zna\u010dce DS v mlad\u0161\u00ed c\u00edlov\u00e9 skupin\u011b p\u0159es soci\u00e1ln\u00ed s\u00edt\u011b a takt\u00e9\u017e spolupracujeme na poli tvorby obsahu pro na\u0161e soci\u00e1ln\u00ed s\u00edt\u011b,&#8220; \u0159ekla na\u0161emu \u010dasopisu Martina Bedrnov\u00e1.<br \/>\n<\/i><\/span><\/p>\n<p><img loading=\"lazy\" decoding=\"async\" class=\"alignnone size-large wp-image-35060\" src=\"http:\/\/www.automakersnews.cz\/wp-content\/uploads\/2023\/03\/Jungwirth-sklo-1024x768.jpg\" alt=\"\" width=\"1024\" height=\"768\" \/><\/p>\n<p>Host\u00e9 akce mohli v Hauch Gallery shl\u00e9dnout partnerskou v\u00fdstavu v\u00e1z z uranov\u00e9ho skla z d\u00edlny dal\u0161\u00edho partnera zna\u010dky, skl\u00e1\u0159sk\u00e9ho design\u00e9ra Franti\u0161ka Jungvirta.<\/p>\n","protected":false},"excerpt":{"rendered":"<div class=\"mh-excerpt\"><p>\u0158editelka zna\u010dky DS Martina Bedrnov\u00e1 uvedla 31. b\u0159ezna na trh novou DS 3. N\u00e1rodn\u00ed medi\u00e1ln\u00ed premi\u00e9ru hostila pra\u017esk\u00e1 galerie Hauch, uk\u00e1zali se tak\u00e9 nov\u00ed ambasado\u0159i <a class=\"mh-excerpt-more\" href=\"https:\/\/www.automakersnews.cz\/index.php\/2023\/03\/31\/ds-3-mela-novinarskou-premieru-v-hauchu\/\" title=\"DS 3 m\u011bla n\u00e1rodn\u00ed premi\u00e9ru v Hauchu\">[&#8230;]<\/a><\/p>\n<\/div>","protected":false},"author":1,"featured_media":35055,"comment_status":"open","ping_status":"open","sticky":false,"template":"","format":"standard","meta":{"footnotes":""},"categories":[19,29],"tags":[],"class_list":["post-34792","post","type-post","status-publish","format-standard","has-post-thumbnail","hentry","category-design","category-tiskovky"],"_links":{"self":[{"href":"https:\/\/www.automakersnews.cz\/index.php\/wp-json\/wp\/v2\/posts\/34792","targetHints":{"allow":["GET"]}}],"collection":[{"href":"https:\/\/www.automakersnews.cz\/index.php\/wp-json\/wp\/v2\/posts"}],"about":[{"href":"https:\/\/www.automakersnews.cz\/index.php\/wp-json\/wp\/v2\/types\/post"}],"author":[{"embeddable":true,"href":"https:\/\/www.automakersnews.cz\/index.php\/wp-json\/wp\/v2\/users\/1"}],"replies":[{"embeddable":true,"href":"https:\/\/www.automakersnews.cz\/index.php\/wp-json\/wp\/v2\/comments?post=34792"}],"version-history":[{"count":0,"href":"https:\/\/www.automakersnews.cz\/index.php\/wp-json\/wp\/v2\/posts\/34792\/revisions"}],"wp:featuredmedia":[{"embeddable":true,"href":"https:\/\/www.automakersnews.cz\/index.php\/wp-json\/wp\/v2\/media\/35055"}],"wp:attachment":[{"href":"https:\/\/www.automakersnews.cz\/index.php\/wp-json\/wp\/v2\/media?parent=34792"}],"wp:term":[{"taxonomy":"category","embeddable":true,"href":"https:\/\/www.automakersnews.cz\/index.php\/wp-json\/wp\/v2\/categories?post=34792"},{"taxonomy":"post_tag","embeddable":true,"href":"https:\/\/www.automakersnews.cz\/index.php\/wp-json\/wp\/v2\/tags?post=34792"}],"curies":[{"name":"wp","href":"https:\/\/api.w.org\/{rel}","templated":true}]}}