{"id":34992,"date":"2023-03-31T09:13:13","date_gmt":"2023-03-31T09:13:13","guid":{"rendered":"https:\/\/www.automakersnews.cz\/?p=34992"},"modified":"2023-03-31T09:13:13","modified_gmt":"2023-03-31T09:13:13","slug":"stellantis-investuje-do-opelu-v-eisenachu","status":"publish","type":"post","link":"https:\/\/www.automakersnews.cz\/index.php\/2023\/03\/31\/stellantis-investuje-do-opelu-v-eisenachu\/","title":{"rendered":"Stellantis investuje do Opelu v Eisenachu"},"content":{"rendered":"<p><strong>Koncern Stellantis investuje do z\u00e1vodu automobilky Opel v n\u011bmeck\u00e9m Eisenachu p\u0159es 130 milion\u016f EUR. V Eisenachu se v sou\u010dasn\u00e9 dob\u011b vyr\u00e1b\u011bj\u00ed SUV Grandland a zm\u00edn\u011bn\u00e1 investice je ur\u010dena p\u0159edev\u0161\u00edm pro zaji\u0161t\u011bn\u00ed n\u00e1b\u011bhu v\u00fdroby n\u00e1stupnick\u00e9ho modelu.<\/strong><!--more--><\/p>\n<p>Ten bude postaven\u00fd na zcela nov\u00e9 platform\u011b STLA Medium a nab\u00eddka modelov\u00e9 \u0159ady bude obsahovat i \u010dist\u011b elektrickou BEV verzi. Na trhu se tato novinka Opelu objev\u00ed ve druh\u00e9 polovin\u011b roku 2024.<\/p>\n<p>U\u017e v sou\u010dasn\u00e9 dob\u011b se v Eisenachu vyr\u00e1b\u011bj\u00ed i plug-in hybridn\u00ed varianty Grandland PHEV.<\/p>\n<p><em>\u201eV Durynsku vyr\u00e1b\u00edme \u0161pi\u010dkov\u00e9 vozy u\u017e v\u00edce ne\u017e t\u0159icet let a neust\u00e1le zvy\u0161ujeme na\u0161i konkurenceschopnost. S elektrick\u00fdm n\u00e1stupcem Opelu Grandland z\u016fstaneme na t\u00e9to jasn\u011b definovan\u00e9 cest\u011b,\u201c <\/em>\u0159\u00edk\u00e1 Florian Huettl, gener\u00e1ln\u00ed \u0159editel automobilky Opel. <em>&#8222;Nov\u00fd investi\u010dn\u00ed z\u00e1m\u011br je pro Opel dal\u0161\u00edm d\u016fle\u017eit\u00fdm krokem na cest\u011b k deklarovan\u00e9mu c\u00edli st\u00e1t se v Evrop\u011b do roku 2028 \u010dist\u011b elektrickou zna\u010dkou.&#8220;<\/em><\/p>\n<p>Opel otev\u0159el svoji tov\u00e1rnu v\u00a0Eisenachu v\u00a0z\u00e1\u0159\u00ed roku 1992, kdy se zde rozb\u011bhla v\u00fdroba voz\u016f Opel Astra. Do roku 2022, kdy z\u00e1vod slavil 30. v\u00fdro\u010d\u00ed otev\u0159en\u00ed, se zde vyrobilo v\u00edce ne\u017e 3,7 milion\u016f automobil\u016f.<\/p>\n<p>Investice do z\u00e1vodu v Eisenachu je momentem strategick\u00e9ho pl\u00e1nu skupiny Stellantis <a href=\"https:\/\/www.stellantis.com\/en\/company\/dare-forward-2030\"><em><u>Dare Forward 2030<\/u><\/em><\/a>, kter\u00fd si klade za c\u00edl mj. dramatick\u00e9 sn\u00ed\u017een\u00ed emis\u00ed CO<sub>2<\/sub>:<\/p>\n<p>V\u00a0roce 2030 by emise CO<sub>2<\/sub> m\u011bly klesnout na pouhou polovinu hodnoty roku 2021 a v\u00a0horizontu roku 2038 by m\u011bly klesnout na \u00faplnou nulu. Pl\u00e1n <em>Dare Forward 2030<\/em> d\u00e1le p\u0159edpokl\u00e1d\u00e1, \u017ee do konce dek\u00e1dy bude skupina Stellantis prod\u00e1vat v\u00a0Evrop\u011b ji\u017e jen BEV osobn\u00ed elektromobily a v\u00a0USA bude pod\u00edl BEV v\u00a0prodej\u00edch osobn\u00edch a lehk\u00fdch u\u017eitkov\u00fdch voz\u016f \u010dinit 50 %.<\/p>\n<p>Podle stejn\u00e9ho pl\u00e1nu chce Stellantis do roku 2030 zdvojn\u00e1sobit \u010dist\u00e9 p\u0159\u00edjmy (v porovn\u00e1n\u00ed s\u00a0rokem 2021), trvale vykazovat dvoucifern\u00e9 provozn\u00ed mar\u017ee a st\u00e1t se \u201ejedni\u010dkou\u201c v\u00a0z\u00e1kaznick\u00e9m hodnocen\u00ed spokojenosti s\u00a0produkty i souvisej\u00edc\u00edmi slu\u017ebami.<\/p>\n<p><img loading=\"lazy\" decoding=\"async\" class=\"alignnone size-large wp-image-34995\" src=\"http:\/\/www.automakersnews.cz\/wp-content\/uploads\/2023\/03\/Opel-Grandland-Eisenach-1024x683.jpeg\" alt=\"\" width=\"1024\" height=\"683\" \/><\/p>\n<p>Do dal\u0161\u00ed elektrifikace a souvisej\u00edc\u00edho software hodl\u00e1 Stellantis do roku 2025 investovat v\u00edce ne\u017e 30 miliard EUR \u2013 v\u0161e v\u00a0z\u00e1jmu v\u00fdvoje a v\u00fdroby BEV elektromobil\u016f, kter\u00e9 budou pln\u011b odpov\u00eddat p\u0159\u00e1n\u00edm a po\u017eadavk\u016fm z\u00e1kazn\u00edk\u016f.<\/p>\n","protected":false},"excerpt":{"rendered":"<div class=\"mh-excerpt\"><p>Koncern Stellantis investuje do z\u00e1vodu automobilky Opel v n\u011bmeck\u00e9m Eisenachu p\u0159es 130 milion\u016f EUR. V Eisenachu se v sou\u010dasn\u00e9 dob\u011b vyr\u00e1b\u011bj\u00ed SUV Grandland a zm\u00edn\u011bn\u00e1 <a class=\"mh-excerpt-more\" href=\"https:\/\/www.automakersnews.cz\/index.php\/2023\/03\/31\/stellantis-investuje-do-opelu-v-eisenachu\/\" title=\"Stellantis investuje do Opelu v Eisenachu\">[&#8230;]<\/a><\/p>\n<\/div>","protected":false},"author":1,"featured_media":34994,"comment_status":"open","ping_status":"open","sticky":false,"template":"","format":"standard","meta":{"footnotes":""},"categories":[9,2],"tags":[],"class_list":["post-34992","post","type-post","status-publish","format-standard","has-post-thumbnail","hentry","category-investice","category-news"],"_links":{"self":[{"href":"https:\/\/www.automakersnews.cz\/index.php\/wp-json\/wp\/v2\/posts\/34992","targetHints":{"allow":["GET"]}}],"collection":[{"href":"https:\/\/www.automakersnews.cz\/index.php\/wp-json\/wp\/v2\/posts"}],"about":[{"href":"https:\/\/www.automakersnews.cz\/index.php\/wp-json\/wp\/v2\/types\/post"}],"author":[{"embeddable":true,"href":"https:\/\/www.automakersnews.cz\/index.php\/wp-json\/wp\/v2\/users\/1"}],"replies":[{"embeddable":true,"href":"https:\/\/www.automakersnews.cz\/index.php\/wp-json\/wp\/v2\/comments?post=34992"}],"version-history":[{"count":0,"href":"https:\/\/www.automakersnews.cz\/index.php\/wp-json\/wp\/v2\/posts\/34992\/revisions"}],"wp:featuredmedia":[{"embeddable":true,"href":"https:\/\/www.automakersnews.cz\/index.php\/wp-json\/wp\/v2\/media\/34994"}],"wp:attachment":[{"href":"https:\/\/www.automakersnews.cz\/index.php\/wp-json\/wp\/v2\/media?parent=34992"}],"wp:term":[{"taxonomy":"category","embeddable":true,"href":"https:\/\/www.automakersnews.cz\/index.php\/wp-json\/wp\/v2\/categories?post=34992"},{"taxonomy":"post_tag","embeddable":true,"href":"https:\/\/www.automakersnews.cz\/index.php\/wp-json\/wp\/v2\/tags?post=34992"}],"curies":[{"name":"wp","href":"https:\/\/api.w.org\/{rel}","templated":true}]}}