{"id":353,"date":"2022-08-18T09:54:31","date_gmt":"2022-08-18T09:54:31","guid":{"rendered":"http:\/\/www.automakersnews.cz\/?p=353"},"modified":"2022-08-18T09:54:31","modified_gmt":"2022-08-18T09:54:31","slug":"dachser-nabizi-objizdne-trasy-hedvabne-stezky","status":"publish","type":"post","link":"https:\/\/www.automakersnews.cz\/index.php\/2022\/08\/18\/dachser-nabizi-objizdne-trasy-hedvabne-stezky\/","title":{"rendered":"Dachser nab\u00edz\u00ed obj\u00edzdn\u00e9 trasy Hedv\u00e1bn\u00e9 stezky"},"content":{"rendered":"<p><strong>Nejrychlej\u0161\u00ed trasy Hedv\u00e1bn\u00e9 stezky proch\u00e1zej\u00ed Ruskem a B\u011bloruskem, kv\u016fli v\u00e1lce na Ukrajin\u011b se tyto trasy v\u0161ak ji\u017e nedaj\u00ed vyu\u017e\u00edvat. Mezin\u00e1rodn\u00ed logistick\u00fd provider Dachser nyn\u00ed nab\u00edz\u00ed dv\u011b alternativy: po \u017eeleznici takzvan\u00fdm \u201cst\u0159edn\u00edm koridorem\u201d a pro celovozov\u00e9 kamionov\u00e9 p\u0159epravy z \u010c\u00edny do Evropy alternativn\u00ed ji\u017en\u00ed silni\u010dn\u00ed trasu.<\/strong><!--more--><\/p>\n<p>Spole\u010dnost Dachser p\u0159eru\u0161ila svoji p\u016fvodn\u00ed nab\u00eddku \u017eelezni\u010dn\u00edch p\u0159eprav po dvou p\u016fvodn\u00edch \u017eelezni\u010dn\u00edch koridorech na Nov\u00e9 Hedv\u00e1bn\u00e9 stezce, proto\u017ee kv\u016fli v\u00e1lce na Ukrajin\u011b nen\u00ed spojen\u00ed p\u0159es Rusko nebo B\u011blorusko mo\u017en\u00e9. Aby Dachser mohl i nad\u00e1le nab\u00edzet \u017eelezni\u010dn\u00ed spojen\u00ed mezi \u010c\u00ednou a Evropou, roz\u0161i\u0159uje spole\u010dnost portfolio slu\u017eeb v r\u00e1mci Dachser Rail Services a s okam\u017eitou platnost\u00ed spou\u0161t\u00ed dvakr\u00e1t t\u00fddn\u011b vlakov\u00e9 spojen\u00ed na trase Si-an \u2013 Budape\u0161\u0165 na tzv. st\u0159edn\u00edm koridoru tak, aby mohla sv\u00fdm z\u00e1kazn\u00edk\u016fm i nad\u00e1le nab\u00edzet kapacitu na \u017eelezni\u010dn\u00ed trase nap\u0159\u00ed\u010d st\u0159edn\u00ed Asi\u00ed.<\/p>\n<p>Na tzv. st\u0159edn\u00edm koridoru vlaky nejprve proj\u00ed\u017ed\u011bj\u00ed Kazachst\u00e1nem a \u00c1zerb\u00e1jd\u017e\u00e1nem, pot\u00e9 se dostanou lod\u00ed p\u0159es Kaspick\u00e9 a \u010cern\u00e9 more do Rumunska a nakonec dojedou do ma\u010farsk\u00e9 Budape\u0161ti. Odtud jsou kontejnery p\u0159epravov\u00e1ny vlakem do dal\u0161\u00edch vnitrozemsk\u00fdch termin\u00e1l\u016f, jako je V\u00edde\u0148, Mnichov nebo Ludwigshafen. Z v\u00fdchoz\u00edho termin\u00e1lu v \u010c\u00edn\u011b do c\u00edlov\u00e9ho termin\u00e1lu v Evrop\u011b trv\u00e1 cesta vlakem 45 a\u017e 55 dn\u00ed.<\/p>\n<p>\u201eTouto trasou m\u016f\u017eeme nahradit \u017eelezni\u010dn\u00ed spojen\u00ed pod\u00e9l Nov\u00e9 hedv\u00e1bn\u00e9 stezky p\u0159es Rusko a B\u011blorusko a nad\u00e1le nab\u00edzet na\u0161im z\u00e1kazn\u00edk\u016fm spolehliv\u00e9 multimod\u00e1ln\u00ed slu\u017eby \u0161etrn\u00e9 k \u017eivotn\u00edmu prost\u0159ed\u00ed,\u201c \u0159\u00edk\u00e1 Vedat Serbet, Rail Services Manager pro region EMEA ve spole\u010dnosti Dachser, a dod\u00e1v\u00e1, \u201ezejm\u00e9na v dne\u0161n\u00ed n\u00e1ro\u010dn\u00e9 dob\u011b, kdy se spole\u010dnosti st\u00e1le pot\u00fdkaj\u00ed s nedostatkem kapacit, je \u017eelezni\u010dn\u00ed doprava dal\u0161\u00ed alternativou k n\u00e1mo\u0159n\u00ed a leteck\u00e9 p\u0159eprav\u011b.\u201c<\/p>\n<p>Z \u010d\u00ednsk\u00e9ho m\u011bsta Si-an jezd\u00ed vlaky do Evropy dvakr\u00e1t t\u00fddn\u011b. Kontejnery jsou nep\u0159etr\u017eit\u011b monitorov\u00e1ny prost\u0159ednictv\u00edm GPS a mohou b\u00fdt doru\u010deny na v\u0161echny vnitrozemsk\u00e9 termin\u00e1ly v Evrop\u011b.<\/p>\n<p><strong>Ji\u017en\u00ed trasa pro Dachser Cargoplus<\/strong><\/p>\n<p>Aby bylo v sou\u010dasn\u00e9 dob\u011b mo\u017en\u00e9 kamionovou dopravou nap\u0159\u00edmo propojit \u010d\u00ednsk\u00e9 v\u00fdrobn\u00ed z\u00e1vody se z\u00e1kazn\u00edky v Evrop\u011b, realizuje Dachser celovozov\u00e9 kamionov\u00e9 p\u0159epravy p\u0159es ji\u017en\u00ed alternativn\u00ed trasu. V takov\u00e9m p\u0159\u00edpad\u011b opou\u0161t\u00ed \u010c\u00ednu p\u0159es hrani\u010dn\u00ed p\u0159echod Alashankou sm\u011brem do Kazachst\u00e1nu, pot\u00e9 putuj\u00ed trajektem p\u0159es Kaspick\u00e9 mo\u0159e do \u00c1zerb\u00e1jd\u017e\u00e1nu, Gruzie, p\u0159es Turecko a odtud p\u0159\u00edjemc\u016fm v Evrop\u011b. V z\u00e1vislosti na \u010dekac\u00edch dob\u00e1ch na hranic\u00edch a na trajektu, kter\u00e9 mohou b\u00fdt \u00fazk\u00fdm hrdlem t\u00e9to mezikontinent\u00e1ln\u00ed dopravn\u00ed alternativy, trv\u00e1 cesta mezi 26 a 30 dny. Celkem je zbo\u017e\u00ed dvakr\u00e1t kompletn\u011b p\u0159elo\u017eeno na jin\u00fd kamion.<\/p>\n<p>Dachser Cargoplus zah\u00e1jil p\u0159epravu celovozov\u00fdch kamionov\u00fdch p\u0159eprav mezi \u010c\u00ednou a Evropou p\u0159ed dv\u011bma lety \u2013 tehdy rychlej\u0161\u00ed cestou p\u0159es Rusko. Tato slu\u017eba je ur\u010dena zejm\u00e9na pro m\u00f3dn\u00ed, automobilov\u00fd, chemick\u00fd a DIY sektor a tak\u00e9 pro v\u00fdrobce elektrick\u00fdch p\u0159\u00edstroj\u016f a sou\u010d\u00e1stek \u010di produkt\u016f pro zdravotnictv\u00ed.<\/p>\n","protected":false},"excerpt":{"rendered":"<div class=\"mh-excerpt\"><p>Nejrychlej\u0161\u00ed trasy Hedv\u00e1bn\u00e9 stezky proch\u00e1zej\u00ed Ruskem a B\u011bloruskem, kv\u016fli v\u00e1lce na Ukrajin\u011b se tyto trasy v\u0161ak ji\u017e nedaj\u00ed vyu\u017e\u00edvat. Mezin\u00e1rodn\u00ed logistick\u00fd provider Dachser nyn\u00ed nab\u00edz\u00ed <a class=\"mh-excerpt-more\" href=\"https:\/\/www.automakersnews.cz\/index.php\/2022\/08\/18\/dachser-nabizi-objizdne-trasy-hedvabne-stezky\/\" title=\"Dachser nab\u00edz\u00ed obj\u00edzdn\u00e9 trasy Hedv\u00e1bn\u00e9 stezky\">[&#8230;]<\/a><\/p>\n<\/div>","protected":false},"author":2,"featured_media":354,"comment_status":"open","ping_status":"open","sticky":false,"template":"","format":"standard","meta":{"footnotes":""},"categories":[2],"tags":[],"class_list":["post-353","post","type-post","status-publish","format-standard","has-post-thumbnail","hentry","category-news"],"_links":{"self":[{"href":"https:\/\/www.automakersnews.cz\/index.php\/wp-json\/wp\/v2\/posts\/353","targetHints":{"allow":["GET"]}}],"collection":[{"href":"https:\/\/www.automakersnews.cz\/index.php\/wp-json\/wp\/v2\/posts"}],"about":[{"href":"https:\/\/www.automakersnews.cz\/index.php\/wp-json\/wp\/v2\/types\/post"}],"author":[{"embeddable":true,"href":"https:\/\/www.automakersnews.cz\/index.php\/wp-json\/wp\/v2\/users\/2"}],"replies":[{"embeddable":true,"href":"https:\/\/www.automakersnews.cz\/index.php\/wp-json\/wp\/v2\/comments?post=353"}],"version-history":[{"count":0,"href":"https:\/\/www.automakersnews.cz\/index.php\/wp-json\/wp\/v2\/posts\/353\/revisions"}],"wp:featuredmedia":[{"embeddable":true,"href":"https:\/\/www.automakersnews.cz\/index.php\/wp-json\/wp\/v2\/media\/354"}],"wp:attachment":[{"href":"https:\/\/www.automakersnews.cz\/index.php\/wp-json\/wp\/v2\/media?parent=353"}],"wp:term":[{"taxonomy":"category","embeddable":true,"href":"https:\/\/www.automakersnews.cz\/index.php\/wp-json\/wp\/v2\/categories?post=353"},{"taxonomy":"post_tag","embeddable":true,"href":"https:\/\/www.automakersnews.cz\/index.php\/wp-json\/wp\/v2\/tags?post=353"}],"curies":[{"name":"wp","href":"https:\/\/api.w.org\/{rel}","templated":true}]}}