{"id":35385,"date":"2023-04-03T06:55:54","date_gmt":"2023-04-03T06:55:54","guid":{"rendered":"https:\/\/www.automakersnews.cz\/?p=35385"},"modified":"2023-04-03T06:55:54","modified_gmt":"2023-04-03T06:55:54","slug":"peugeot-bodoval-na-new-energies-rallye","status":"publish","type":"post","link":"https:\/\/www.automakersnews.cz\/index.php\/2023\/04\/03\/peugeot-bodoval-na-new-energies-rallye\/","title":{"rendered":"Peugeot bodoval na New Energies Rallye"},"content":{"rendered":"<p><strong>V okol\u00ed \u010cesk\u00e9ho Krumlova se konal 11. ro\u010dn\u00edk Czech New Energies Rallye. Peugeot na tuto sout\u011b\u017e vyslal t\u0159i pos\u00e1dky s vozy Peugeot e-208 a<\/strong> <strong>odv\u00e1\u017e\u00ed si prvn\u00ed m\u00edsto mezi zna\u010dkami.<\/strong><\/p>\n<p><!--more--><\/p>\n<p>V p\u00e1tek 24. a v sobotu 25. b\u0159ezna se v okol\u00ed \u010cesk\u00e9ho Krumlova konal ji\u017e jeden\u00e1ct\u00fd ro\u010dn\u00edk Czech New Energies Rallye. Zna\u010dka Peugeot a jej\u00ed pos\u00e1dky se j\u00edzd pravidelnosti ekologicky \u0161etrn\u00fdch voz\u016f \u00fa\u010dastn\u00ed ji\u017e od sam\u00e9ho za\u010d\u00e1tku t\u00e9to dnes ji\u017e tradi\u010dn\u00ed sout\u011b\u017ee, a tak nemohly chyb\u011bt ani na leto\u0161n\u00edm zahajovac\u00edm podniku \u0161ampion\u00e1tu PHOENIX CONTACT \u010cesk\u00e9 Trophy v ecorally.<\/p>\n<p>Na start z\u00e1vodu, do bl\u00edzkosti Jadern\u00e9 elektr\u00e1rny Temel\u00edn, dorazily t\u0159i pos\u00e1dky s vozy Peugeot e-208 v barv\u00e1ch trikolory.<\/p>\n<p><img loading=\"lazy\" decoding=\"async\" class=\"alignnone wp-image-35391\" src=\"http:\/\/www.automakersnews.cz\/wp-content\/uploads\/2023\/04\/DTT_8932-small-3-300x200.jpg\" alt=\"\" width=\"872\" height=\"581\" srcset=\"https:\/\/www.automakersnews.cz\/wp-content\/uploads\/2023\/04\/DTT_8932-small-3-300x200.jpg 300w, https:\/\/www.automakersnews.cz\/wp-content\/uploads\/2023\/04\/DTT_8932-small-3-768x512.jpg 768w, https:\/\/www.automakersnews.cz\/wp-content\/uploads\/2023\/04\/DTT_8932-small-3.jpg 1024w\" sizes=\"auto, (max-width: 872px) 100vw, 872px\" \/><\/p>\n<p>Leto\u0161n\u00ed ro\u010dn\u00edk, jak u\u017e b\u00fdv\u00e1 u organiz\u00e1tor\u016f zvykem, p\u0159edstavoval \u0159adu n\u00e1strah. U\u017e jen pohled do programu sout\u011b\u017ee, kdy od p\u00e1te\u010dn\u00edch 13 do zhruba 23 hodin \u010dekala na z\u00e1vodn\u00edky trasa dlouh\u00e1 314 km, nazna\u010doval n\u00e1ro\u010dn\u00fd pr\u016fb\u011bh.<\/p>\n<p>Pro elektromobil e-208 s normovan\u00fdm dojezdem na jedno nabit\u00ed a\u017e 362 km1, ov\u0161em prvn\u00ed sout\u011b\u017en\u00ed den nep\u0159edstavoval v\u011bt\u0161\u00ed komplikace. V\u011bt\u0161\u00edm probl\u00e9mem se uk\u00e1zala j\u00edzda ve tm\u011b, n\u00e1ro\u010dn\u00fd ter\u00e9n a nep\u0159\u00edzniv\u00e9 po\u010das\u00ed.<\/p>\n<p>V\u0161echny pos\u00e1dky s vozy Peugeot ale dojely zd\u00e1rn\u011b do c\u00edle prvn\u00ed etapy, a to v tomto po\u0159ad\u00ed: \u010d. 25 &#8211; Luk\u00e1\u0161 a Milo\u0161 Dittrichovi na 11. m\u00edst\u011b, \u010d. 9 \u2013 Petr a Martina Vom\u00e1\u010dkovi na 15. m\u00edst\u011b a \u010d. 26 \u2013 Kry\u0161tof a Nikola H\u00e1jkovi na 27. m\u00edst\u011b.<\/p>\n<p>Podobn\u011b n\u00e1ro\u010dn\u00fd byl i druh\u00fd den. Z celkov\u00fdch 486 odjet\u00fdch kilometr\u016f bylo t\u00e9m\u011b\u0159 292 z\u00e1vodn\u00edch (zkou\u0161ky pravidelnosti), p\u0159i\u010dem\u017e pos\u00e1dky musely hl\u00eddat ka\u017ed\u00fd metr, vte\u0159inu \u010di jasn\u011b vyty\u010denou trasu.<\/p>\n<p>V kone\u010dn\u00e9m po\u0159ad\u00ed se v r\u00e1mci zna\u010dky Peugeot nejl\u00e9pe um\u00edstil Luk\u00e1\u0161 Dittrich navigovan\u00fd Milo\u0161em Dittrichem. Ti s po\u010dtem 7 011 trestn\u00fdch bod\u016f obsadili p\u00e1tou p\u0159\u00ed\u010dku. Na \u0161est\u00e9m m\u00edst\u011b se s 9 080 trestn\u00fdmi body um\u00edstili Petr a Martina Vom\u00e1\u010dkovi. T\u0159et\u00ed pos\u00e1dka zna\u010dky Peugeot \u2013 Kry\u0161tof a Nikola H\u00e1jkovi \u2013 skon\u010dila na 19. p\u0159\u00ed\u010dce.<\/p>\n<p>Pr\u00e1v\u011b vyrovnan\u00e9 v\u00fdkony jednotliv\u00fdch pos\u00e1dek zajistily zna\u010dce Peugeot jasn\u00e9 prvenstv\u00ed v r\u00e1mci \u010cesk\u00e9 trophy zna\u010dek v ecoRally. Dal\u0161\u00edm pokra\u010dov\u00e1n\u00edm bude u\u017e 12.-13. kv\u011btna 2. FUTURES CONTPRODUCT CLASSIC RALLY MORAVA.<\/p>\n<p><img loading=\"lazy\" decoding=\"async\" class=\"alignnone wp-image-35388\" src=\"http:\/\/www.automakersnews.cz\/wp-content\/uploads\/2023\/04\/DTT_8975-small-1-300x200.jpg\" alt=\"\" width=\"848\" height=\"565\" srcset=\"https:\/\/www.automakersnews.cz\/wp-content\/uploads\/2023\/04\/DTT_8975-small-1-300x200.jpg 300w, https:\/\/www.automakersnews.cz\/wp-content\/uploads\/2023\/04\/DTT_8975-small-1-1024x683.jpg 1024w, https:\/\/www.automakersnews.cz\/wp-content\/uploads\/2023\/04\/DTT_8975-small-1-768x512.jpg 768w, https:\/\/www.automakersnews.cz\/wp-content\/uploads\/2023\/04\/DTT_8975-small-1-1536x1024.jpg 1536w, https:\/\/www.automakersnews.cz\/wp-content\/uploads\/2023\/04\/DTT_8975-small-1.jpg 2048w\" sizes=\"auto, (max-width: 848px) 100vw, 848px\" \/><\/p>\n","protected":false},"excerpt":{"rendered":"<div class=\"mh-excerpt\"><p>V okol\u00ed \u010cesk\u00e9ho Krumlova se konal 11. ro\u010dn\u00edk Czech New Energies Rallye. Peugeot na tuto sout\u011b\u017e vyslal t\u0159i pos\u00e1dky s vozy Peugeot e-208 a odv\u00e1\u017e\u00ed <a class=\"mh-excerpt-more\" href=\"https:\/\/www.automakersnews.cz\/index.php\/2023\/04\/03\/peugeot-bodoval-na-new-energies-rallye\/\" title=\"Peugeot bodoval na New Energies Rallye\">[&#8230;]<\/a><\/p>\n<\/div>","protected":false},"author":4,"featured_media":35387,"comment_status":"open","ping_status":"open","sticky":false,"template":"","format":"standard","meta":{"footnotes":""},"categories":[10],"tags":[],"class_list":["post-35385","post","type-post","status-publish","format-standard","has-post-thumbnail","hentry","category-eventy"],"_links":{"self":[{"href":"https:\/\/www.automakersnews.cz\/index.php\/wp-json\/wp\/v2\/posts\/35385","targetHints":{"allow":["GET"]}}],"collection":[{"href":"https:\/\/www.automakersnews.cz\/index.php\/wp-json\/wp\/v2\/posts"}],"about":[{"href":"https:\/\/www.automakersnews.cz\/index.php\/wp-json\/wp\/v2\/types\/post"}],"author":[{"embeddable":true,"href":"https:\/\/www.automakersnews.cz\/index.php\/wp-json\/wp\/v2\/users\/4"}],"replies":[{"embeddable":true,"href":"https:\/\/www.automakersnews.cz\/index.php\/wp-json\/wp\/v2\/comments?post=35385"}],"version-history":[{"count":0,"href":"https:\/\/www.automakersnews.cz\/index.php\/wp-json\/wp\/v2\/posts\/35385\/revisions"}],"wp:featuredmedia":[{"embeddable":true,"href":"https:\/\/www.automakersnews.cz\/index.php\/wp-json\/wp\/v2\/media\/35387"}],"wp:attachment":[{"href":"https:\/\/www.automakersnews.cz\/index.php\/wp-json\/wp\/v2\/media?parent=35385"}],"wp:term":[{"taxonomy":"category","embeddable":true,"href":"https:\/\/www.automakersnews.cz\/index.php\/wp-json\/wp\/v2\/categories?post=35385"},{"taxonomy":"post_tag","embeddable":true,"href":"https:\/\/www.automakersnews.cz\/index.php\/wp-json\/wp\/v2\/tags?post=35385"}],"curies":[{"name":"wp","href":"https:\/\/api.w.org\/{rel}","templated":true}]}}