{"id":35394,"date":"2023-04-03T06:59:40","date_gmt":"2023-04-03T06:59:40","guid":{"rendered":"https:\/\/www.automakersnews.cz\/?p=35394"},"modified":"2023-04-03T07:15:17","modified_gmt":"2023-04-03T07:15:17","slug":"sodexho-vyhralo-tendr-skody-auto","status":"publish","type":"post","link":"https:\/\/www.automakersnews.cz\/index.php\/2023\/04\/03\/sodexho-vyhralo-tendr-skody-auto\/","title":{"rendered":"Sodexo vyhr\u00e1lo tendr \u0160kody Auto"},"content":{"rendered":"<p><strong>Nejv\u011bt\u0161\u00ed \u010desk\u00fd poskytovatel zam\u011bstnaneck\u00fdch benefit\u016f Sodexo Benefity obh\u00e1jil pozici dodavatele benefit\u016f pro t\u00e9m\u011b\u0159 \u010dty\u0159icet tis\u00edc zam\u011bstnanc\u016f \u0160koda Auto. D\u00edky v\u00edt\u011bzstv\u00ed ve v\u00fdb\u011brov\u00e9m \u0159\u00edzen\u00ed spole\u010dnost zajist\u00ed benefity pro voln\u00fd \u010das na dal\u0161\u00ed \u010dty\u0159i roky pro nejv\u011bt\u0161\u00ed soukromou spole\u010dnost v tuzemsku.<\/strong><!--more--><\/p>\n<p>\u201eSpole\u010dnost Sodexo byla prvn\u00ed, se kterou jsme za\u010dali v roce 2018 na poli benefitn\u00edch slu\u017eeb spolupracovat. Oce\u0148ujeme p\u0159edev\u0161\u00edm jejich proaktivn\u00ed a otev\u0159enou komunikaci sm\u011brem k n\u00e1m i na\u0161emu soci\u00e1ln\u00edmu partnerovi \u2013 Odbor\u016fm KOVO. S flexibiln\u00edmi benefity jsme za\u010dali spole\u010dn\u011b se soci\u00e1ln\u00edm partnerem jako jedni z prvn\u00edch tzv. body pro zdrav\u00ed, kter\u00e9 jsme n\u00e1sledn\u011b p\u0159evedli pr\u00e1v\u011b do cafeterie. B\u011bhem prvn\u00edch let fungov\u00e1n\u00ed cafeterie jsme si spole\u010dn\u011b ov\u011b\u0159ili, \u017ee zam\u011bstnanci \u0160koda Auto maj\u00ed o \u0161irokou nab\u00eddku benefit\u016f velk\u00fd z\u00e1jem. V\u00fdznamn\u00fdm krokem, kter\u00fdm jsme d\u0159\u00edv\u011bj\u0161\u00ed p\u0159\u00edpisy bod\u016f z\u00e1sadn\u011b dynamizovali byl v\u00fdsledek lo\u0148sk\u00e9ho kolektivn\u00edho vyjedn\u00e1v\u00e1n\u00ed s Odbory KOVO,\u201c \u0159\u00edk\u00e1 Maren Gr\u00e4f, \u010dlenka p\u0159edstavenstva za oblast Lid\u00e9 a kultura.<\/p>\n<p>\u201eOdbory KOVO Mlad\u00e1 Boleslav, Kvasiny, Vrchlab\u00ed dlouho v\u00e1haly, zda masivn\u011b zapojit cafeterii do syst\u00e9mu slu\u017eeb. Nakonec se tyto benefity jako nadstavba klasick\u00e9ho odm\u011b\u0148ov\u00e1n\u00ed uk\u00e1zaly jako velmi v\u00fdhodn\u00e9 pro zam\u011bstnance a jejich rodiny. Tyto benefity ji\u017e ve velmi slu\u0161n\u00e9m objemu v podstat\u011b u\u010d\u00ed lidi nov\u00e9mu stylu hospoda\u0159en\u00ed s hodnotami jako je zdrav\u00ed, sport, \u00falo\u017eky na st\u00e1\u0159\u00ed a dal\u0161\u00ed. Skv\u011bl\u00e1 je variabilita i tvorba p\u0159\u00edmo zam\u011bstnanci. Velk\u00e1 v\u00fdhoda je, \u017ee tyto hodnoty jsou trval\u00e9 a nepropadnou ani nap\u0159\u00edklad p\u0159i odchodu do d\u016fchodu nebo jinam. Vytvo\u0159ili jsme tak\u00e9 vynikaj\u00edc\u00ed troj\u00faheln\u00edk mezi Odbory KOVO, spole\u010dnost\u00ed \u0160koda Auto a spole\u010dnost\u00ed Sodexo a na\u0161\u00edm c\u00edlem je dos\u00e1hnout t\u00e9 nejlep\u0161\u00ed slu\u017eby pro na\u0161e klienty-zam\u011bstnance a \u010dleny Odbor\u016f KOVO,\u201c dod\u00e1v\u00e1 p\u0159edseda Odbor\u016f KOVO Jaroslav Pov\u0161\u00edk.<\/p>\n<p>\u201e\u0160koda Auto pat\u0159\u00ed k na\u0161im nejv\u011bt\u0161\u00edm klient\u016fm. Abychom si ho udr\u017eeli, investovali jsem do v\u00fdvoje na\u0161ich syst\u00e9m\u016f a roz\u0161\u00ed\u0159en\u00ed partnersk\u00e9 s\u00edt\u011b na p\u0159\u00e1n\u00ed zam\u011bstnanc\u016f automobilky. Postavili jsme tak\u00e9 skv\u011bl\u00fd t\u00fdm, kter\u00fd mimo jin\u00e9 zaji\u0161\u0165uje i komunikaci p\u0159\u00edmo se zam\u011bstnanci \u0160koda Auto. To v\u0161e se prom\u00edtlo do na\u0161eho v\u00edt\u011bzstv\u00ed ve v\u00fdb\u011brov\u00e9m \u0159\u00edzen\u00ed a j\u00e1 pevn\u011b v\u011b\u0159\u00edm, \u017ee na\u0161e spolupr\u00e1ce bude nad\u00e1le p\u0159\u00ednosn\u00e1 pro v\u0161echny strany,\u201c dod\u00e1v\u00e1 Robert Hlav\u00e1\u010dek, mana\u017eer segmentu kl\u00ed\u010dov\u00fdch z\u00e1kazn\u00edk\u016f Sodexo Benefity.<\/p>\n<p><img loading=\"lazy\" decoding=\"async\" class=\"alignnone size-large wp-image-1524\" src=\"http:\/\/www.automakersnews.cz\/wp-content\/uploads\/2022\/11\/Vyroba-aut-skoda-enyaq-1024x768.jpg\" alt=\"\" width=\"1024\" height=\"768\" \/><\/p>\n","protected":false},"excerpt":{"rendered":"<div class=\"mh-excerpt\"><p>Nejv\u011bt\u0161\u00ed \u010desk\u00fd poskytovatel zam\u011bstnaneck\u00fdch benefit\u016f Sodexo Benefity obh\u00e1jil pozici dodavatele benefit\u016f pro t\u00e9m\u011b\u0159 \u010dty\u0159icet tis\u00edc zam\u011bstnanc\u016f \u0160koda Auto. D\u00edky v\u00edt\u011bzstv\u00ed ve v\u00fdb\u011brov\u00e9m \u0159\u00edzen\u00ed spole\u010dnost zajist\u00ed <a class=\"mh-excerpt-more\" href=\"https:\/\/www.automakersnews.cz\/index.php\/2023\/04\/03\/sodexho-vyhralo-tendr-skody-auto\/\" title=\"Sodexo vyhr\u00e1lo tendr \u0160kody Auto\">[&#8230;]<\/a><\/p>\n<\/div>","protected":false},"author":4,"featured_media":35395,"comment_status":"open","ping_status":"open","sticky":false,"template":"","format":"standard","meta":{"footnotes":""},"categories":[2],"tags":[],"class_list":["post-35394","post","type-post","status-publish","format-standard","has-post-thumbnail","hentry","category-news"],"_links":{"self":[{"href":"https:\/\/www.automakersnews.cz\/index.php\/wp-json\/wp\/v2\/posts\/35394","targetHints":{"allow":["GET"]}}],"collection":[{"href":"https:\/\/www.automakersnews.cz\/index.php\/wp-json\/wp\/v2\/posts"}],"about":[{"href":"https:\/\/www.automakersnews.cz\/index.php\/wp-json\/wp\/v2\/types\/post"}],"author":[{"embeddable":true,"href":"https:\/\/www.automakersnews.cz\/index.php\/wp-json\/wp\/v2\/users\/4"}],"replies":[{"embeddable":true,"href":"https:\/\/www.automakersnews.cz\/index.php\/wp-json\/wp\/v2\/comments?post=35394"}],"version-history":[{"count":0,"href":"https:\/\/www.automakersnews.cz\/index.php\/wp-json\/wp\/v2\/posts\/35394\/revisions"}],"wp:featuredmedia":[{"embeddable":true,"href":"https:\/\/www.automakersnews.cz\/index.php\/wp-json\/wp\/v2\/media\/35395"}],"wp:attachment":[{"href":"https:\/\/www.automakersnews.cz\/index.php\/wp-json\/wp\/v2\/media?parent=35394"}],"wp:term":[{"taxonomy":"category","embeddable":true,"href":"https:\/\/www.automakersnews.cz\/index.php\/wp-json\/wp\/v2\/categories?post=35394"},{"taxonomy":"post_tag","embeddable":true,"href":"https:\/\/www.automakersnews.cz\/index.php\/wp-json\/wp\/v2\/tags?post=35394"}],"curies":[{"name":"wp","href":"https:\/\/api.w.org\/{rel}","templated":true}]}}