{"id":3582,"date":"2022-11-16T09:20:20","date_gmt":"2022-11-16T09:20:20","guid":{"rendered":"https:\/\/www.automakersnews.cz\/?p=3582"},"modified":"2022-11-16T09:22:09","modified_gmt":"2022-11-16T09:22:09","slug":"sdruzeni-sisa-melo-valnou-hromadu","status":"publish","type":"post","link":"https:\/\/www.automakersnews.cz\/index.php\/2022\/11\/16\/sdruzeni-sisa-melo-valnou-hromadu\/","title":{"rendered":"Hromada SISA projednala blokovou v\u00fdjimku"},"content":{"rendered":"<p><strong>Ve \u010dtvrtek 10. listopadu se konala sch\u016fze valn\u00e9 hromady Sdru\u017een\u00ed import\u00e9r\u016f a v\u00fdrobc\u016f sou\u010d\u00e1st\u00ed automobil\u016f a servisn\u00ed techniky. \u010clenov\u00e9 sdru\u017een\u00ed se se\u0161li, aby zhodnotili uplynul\u00e9 obdob\u00ed a stanovili c\u00edle pro rok 2023. Schv\u00e1lili rozpo\u010det sdru\u017een\u00ed pro rok 2023.<\/strong><!--more--><\/p>\n<p><span style=\"color: #000000;\"><span style=\"font-family: Calibri, serif;\">Valn\u00e1 hromada<b> <\/b>je nejvy\u0161\u0161\u00edm org\u00e1nem sdru\u017een\u00ed, kter\u00fd rozhoduje o z\u00e1kladn\u00edch c\u00edlech sdru\u017een\u00ed a jeho strategii, schvaluje z\u00e1kladn\u00ed koncepci \u010dinnosti sdru\u017een\u00ed v\u010detn\u011b rozpo\u010dtu, projedn\u00e1v\u00e1 \u017e\u00e1dosti o \u010dlenstv\u00ed, vol\u00ed v\u00fdkonn\u00e9 org\u00e1ny sdru\u017een\u00ed.<\/span><\/span><\/p>\n<p>Tajemn\u00edk sdru\u017een\u00ed JUDr. Miroslav Br\u016f\u017eek sezn\u00e1mil p\u0159\u00edtomn\u00e9 s\u00a0obsahem n\u00e1vrhu nov\u00e9 Blokov\u00e9 v\u00fdjimky a upozornil na n\u011bkter\u00e9 zm\u011bny a nejasnosti v\u00a0textu n\u00e1vrhu Evropsk\u00e9 komise. Zm\u011bny se t\u00fdkaj\u00ed nap\u0159. definice origin\u00e1ln\u00edch d\u00edl\u016f, zaveden\u00ed pojmu z\u00e1kladn\u00ed vstup, pojem nediskriminace, p\u0159\u00edstup k\u00a0\u00fadaj\u016fm generovan\u00fdm vozidlem.<\/p>\n<p>N\u00e1vrh je nyn\u00ed p\u0159edm\u011btem dal\u0161\u00edch politick\u00fdch diskus\u00ed. Nov\u00e1 Blokov\u00e1 v\u00fdjimka bude platit od 1. \u010dervna 2023 do 31. kv\u011btna 2028.<\/p>\n","protected":false},"excerpt":{"rendered":"<div class=\"mh-excerpt\"><p>Ve \u010dtvrtek 10. listopadu se konala sch\u016fze valn\u00e9 hromady Sdru\u017een\u00ed import\u00e9r\u016f a v\u00fdrobc\u016f sou\u010d\u00e1st\u00ed automobil\u016f a servisn\u00ed techniky. \u010clenov\u00e9 sdru\u017een\u00ed se se\u0161li, aby zhodnotili uplynul\u00e9 <a class=\"mh-excerpt-more\" href=\"https:\/\/www.automakersnews.cz\/index.php\/2022\/11\/16\/sdruzeni-sisa-melo-valnou-hromadu\/\" title=\"Hromada SISA projednala blokovou v\u00fdjimku\">[&#8230;]<\/a><\/p>\n<\/div>","protected":false},"author":1,"featured_media":3583,"comment_status":"open","ping_status":"open","sticky":false,"template":"","format":"standard","meta":{"footnotes":""},"categories":[10],"tags":[],"class_list":["post-3582","post","type-post","status-publish","format-standard","has-post-thumbnail","hentry","category-eventy"],"_links":{"self":[{"href":"https:\/\/www.automakersnews.cz\/index.php\/wp-json\/wp\/v2\/posts\/3582","targetHints":{"allow":["GET"]}}],"collection":[{"href":"https:\/\/www.automakersnews.cz\/index.php\/wp-json\/wp\/v2\/posts"}],"about":[{"href":"https:\/\/www.automakersnews.cz\/index.php\/wp-json\/wp\/v2\/types\/post"}],"author":[{"embeddable":true,"href":"https:\/\/www.automakersnews.cz\/index.php\/wp-json\/wp\/v2\/users\/1"}],"replies":[{"embeddable":true,"href":"https:\/\/www.automakersnews.cz\/index.php\/wp-json\/wp\/v2\/comments?post=3582"}],"version-history":[{"count":0,"href":"https:\/\/www.automakersnews.cz\/index.php\/wp-json\/wp\/v2\/posts\/3582\/revisions"}],"wp:featuredmedia":[{"embeddable":true,"href":"https:\/\/www.automakersnews.cz\/index.php\/wp-json\/wp\/v2\/media\/3583"}],"wp:attachment":[{"href":"https:\/\/www.automakersnews.cz\/index.php\/wp-json\/wp\/v2\/media?parent=3582"}],"wp:term":[{"taxonomy":"category","embeddable":true,"href":"https:\/\/www.automakersnews.cz\/index.php\/wp-json\/wp\/v2\/categories?post=3582"},{"taxonomy":"post_tag","embeddable":true,"href":"https:\/\/www.automakersnews.cz\/index.php\/wp-json\/wp\/v2\/tags?post=3582"}],"curies":[{"name":"wp","href":"https:\/\/api.w.org\/{rel}","templated":true}]}}