{"id":3615,"date":"2022-11-16T09:40:51","date_gmt":"2022-11-16T09:40:51","guid":{"rendered":"https:\/\/www.automakersnews.cz\/?p=3615"},"modified":"2022-11-16T09:40:51","modified_gmt":"2022-11-16T09:40:51","slug":"schneider-nabidl-treti-generaci-dobijecek","status":"publish","type":"post","link":"https:\/\/www.automakersnews.cz\/index.php\/2022\/11\/16\/schneider-nabidl-treti-generaci-dobijecek\/","title":{"rendered":"Schneider nab\u00eddl t\u0159et\u00ed generaci dob\u00edje\u010dek"},"content":{"rendered":"<p align=\"JUSTIFY\"><span style=\"font-family: Arial, serif;\"><span lang=\"cs-CZ\"><b>Schneider Electric uv\u00e1d\u00ed na trh novou generaci st\u0159\u00eddav\u00fdch nab\u00edje\u010dek pro elektromobily <\/b><\/span><\/span><span style=\"font-family: Arial, serif;\"><span lang=\"cs-CZ\"><b>EVlink Pro AC a Pro AC Metal. Mezi jejich nejv\u011bt\u0161\u00ed vylep\u0161en\u00ed pat\u0159\u00ed podle v\u00fdrobce optimalizace spot\u0159eby elektrick\u00e9 energie, maximalizace doby provozu a je\u0161t\u011b vy\u0161\u0161\u00ed efektivita.<\/b><\/span><\/span><!--more--><b><\/b><\/p>\n<p align=\"JUSTIFY\">\u201e<span style=\"font-family: Arial, serif;\"><span lang=\"cs-CZ\">EVlink Pro AC jsou snadno a intuitivn\u011b instalovateln\u00e9 chytr\u00e9 nab\u00edjec\u00ed stanice, kter\u00e9 zaji\u0161\u0165uj\u00ed bezpe\u010dn\u00e9 dob\u00edjen\u00ed elektromobil\u016f s\u00a0d\u016frazem na maxim\u00e1ln\u00ed \u0161etrnost k\u00a0\u017eivotn\u00edmu prost\u0159ed\u00ed. Nav\u00edc dok\u00e1\u017e\u00ed minimalizovat odb\u011bry elektrick\u00e9 energie ve\u00a0\u0161pi\u010dk\u00e1ch, co\u017e\u00a0p\u0159isp\u00edv\u00e1 ke sni\u017eov\u00e1n\u00ed ceny v\u00fdsledn\u00e9ho dob\u00edjen\u00ed,\u201c<\/span><\/span><span style=\"font-family: Arial, serif;\"><span lang=\"cs-CZ\"> \u0159\u00edk\u00e1 <\/span><\/span><span style=\"font-family: Arial, serif;\"><span lang=\"cs-CZ\">Leo\u0161 Kab\u00e1t, specialista na elektromobilitu spole\u010dnosti Schneider Electric<\/span><\/span><\/p>\n<p align=\"JUSTIFY\"><span style=\"font-family: Arial, serif;\"><span lang=\"cs-CZ\">D\u00edky mo\u017enosti vzd\u00e1len\u00e9ho monitorov\u00e1n\u00ed nab\u00edjec\u00edho procesu a inteligentn\u00edmu nab\u00edjen\u00ed se mohou naz\u00fdvat chytr\u00fdmi nab\u00edje\u010dkami. To v\u00a0praxi znamen\u00e1, \u017ee jsou schopn\u00e9 nab\u00edjec\u00ed proces kontrolovat a proces pozastav\u00ed p\u0159esn\u011b v\u00a0okam\u017eiku, kdy jsou baterie pln\u011b dobity.<\/span><\/span><\/p>\n<p align=\"JUSTIFY\"><img loading=\"lazy\" decoding=\"async\" class=\"alignnone size-medium wp-image-3617\" src=\"http:\/\/www.automakersnews.cz\/wp-content\/uploads\/2022\/11\/Schneider_Electric_6-Multifamily_small-e1668591638409-300x169.jpg\" alt=\"\" width=\"300\" height=\"169\" srcset=\"https:\/\/www.automakersnews.cz\/wp-content\/uploads\/2022\/11\/Schneider_Electric_6-Multifamily_small-e1668591638409-300x169.jpg 300w, https:\/\/www.automakersnews.cz\/wp-content\/uploads\/2022\/11\/Schneider_Electric_6-Multifamily_small-e1668591638409.jpg 500w\" sizes=\"auto, (max-width: 300px) 100vw, 300px\" \/><\/p>\n","protected":false},"excerpt":{"rendered":"<div class=\"mh-excerpt\"><p>Schneider Electric uv\u00e1d\u00ed na trh novou generaci st\u0159\u00eddav\u00fdch nab\u00edje\u010dek pro elektromobily EVlink Pro AC a Pro AC Metal. Mezi jejich nejv\u011bt\u0161\u00ed vylep\u0161en\u00ed pat\u0159\u00ed podle v\u00fdrobce <a class=\"mh-excerpt-more\" href=\"https:\/\/www.automakersnews.cz\/index.php\/2022\/11\/16\/schneider-nabidl-treti-generaci-dobijecek\/\" title=\"Schneider nab\u00eddl t\u0159et\u00ed generaci dob\u00edje\u010dek\">[&#8230;]<\/a><\/p>\n<\/div>","protected":false},"author":1,"featured_media":3616,"comment_status":"open","ping_status":"open","sticky":false,"template":"","format":"standard","meta":{"footnotes":""},"categories":[22],"tags":[],"class_list":["post-3615","post","type-post","status-publish","format-standard","has-post-thumbnail","hentry","category-elektromobily"],"_links":{"self":[{"href":"https:\/\/www.automakersnews.cz\/index.php\/wp-json\/wp\/v2\/posts\/3615","targetHints":{"allow":["GET"]}}],"collection":[{"href":"https:\/\/www.automakersnews.cz\/index.php\/wp-json\/wp\/v2\/posts"}],"about":[{"href":"https:\/\/www.automakersnews.cz\/index.php\/wp-json\/wp\/v2\/types\/post"}],"author":[{"embeddable":true,"href":"https:\/\/www.automakersnews.cz\/index.php\/wp-json\/wp\/v2\/users\/1"}],"replies":[{"embeddable":true,"href":"https:\/\/www.automakersnews.cz\/index.php\/wp-json\/wp\/v2\/comments?post=3615"}],"version-history":[{"count":0,"href":"https:\/\/www.automakersnews.cz\/index.php\/wp-json\/wp\/v2\/posts\/3615\/revisions"}],"wp:featuredmedia":[{"embeddable":true,"href":"https:\/\/www.automakersnews.cz\/index.php\/wp-json\/wp\/v2\/media\/3616"}],"wp:attachment":[{"href":"https:\/\/www.automakersnews.cz\/index.php\/wp-json\/wp\/v2\/media?parent=3615"}],"wp:term":[{"taxonomy":"category","embeddable":true,"href":"https:\/\/www.automakersnews.cz\/index.php\/wp-json\/wp\/v2\/categories?post=3615"},{"taxonomy":"post_tag","embeddable":true,"href":"https:\/\/www.automakersnews.cz\/index.php\/wp-json\/wp\/v2\/tags?post=3615"}],"curies":[{"name":"wp","href":"https:\/\/api.w.org\/{rel}","templated":true}]}}