{"id":3620,"date":"2022-11-16T10:06:51","date_gmt":"2022-11-16T10:06:51","guid":{"rendered":"https:\/\/www.automakersnews.cz\/?p=3620"},"modified":"2022-11-16T10:16:49","modified_gmt":"2022-11-16T10:16:49","slug":"topolova-pokrtila-knuhu-muhlfeitovi","status":"publish","type":"post","link":"https:\/\/www.automakersnews.cz\/index.php\/2022\/11\/16\/topolova-pokrtila-knuhu-muhlfeitovi\/","title":{"rendered":"Topolov\u00e1 pok\u0159tila knihu Muhlfeitovi"},"content":{"rendered":"<p class=\"v1MsoNormal\"><strong>\u0160\u00e9fka AAA Auto Karol\u00edna Topolov\u00e1 pok\u0159tila v pra\u017esk\u00e9 Jalt\u011b knihu Budov\u00e1n\u00ed \u00fasp\u011b\u0161n\u00fdch t\u00fdm\u016f od Jana Muhlfeita a Pavla Pumprly. Dal\u0161\u00edmi kmotry byli Kate\u0159ina Neumannov\u00e1, olympijsk\u00e1 v\u00edt\u011bzka v b\u011bhu na ly\u017e\u00edch 2006, a prim\u00e1\u0159 urologick\u00e9ho odd\u011blen\u00ed Fakultn\u00ed Thomayerovy nemocnice prof. MUDr. Roman Zachoval.<\/strong><!--more--><\/p>\n<p><span style=\"color: #000000;\"><span style=\"font-family: Times New Roman, serif;\"><span style=\"font-size: medium;\">Jan M\u00fchlfeit, b\u00fdval\u00fd prezident Microsoftu pro Evropu, kou\u010d \u00fasp\u011b\u0161n\u00fdch mana\u017eer\u016f i sportovc\u016f a b\u00fdval\u00fd kapit\u00e1n \u010desk\u00e9 basketbalov\u00e9 reprezentace a konzultant v leadershipu Pavel Pumprla spojili s\u00edly. Nakladatelstv\u00ed Management Press vyd\u00e1v\u00e1 knihu <\/span><\/span><\/span><a href=\"https:\/\/www.albatrosmedia.cz\/tituly\/82837878\/budovani-uspesnych-tymu\/?_gl=1*1vzls48*_up*MQ..&amp;gclid=EAIaIQobChMIvYDvl8GW-gIVkdxRCh26FASkEAAYASAAEgLti_D_BwE\"><span style=\"font-family: Times New Roman, serif;\"><span style=\"font-size: medium;\">Budov\u00e1n\u00ed \u00fasp\u011b\u0161n\u00fdch t\u00fdm\u016f<\/span><\/span><\/a><span style=\"color: #000000;\"><span style=\"font-family: Times New Roman, serif;\"><span style=\"font-size: medium;\"> (499 K\u010d).<\/span><\/span><\/span><\/p>\n<p><span style=\"font-family: Times New Roman, serif;\"><span style=\"font-size: medium;\">Jak\u00e1 je role l\u00eddra, jak naj\u00edt osobn\u00ed vizi a misi, budovat zdrav\u00e9 vztahy v\u00a0t\u00fdmu, vyu\u017e\u00edt talent ka\u017ed\u00e9ho jednotlivce nebo jak dos\u00e1hnout c\u00edl\u016f i za zt\u00ed\u017een\u00fdch podm\u00ednek\u2026 Odpov\u011bdi nejen na tyto ot\u00e1zky m\u016f\u017eete \u010derpat ze zku\u0161enost\u00ed dvou \u00fasp\u011b\u0161n\u00fdch l\u00eddr\u016f, kte\u0159\u00ed ve sv\u00e9 knize shrnuj\u00ed \u010dtivou formou praktick\u00fdch rad a re\u00e1ln\u00fdch p\u0159\u00edpad\u016f z\u00e1sady pro budov\u00e1n\u00ed \u00fasp\u011b\u0161n\u00fdch t\u00fdm\u016f. <\/span><\/span><\/p>\n<p><span style=\"color: #000000;\"><span style=\"font-family: Times New Roman, serif;\"><span style=\"font-size: medium;\">B<\/span><\/span><\/span><span style=\"font-family: Times New Roman, serif;\"><span style=\"font-size: medium;\">udov\u00e1n\u00ed vztah\u016f v\u00a0t\u00fdmu se podle Jana M\u00fchlfeita dot\u00fdk\u00e1 ka\u017ed\u00e9ho z\u00a0n\u00e1s:<\/span><\/span><span style=\"font-family: Times New Roman, serif;\"><span style=\"font-size: medium;\"><i> \u201eI kdy\u017e nevedeme \u017e\u00e1dn\u00e9 pod\u0159\u00edzen\u00e9, pohybujeme se po\u0159\u00e1d v\u00a0n\u011bjak\u00fdch t\u00fdmech \u2013 a\u0165 u\u017e je to rodina, p\u0159\u00e1tel\u00e9, spolupracovn\u00edci, soused\u00e9. V\u0161ude je d\u016fle\u017eit\u00e9 v\u011bd\u011bt, co lidi motivuje a inspiruje a co naopak p\u016fsob\u00ed rozkladn\u011b.<\/i><\/span><\/span><span style=\"font-family: Times New Roman, serif;\"><span style=\"font-size: medium;\">\u201c <\/span><\/span><\/p>\n<p><span style=\"font-family: Times New Roman, serif;\"><span style=\"font-size: medium;\">Oba odborn\u00edci se na z\u00e1klad\u011b sv\u00fdch osobn\u00edch zku\u0161enost\u00ed sna\u017e\u00ed pom\u00e1hat lidem naj\u00edt optim\u00e1ln\u00ed rovnov\u00e1hu mezi v\u00fdkonem a regenerac\u00ed, u\u010d\u00ed je objevovat sv\u00e9 nejsiln\u011bj\u0161\u00ed str\u00e1nky i cestu ke sv\u00fdm sn\u016fm. Jejich p\u0159edn\u00e1\u0161ky a workshopy nav\u0161t\u011bvuj\u00ed nejen lid\u00e9 z\u00a0byznysu nebo sportovn\u00ed tren\u00e9\u0159i, ale i u\u010ditel\u00e9, rodi\u010de, vychovatel\u00e9 a far\u00e1\u0159i. Pavel Pumprla, kter\u00fd z\u00e1rove\u0148 nahr\u00e1v\u00e1 podcast, dod\u00e1v\u00e1: <\/span><\/span><span style=\"font-family: Times New Roman, serif;\"><span style=\"font-size: medium;\"><i>\u201eOblast\u00ed, kde jsou v\u00fdhodou dob\u0159e funguj\u00edc\u00ed t\u00fdmy, je cel\u00e1 \u0159ada.\u201c<\/i><\/span><\/span><\/p>\n<p><span style=\"color: #000000;\"><span style=\"font-family: Times New Roman, serif;\"><span style=\"font-size: medium;\"><b>Jan M\u00fchlfeit <\/b><\/span><\/span><\/span><\/p>\n<p><span style=\"color: #000000;\"><span style=\"font-family: Times New Roman, serif;\"><span style=\"font-size: medium;\">Glob\u00e1ln\u00ed strat\u00e9g, kou\u010d a mentor, jeho\u017e osobn\u00edm posl\u00e1n\u00edm je pom\u00e1hat jednotlivc\u016fm, organizac\u00edm a zem\u00edm na cel\u00e9m sv\u011bt\u011b odemknout sv\u016fj lidsk\u00fd potenci\u00e1l. M\u00e1 za sebou \u00fasp\u011b\u0161n\u00e9 budov\u00e1n\u00ed t\u00fdm\u016f a organizac\u00ed b\u011bhem dlouh\u00e9 kari\u00e9ry v Microsoftu, kde p\u016fsobil na r\u016fzn\u00fdch vedouc\u00edch pozic\u00edch. Na z\u00e1klad\u011b sv\u00fdch zku\u0161enost\u00ed vytvo\u0159il zcela unik\u00e1tn\u00ed metodiku pro jednotlivce i t\u00fdmy zam\u011b\u0159enou na hled\u00e1n\u00ed a objeven\u00ed vlastn\u00ed v\u00fdjime\u010dnosti. Tento kurz Jan M\u00fchlfeit vyu\u010duje v soukrom\u00e9m i ve\u0159ejn\u00e9m sektoru po cel\u00e9m sv\u011bt\u011b, kou\u010duje vrcholov\u00e9 mana\u017eery z mnoha zem\u00ed. <\/span><\/span><\/span><\/p>\n<p><span style=\"color: #000000;\"><span style=\"font-family: Times New Roman, serif;\"><span style=\"font-size: medium;\">V roce 2017 vy\u0161la jeho kniha\u00a0Pozitivn\u00ed leader, ve kter\u00e9 shrnuje sv\u00e9 dlouholet\u00e9 zku\u0161enosti z veden\u00ed t\u00fdm\u016f. O rok pozd\u011bji se svou spolupracovnic\u00ed Katkou Novotnou p\u0159ipravil knihu\u00a0Odemyk\u00e1n\u00ed d\u011btsk\u00e9ho potenci\u00e1lu. Ta vych\u00e1z\u00ed z jeho \u00fasp\u011b\u0161n\u00fdch kurz\u016f a semin\u00e1\u0159\u016f, v nich\u017e pom\u00e1h\u00e1 rodi\u010d\u016fm odhalit skryt\u00e9 talenty potomk\u016f. Podtitul knihy zn\u00ed: Ka\u017ed\u00e9 d\u00edt\u011b je origin\u00e1l. Ve spolupr\u00e1ci s\u202fKatkou p\u0159ipravil i publikaci Rodina jako t\u00fdm, v n\u00ed\u017e\u00a0se v\u011bnuj\u00ed rozvoji potenci\u00e1lu \u010dlen\u016f rodiny a u\u010d\u00ed je, jak navz\u00e1jem spolupracovat tak, aby rodina jako celek dos\u00e1hla maxim\u00e1ln\u00ed harmonie a \u00fasp\u011bchu. Ve sv\u00e9 knize\u00a0Budov\u00e1n\u00ed \u00fasp\u011b\u0161n\u00fdch t\u00fdm\u016f\u00a0spojil s\u00edly s b\u00fdval\u00fdm kapit\u00e1nem \u010desk\u00e9 basketbalov\u00e9 reprezentace a konzultantem v\u202foblasti leadershipu Pavlem Pumprlou.<\/span><\/span><\/span><\/p>\n<p><span style=\"color: #000000;\"><span style=\"font-family: Times New Roman, serif;\"><span style=\"font-size: medium;\"><b>Pavel Pumprla<\/b><\/span><\/span><\/span><\/p>\n<p><span style=\"color: #000000;\"><span style=\"font-family: Times New Roman, serif;\"><span style=\"font-size: medium;\">B\u00fdval\u00fd kapit\u00e1n basketbalov\u00e9 reprezentace \u010cR nyn\u00ed p\u016fsob\u00ed jako inspirativn\u00ed speaker a konzultant v\u00a0oblasti leadershipu a fungov\u00e1n\u00ed t\u00fdm\u016f. V\u00edce ne\u017e 15 let se pohyboval ve sv\u011bt\u011b profesion\u00e1ln\u00edho sportu a cenn\u00e9 lekce z tohoto prost\u0159ed\u00ed p\u0159ev\u00e1d\u00ed pr\u00e1v\u011b do sv\u00e9 nyn\u011bj\u0161\u00ed pr\u00e1ce ve firemn\u00edm prost\u0159ed\u00ed. Pavel je tak\u00e9 zakladatelem projektu Athletes PRO, kter\u00fd m\u00e1 za c\u00edl pom\u00e1hat sportovc\u016fm s\u00a0osobn\u00edm rozvojem a p\u0159\u00edpravou na jejich tzv. druhou kari\u00e9ru, kter\u00e1 je \u010dek\u00e1 po ukon\u010den\u00ed t\u00e9 sportovn\u00ed. <\/span><\/span><\/span><\/p>\n<p><img loading=\"lazy\" decoding=\"async\" class=\"alignnone size-medium wp-image-3622\" src=\"http:\/\/www.automakersnews.cz\/wp-content\/uploads\/2022\/11\/Handl-Neumannova-scaled-e1668593053266-225x300.jpg\" alt=\"\" width=\"225\" height=\"300\" srcset=\"https:\/\/www.automakersnews.cz\/wp-content\/uploads\/2022\/11\/Handl-Neumannova-scaled-e1668593053266-225x300.jpg 225w, https:\/\/www.automakersnews.cz\/wp-content\/uploads\/2022\/11\/Handl-Neumannova-scaled-e1668593053266-768x1024.jpg 768w, https:\/\/www.automakersnews.cz\/wp-content\/uploads\/2022\/11\/Handl-Neumannova-scaled-e1668593053266.jpg 920w\" sizes=\"auto, (max-width: 225px) 100vw, 225px\" \/><\/p>\n","protected":false},"excerpt":{"rendered":"<div class=\"mh-excerpt\"><p>\u0160\u00e9fka AAA Auto Karol\u00edna Topolov\u00e1 pok\u0159tila v pra\u017esk\u00e9 Jalt\u011b knihu Budov\u00e1n\u00ed \u00fasp\u011b\u0161n\u00fdch t\u00fdm\u016f od Jana Muhlfeita a Pavla Pumprly. Dal\u0161\u00edmi kmotry byli Kate\u0159ina Neumannov\u00e1, olympijsk\u00e1 <a class=\"mh-excerpt-more\" href=\"https:\/\/www.automakersnews.cz\/index.php\/2022\/11\/16\/topolova-pokrtila-knuhu-muhlfeitovi\/\" title=\"Topolov\u00e1 pok\u0159tila knihu Muhlfeitovi\">[&#8230;]<\/a><\/p>\n<\/div>","protected":false},"author":1,"featured_media":3623,"comment_status":"open","ping_status":"open","sticky":false,"template":"","format":"standard","meta":{"footnotes":""},"categories":[10],"tags":[],"class_list":["post-3620","post","type-post","status-publish","format-standard","has-post-thumbnail","hentry","category-eventy"],"_links":{"self":[{"href":"https:\/\/www.automakersnews.cz\/index.php\/wp-json\/wp\/v2\/posts\/3620","targetHints":{"allow":["GET"]}}],"collection":[{"href":"https:\/\/www.automakersnews.cz\/index.php\/wp-json\/wp\/v2\/posts"}],"about":[{"href":"https:\/\/www.automakersnews.cz\/index.php\/wp-json\/wp\/v2\/types\/post"}],"author":[{"embeddable":true,"href":"https:\/\/www.automakersnews.cz\/index.php\/wp-json\/wp\/v2\/users\/1"}],"replies":[{"embeddable":true,"href":"https:\/\/www.automakersnews.cz\/index.php\/wp-json\/wp\/v2\/comments?post=3620"}],"version-history":[{"count":0,"href":"https:\/\/www.automakersnews.cz\/index.php\/wp-json\/wp\/v2\/posts\/3620\/revisions"}],"wp:featuredmedia":[{"embeddable":true,"href":"https:\/\/www.automakersnews.cz\/index.php\/wp-json\/wp\/v2\/media\/3623"}],"wp:attachment":[{"href":"https:\/\/www.automakersnews.cz\/index.php\/wp-json\/wp\/v2\/media?parent=3620"}],"wp:term":[{"taxonomy":"category","embeddable":true,"href":"https:\/\/www.automakersnews.cz\/index.php\/wp-json\/wp\/v2\/categories?post=3620"},{"taxonomy":"post_tag","embeddable":true,"href":"https:\/\/www.automakersnews.cz\/index.php\/wp-json\/wp\/v2\/tags?post=3620"}],"curies":[{"name":"wp","href":"https:\/\/api.w.org\/{rel}","templated":true}]}}