{"id":36387,"date":"2023-04-06T06:20:50","date_gmt":"2023-04-06T06:20:50","guid":{"rendered":"https:\/\/www.automakersnews.cz\/?p=36387"},"modified":"2023-04-06T10:39:24","modified_gmt":"2023-04-06T10:39:24","slug":"anketa-zlaty-volant-startuje-hlasovani","status":"publish","type":"post","link":"https:\/\/www.automakersnews.cz\/index.php\/2023\/04\/06\/anketa-zlaty-volant-startuje-hlasovani\/","title":{"rendered":"Anketa Zlat\u00fd volant startuje hlasov\u00e1n\u00ed"},"content":{"rendered":"<p><b>Porota slo\u017een\u00e1 z motoristick\u00fdch a sportovn\u00edch novin\u00e1\u0159\u016f ozn\u00e1mila nominace nejlep\u0161\u00edch \u010desk\u00fdch jezdc\u016f presti\u017en\u00ed ankety Zlat\u00fd volant. Ve\u0159ejnost m\u016f\u017ee hlasovat do 16. dubna. \u00da\u010dast na slavnostn\u00edm vyhl\u00e1\u0161en\u00ed, kter\u00e9 prob\u011bhne 16. kv\u011btna v Letensk\u00e9m z\u00e1me\u010dku, potvrdil i legend\u00e1rn\u00ed rally jezdec John Haugland.<\/b><!--more--><\/p>\n<p>Anketa Zlat\u00fd Volant je nejstar\u0161\u00ed \u010deskou motoristickou anketou a existuje ji\u017e od roku 1976. V\u00a0minul\u00e9m roce ocen\u011bn\u00ed Sv\u011btov\u00e1 osobnost motorsportu p\u0159evzal dvojn\u00e1sobn\u00fd mistr sv\u011bta F1 a v\u00edt\u011bz z\u00a0Indy 500 brazilsk\u00fd jezdec\u00a0<b>Emerson Fittipaldi a za\u0159adil se tak po bok dal\u0161\u00edch\u00a0<\/b>slavn\u00fdch jezdc\u016f, jako Michael Schumacher, Mika Hakkinen, David Coulthard, kte\u0159\u00ed cenu p\u0159evzali v minulosti.<\/p>\n<p>Letos cenu Sv\u011btov\u00e1 osobnost motoristick\u00e9ho sportu p\u0159evezme norsk\u00fd rallyov\u00fd jezdec\u00a0<b>John Haugland, u n\u00e1s zn\u00e1m\u00fd p\u0159edev\u0161\u00edm sv\u00fdm dlouholet\u00fdm anga\u017em\u00e1 v\u00a0tov\u00e1rn\u00edm t\u00fdmu \u0160koda<\/b>. Zna\u010dce \u0160koda byl v\u011brn\u00fd tak\u0159ka celou z\u00e1vodn\u00ed kari\u00e9ru a ve sv\u00e9 kategorii pro ni dok\u00e1zal vybojovat v\u00edt\u011bzstv\u00ed v\u00a0mnoha z\u00e1vodech mistrovstv\u00ed sv\u011bta.<\/p>\n<p><b>O \u010desk\u00e9m v\u00edt\u011bzi 46. ro\u010dn\u00edku Zlat\u00e9ho volantu rozhodne spole\u010dn\u00e9 hlasov\u00e1n\u00ed ve\u0159ejnosti a odborn\u00e9 poroty.<\/b>\u00a0Hlasy od ve\u0159ejnosti budou m\u00edt v\u00e1hu 50 % a zb\u00fdvaj\u00edc\u00edch 50 % bude m\u00edt ve sv\u00fdch rukou odborn\u00e1 porota.\u00a0<b>Fanou\u0161ci motorsportu z\u00a0\u0159ad \u0161irok\u00e9 ve\u0159ejnosti se mohou do hlasov\u00e1n\u00ed zapojit prost\u0159ednictv\u00edm online formul\u00e1\u0159e na webu\u00a0<\/b><a href=\"https:\/\/autodrom-mostcz.t.mailkit.eu\/mc\/VUQEVPEI\/VGKLPAPBLOINGHTQOX\/CUIQPLMQCUP\" target=\"_blank\" rel=\"noopener noreferrer\"><b>www.zlatyvolant.cz<\/b><\/a><b>, kde bude prob\u00edhat do 16. dubna<\/b>. Pro vylosovan\u00e9 hlasuj\u00edc\u00ed z\u00a0\u0159ad ve\u0159ejnosti v\u011bnovala spole\u010dnost Autodrom Most vstupenky na mistrovstv\u00ed sv\u011bta superbik\u016f, kter\u00e9 se na mosteck\u00e9m okruhu pojede 28. \u2013 30. \u010dervence, a vstupenky na mistrovstv\u00ed Evropy Czech Truck Prix, kter\u00e9 se bude konat 25. \u2013 27. srpna.<\/p>\n<p>Sou\u010d\u00e1st\u00ed hlasov\u00e1n\u00ed je i anketa\u00a0<b>Zlat\u00e1 \u0159\u00edd\u00edtka<\/b>\u00a0o nejlep\u0161\u00edho motocyklov\u00e9ho z\u00e1vodn\u00edka,\u00a0<b>Talent roku a Zlat\u00e9 oko<\/b>, kter\u00e1 odm\u011bn\u00ed nejlep\u0161\u00ed motoristick\u00fd sn\u00edmek leto\u0161n\u00edho roku. Organiz\u00e1to\u0159i samoz\u0159ejm\u011b nezapom\u00ednaj\u00ed ani na \u017eeny, a nejlep\u0161\u00ed z\u00e1vodnice op\u011bt z\u00edsk\u00e1\u00a0<b>Cenu Eli\u0161ky Junkov\u00e9<\/b>.<\/p>\n<p>Novinkou oproti minul\u00fdm ro\u010dn\u00edk\u016fm je rozd\u011blen\u00ed kategori\u00ed Zlat\u00fd volant a Zlat\u00e1 \u0159\u00edd\u00edtka na kategorie \u201eOkruhy &amp; vrchy&#8220; a \u201eOffroad&#8220;, resp. \u201eOkruhy&#8220; a \u201eOffroad&#8220;.<\/p>\n<p><b>Ve\u0159ejnost m\u016f\u017ee hlasovat na str\u00e1nk\u00e1ch\u00a0<a href=\"https:\/\/autodrom-mostcz.t.mailkit.eu\/mc\/VUQEVPUM\/OOIGKGFHJVNOQCWIFV\/CUIQPLMQCUP\" target=\"_blank\" rel=\"noopener noreferrer\">www.zlatyvolant.cz<\/a><u><\/u>\u00a0do 16. dubna.\u00a0<\/b>Stejn\u011b jako minul\u00e9 roky nechyb\u00ed ani \u201edivok\u00e1 karta&#8220;, d\u00edky kter\u00e9 m\u016f\u017ee ka\u017ed\u00fd hlasuj\u00edc\u00ed dodate\u010dn\u011b nominovat i vlastn\u00edho favorita.<b>\u00a0Jm\u00e9na nejlep\u0161\u00edch jezdc\u016f za rok 2022 pak budou ozn\u00e1mena b\u011bhem slavnostn\u00edho galave\u010dera, kter\u00fd se uskute\u010dn\u00ed<\/b><b>16. kv\u011btna<\/b>\u00a0v\u00a0Letensk\u00e9m z\u00e1me\u010dku v Praze.<\/p>\n","protected":false},"excerpt":{"rendered":"<div class=\"mh-excerpt\"><p>Porota slo\u017een\u00e1 z motoristick\u00fdch a sportovn\u00edch novin\u00e1\u0159\u016f ozn\u00e1mila nominace nejlep\u0161\u00edch \u010desk\u00fdch jezdc\u016f presti\u017en\u00ed ankety Zlat\u00fd volant. Ve\u0159ejnost m\u016f\u017ee hlasovat do 16. dubna. \u00da\u010dast na slavnostn\u00edm <a class=\"mh-excerpt-more\" href=\"https:\/\/www.automakersnews.cz\/index.php\/2023\/04\/06\/anketa-zlaty-volant-startuje-hlasovani\/\" title=\"Anketa Zlat\u00fd volant startuje hlasov\u00e1n\u00ed\">[&#8230;]<\/a><\/p>\n<\/div>","protected":false},"author":1,"featured_media":36388,"comment_status":"open","ping_status":"open","sticky":false,"template":"","format":"standard","meta":{"footnotes":""},"categories":[7,16],"tags":[],"class_list":["post-36387","post","type-post","status-publish","format-standard","has-post-thumbnail","hentry","category-ankety","category-motorsport"],"_links":{"self":[{"href":"https:\/\/www.automakersnews.cz\/index.php\/wp-json\/wp\/v2\/posts\/36387","targetHints":{"allow":["GET"]}}],"collection":[{"href":"https:\/\/www.automakersnews.cz\/index.php\/wp-json\/wp\/v2\/posts"}],"about":[{"href":"https:\/\/www.automakersnews.cz\/index.php\/wp-json\/wp\/v2\/types\/post"}],"author":[{"embeddable":true,"href":"https:\/\/www.automakersnews.cz\/index.php\/wp-json\/wp\/v2\/users\/1"}],"replies":[{"embeddable":true,"href":"https:\/\/www.automakersnews.cz\/index.php\/wp-json\/wp\/v2\/comments?post=36387"}],"version-history":[{"count":0,"href":"https:\/\/www.automakersnews.cz\/index.php\/wp-json\/wp\/v2\/posts\/36387\/revisions"}],"wp:featuredmedia":[{"embeddable":true,"href":"https:\/\/www.automakersnews.cz\/index.php\/wp-json\/wp\/v2\/media\/36388"}],"wp:attachment":[{"href":"https:\/\/www.automakersnews.cz\/index.php\/wp-json\/wp\/v2\/media?parent=36387"}],"wp:term":[{"taxonomy":"category","embeddable":true,"href":"https:\/\/www.automakersnews.cz\/index.php\/wp-json\/wp\/v2\/categories?post=36387"},{"taxonomy":"post_tag","embeddable":true,"href":"https:\/\/www.automakersnews.cz\/index.php\/wp-json\/wp\/v2\/tags?post=36387"}],"curies":[{"name":"wp","href":"https:\/\/api.w.org\/{rel}","templated":true}]}}