{"id":36391,"date":"2023-04-05T07:30:03","date_gmt":"2023-04-05T07:30:03","guid":{"rendered":"https:\/\/www.automakersnews.cz\/?p=36391"},"modified":"2023-04-05T07:30:03","modified_gmt":"2023-04-05T07:30:03","slug":"skoda-svolava-580-tisic-aut-kvuli-airbagu","status":"publish","type":"post","link":"https:\/\/www.automakersnews.cz\/index.php\/2023\/04\/05\/skoda-svolava-580-tisic-aut-kvuli-airbagu\/","title":{"rendered":"\u0160koda svol\u00e1v\u00e1 580 tis\u00edc aut kv\u016fli airbagu"},"content":{"rendered":"<p><strong>\u0160kodovka svol\u00e1v\u00e1 do servis\u016f po cel\u00e9m sv\u011bt\u011b 580 068 voz\u016f vyroben\u00fdch v letech 2012 a\u017e 2017. D\u016fvodem svol\u00e1vac\u00ed akce je z\u00e1vada na plynov\u00e9m gener\u00e1toru airbagu \u0159idi\u010de. O jak\u00e9 vozy jde?<\/strong><!--more--><\/p>\n<p>Z\u00e1vada m\u016f\u017ee v\u00e9st k nekontrolovan\u00e9mu rozvinut\u00ed airbagu p\u0159i jeho aktivaci. To m\u016f\u017ee zp\u016fsobit uvoln\u011bn\u00ed kovov\u00fdch \u00falomk\u016f, kter\u00e9 n\u00e1sledn\u011b mohou zranit cestuj\u00edc\u00ed. Posti\u017een\u00fdmi modely jsou <strong>Citigo, Fabia, Kodiaq, Octavia, Rapid, Roomster, Supberb<\/strong>\u00a0a\u00a0<strong>Yeti<\/strong>.<\/p>\n<p>V p\u0159\u00edpad\u011b pot\u0159eby bude v servisu airbag \u0159idi\u010de vym\u011bn\u011bn. KBA sleduje akci pod referen\u010dn\u00edm \u010d\u00edslem \u201e<strong>012656<\/strong>\u201e. Intern\u00ed k\u00f3d v\u00fdrobce je \u201e<strong>69DU<\/strong>\u201e. Dosud je zn\u00e1m jeden p\u0159\u00edpad se zran\u011bn\u00edm osob. V N\u011bmecku se akce t\u00fdk\u00e1 3 028 voz\u016f.<\/p>\n<p><strong>Zdroj: svolavacky.cz<\/strong><\/p>\n<h2>Detaily svol\u00e1vac\u00ed akce<\/h2>\n<div class=\"table-responsive\">\n<table class=\"table\">\n<tbody>\n<tr>\n<th>Zna\u010dka:<\/th>\n<td>\u0160koda<\/td>\n<\/tr>\n<tr>\n<th>Model:<\/th>\n<td>Citigo, Roomster, Fabia II, Fabia III, Rapid, Yeti, Kodiaq, Octavia III, Superb II, Superb III<\/td>\n<\/tr>\n<tr>\n<th>Roky v\u00fdroby:<\/th>\n<td>2012 \u2013 2017<\/td>\n<\/tr>\n<\/tbody>\n<\/table>\n<\/div>\n","protected":false},"excerpt":{"rendered":"<div class=\"mh-excerpt\"><p>\u0160kodovka svol\u00e1v\u00e1 do servis\u016f po cel\u00e9m sv\u011bt\u011b 580 068 voz\u016f vyroben\u00fdch v letech 2012 a\u017e 2017. D\u016fvodem svol\u00e1vac\u00ed akce je z\u00e1vada na plynov\u00e9m gener\u00e1toru airbagu <a class=\"mh-excerpt-more\" href=\"https:\/\/www.automakersnews.cz\/index.php\/2023\/04\/05\/skoda-svolava-580-tisic-aut-kvuli-airbagu\/\" title=\"\u0160koda svol\u00e1v\u00e1 580 tis\u00edc aut kv\u016fli airbagu\">[&#8230;]<\/a><\/p>\n<\/div>","protected":false},"author":1,"featured_media":9687,"comment_status":"open","ping_status":"open","sticky":false,"template":"","format":"standard","meta":{"footnotes":""},"categories":[17],"tags":[],"class_list":["post-36391","post","type-post","status-publish","format-standard","has-post-thumbnail","hentry","category-servis"],"_links":{"self":[{"href":"https:\/\/www.automakersnews.cz\/index.php\/wp-json\/wp\/v2\/posts\/36391","targetHints":{"allow":["GET"]}}],"collection":[{"href":"https:\/\/www.automakersnews.cz\/index.php\/wp-json\/wp\/v2\/posts"}],"about":[{"href":"https:\/\/www.automakersnews.cz\/index.php\/wp-json\/wp\/v2\/types\/post"}],"author":[{"embeddable":true,"href":"https:\/\/www.automakersnews.cz\/index.php\/wp-json\/wp\/v2\/users\/1"}],"replies":[{"embeddable":true,"href":"https:\/\/www.automakersnews.cz\/index.php\/wp-json\/wp\/v2\/comments?post=36391"}],"version-history":[{"count":0,"href":"https:\/\/www.automakersnews.cz\/index.php\/wp-json\/wp\/v2\/posts\/36391\/revisions"}],"wp:featuredmedia":[{"embeddable":true,"href":"https:\/\/www.automakersnews.cz\/index.php\/wp-json\/wp\/v2\/media\/9687"}],"wp:attachment":[{"href":"https:\/\/www.automakersnews.cz\/index.php\/wp-json\/wp\/v2\/media?parent=36391"}],"wp:term":[{"taxonomy":"category","embeddable":true,"href":"https:\/\/www.automakersnews.cz\/index.php\/wp-json\/wp\/v2\/categories?post=36391"},{"taxonomy":"post_tag","embeddable":true,"href":"https:\/\/www.automakersnews.cz\/index.php\/wp-json\/wp\/v2\/tags?post=36391"}],"curies":[{"name":"wp","href":"https:\/\/api.w.org\/{rel}","templated":true}]}}