{"id":36482,"date":"2023-04-05T12:49:09","date_gmt":"2023-04-05T12:49:09","guid":{"rendered":"https:\/\/www.automakersnews.cz\/?p=36482"},"modified":"2023-04-05T12:49:09","modified_gmt":"2023-04-05T12:49:09","slug":"ministr-dopravy-kupka-na-exkurzi-v-uamk","status":"publish","type":"post","link":"https:\/\/www.automakersnews.cz\/index.php\/2023\/04\/05\/ministr-dopravy-kupka-na-exkurzi-v-uamk\/","title":{"rendered":"Ministr dopravy Kupka na exkurzi v \u00daAMK"},"content":{"rendered":"<p><strong>Do s\u00eddla \u00daAMK p\u0159ijel 3. dubna ministr dopravy Martin Kupka a spole\u010dn\u011b s n\u00edm p\u0159ijel i n\u00e1m\u011bstek \u010dlena vl\u00e1dy Tom\u00e1\u0161 Vrb\u00edk. N\u00e1v\u0161t\u011bva m\u011bla i vzhledem k\u00a0nabit\u00e9mu pracovn\u00edmu kalend\u00e1\u0159i ministra za c\u00edl projednat mnoho z\u00e1va\u017en\u00fdch t\u00e9mat.<\/strong><!--more--><\/p>\n<p>Ji\u017e u vchodu byl ministr s\u00a0doprovodem p\u0159iv\u00edt\u00e1n prezidentem \u00daAMK Old\u0159ichem Van\u00ed\u010dkem a vyu\u017eil p\u0159\u00edle\u017eitosti vyzkou\u0161et si na vlastn\u00ed k\u016f\u017ei pocity \u010dlov\u011bka p\u0159i nehod\u011b. Trena\u017e\u00e9r, ve kter\u00e9m se pan ministr ocitl na par desetin sekundy hlavou dol\u016f, toti\u017e demonstruje nehodu, p\u0159i kter\u00e9 vozidlo metr pojede, naraz\u00ed, obrac\u00ed se na st\u0159echu a simuluje denn\u00ed funkcionalitu eCall.<\/p>\n<p>Automotoklub nejen tento trena\u017e\u00e9r, ale i dal\u0161\u00ed simul\u00e1tory nab\u00edz\u00ed \u0161irok\u00e9 ve\u0159ejnosti p\u0159i osv\u011btov\u00e9 a preventivn\u00ed \u010dinnosti, je\u017e by m\u011bla sn\u00ed\u017eit nehodovost na na\u0161ich silnic\u00edch.<\/p>\n<p><img loading=\"lazy\" decoding=\"async\" class=\"alignnone size-large wp-image-36484\" src=\"http:\/\/www.automakersnews.cz\/wp-content\/uploads\/2023\/04\/UAMK-Kupka-trenazer-1024x533.jpg\" alt=\"\" width=\"1024\" height=\"533\" \/><\/p>\n<p>Po adrenalinov\u00e9m z\u00e1\u017eitku pokra\u010dovali ministr s panem n\u00e1m\u011bstkem exkurz\u00ed na Centr\u00e1ln\u00edm dispe\u010dinku silni\u010dn\u00ed pomoci \u00daAMK, kter\u00fd je t\u00edm m\u00edstem, kam sm\u011b\u0159uj\u00ed nejen hovory z telefon\u016f, pokud zavol\u00e1te na \u010d\u00edslo 1234, ale kde se koncentruj\u00ed i dal\u0161\u00ed modern\u00ed cesty mo\u017en\u00e9ho spojen\u00ed \u0159idi\u010de v nouzi a jeho pomoci.<\/p>\n<p>Centr\u00e1ln\u00ed dispe\u010dink, disponuj\u00edc\u00ed nejmodern\u011bj\u0161\u00edmi technologiemi zabezpe\u010duje velk\u00e9 spektrum \u010dinnost\u00ed pro na\u0161e motoristy nejen u n\u00e1s doma, ale i v zahrani\u010d\u00ed.<\/p>\n<p><strong>Inspekce linky 1234<\/strong><\/p>\n<p>Ministra zaj\u00edmaly konkr\u00e9tn\u00ed p\u0159\u00edklady, na kter\u00fdch mu byl p\u0159edstaven proces pomoci motorist\u016fm v\u00a0nouzi od samotn\u00e9ho zavol\u00e1n\u00ed na linku 1234 a\u017e po p\u0159\u00edjezd \u017dlut\u00fdch and\u011bl\u016f. Schopnosti, kapacita a robustnost Centr\u00e1ln\u00edho dispe\u010dinku, operuj\u00edc\u00edmu v\u00a0re\u017eimu 24\/7, byla mnohokr\u00e1t prov\u011b\u0159ena v\u00a0praxi p\u0159i neradostn\u00fdch ud\u00e1lostech jako byly povodn\u011b, p\u0159\u00edpadn\u011b covidov\u00e9 vlny, kdy byl se na\u0161im pracovn\u00edk\u016fm poda\u0159ilo \u00fasp\u011b\u0161n\u011b odbavit 18 tis\u00edc hovor\u016f za 24 hodin.<\/p>\n<p>Nemus\u00ed to b\u00fdt jen neradostn\u00e9 d\u016fvody, pro\u010d se lid\u00e9 obrac\u00ed na linku 1234. Spektrum t\u00e9mat je skute\u010dn\u011b \u0161irok\u00e9 a na\u0161i oper\u00e1to\u0159i vy\u0159izuj\u00ed po\u017eadavky \u0159idi\u010d\u016f nejen na asistenci v\u00a0nouzi, ale nap\u0159\u00edklad i pomohou s\u00a0n\u00e1kupem ve zna\u010dkov\u00fdch e-shopech, pokud je tato slu\u017eba sou\u010d\u00e1st\u00ed portfolia slu\u017eeb automobilek, se kter\u00fdmi \u00daAMK spolupracuje.<\/p>\n<p>Lid\u00e9, kte\u0159\u00ed aktivn\u011b volaj\u00ed na linku 1234 a pot\u0159ebuj\u00ed pomoc \u00daAMK, nejsou jedin\u00ed, kte\u0159\u00ed se mohou na Centr\u00e1ln\u00ed dispe\u010dink dovolat. Ministra s\u00a0doprovodem zaj\u00edmaly i modern\u00ed syst\u00e9my eCall, p\u0159\u00edpadn\u011b bCall, kter\u00e9 jsou na z\u00e1klad\u011b evropsk\u00e9 legislativy, konkr\u00e9tn\u011b na z\u00e1klad\u011b rozhodnut\u00ed Evropsk\u00e9ho parlamentu a rady \u010d. 585\/2014\/EU, do nov\u00fdch voz\u016f od b\u0159ezna 2018 montov\u00e1ny ji\u017e jako standard, zavolaj\u00ed na na\u0161i linku automaticky v p\u0159\u00edpad\u011b, \u017ee nejste po nehod\u011b schopni zavolat si pro pomoc sami.<\/p>\n<p>Sou\u010d\u00e1st\u00ed takov\u00e9ho spojen\u00ed mezi vozem a Centr\u00e1ln\u00edm dispe\u010dinkem je z\u00e1rove\u0148 datov\u00e1 informace o typu vozidla, poloze vozidla a jeho po\u0161kozen\u00ed. \u0158idi\u010d tak m\u00e1 jistotu, \u017ee pokud je v\u00a0nesn\u00e1z\u00edch a nem\u016f\u017ee aktivn\u011b zavolat pomoc, syst\u00e9m to ud\u011bl\u00e1 za n\u011bj.<\/p>\n<p>Digitalizace a modern\u00ed technologie v\u00a0\u00daAMK byly posledn\u00edm t\u00e9matem, kter\u00e9 veden\u00ed automotoklubu s\u00a0veden\u00edm ministerstva diskutovalo a ud\u011blaly pomyslnou te\u010dku za p\u0159\u00edjemn\u00fdm setk\u00e1n\u00edm, ve kter\u00e9m v\u0161ak bylo je\u0161t\u011b mnoho t\u00e9mat, kter\u00e1 by se dala spole\u010dn\u011b diskutovat.<\/p>\n<p><strong>Zdroj: Igor Sirota<\/strong><\/p>\n","protected":false},"excerpt":{"rendered":"<div class=\"mh-excerpt\"><p>Do s\u00eddla \u00daAMK p\u0159ijel 3. dubna ministr dopravy Martin Kupka a spole\u010dn\u011b s n\u00edm p\u0159ijel i n\u00e1m\u011bstek \u010dlena vl\u00e1dy Tom\u00e1\u0161 Vrb\u00edk. N\u00e1v\u0161t\u011bva m\u011bla i vzhledem <a class=\"mh-excerpt-more\" href=\"https:\/\/www.automakersnews.cz\/index.php\/2023\/04\/05\/ministr-dopravy-kupka-na-exkurzi-v-uamk\/\" title=\"Ministr dopravy Kupka na exkurzi v \u00daAMK\">[&#8230;]<\/a><\/p>\n<\/div>","protected":false},"author":1,"featured_media":36483,"comment_status":"open","ping_status":"open","sticky":false,"template":"","format":"standard","meta":{"footnotes":""},"categories":[35,2],"tags":[],"class_list":["post-36482","post","type-post","status-publish","format-standard","has-post-thumbnail","hentry","category-doprava","category-news"],"_links":{"self":[{"href":"https:\/\/www.automakersnews.cz\/index.php\/wp-json\/wp\/v2\/posts\/36482","targetHints":{"allow":["GET"]}}],"collection":[{"href":"https:\/\/www.automakersnews.cz\/index.php\/wp-json\/wp\/v2\/posts"}],"about":[{"href":"https:\/\/www.automakersnews.cz\/index.php\/wp-json\/wp\/v2\/types\/post"}],"author":[{"embeddable":true,"href":"https:\/\/www.automakersnews.cz\/index.php\/wp-json\/wp\/v2\/users\/1"}],"replies":[{"embeddable":true,"href":"https:\/\/www.automakersnews.cz\/index.php\/wp-json\/wp\/v2\/comments?post=36482"}],"version-history":[{"count":0,"href":"https:\/\/www.automakersnews.cz\/index.php\/wp-json\/wp\/v2\/posts\/36482\/revisions"}],"wp:featuredmedia":[{"embeddable":true,"href":"https:\/\/www.automakersnews.cz\/index.php\/wp-json\/wp\/v2\/media\/36483"}],"wp:attachment":[{"href":"https:\/\/www.automakersnews.cz\/index.php\/wp-json\/wp\/v2\/media?parent=36482"}],"wp:term":[{"taxonomy":"category","embeddable":true,"href":"https:\/\/www.automakersnews.cz\/index.php\/wp-json\/wp\/v2\/categories?post=36482"},{"taxonomy":"post_tag","embeddable":true,"href":"https:\/\/www.automakersnews.cz\/index.php\/wp-json\/wp\/v2\/tags?post=36482"}],"curies":[{"name":"wp","href":"https:\/\/api.w.org\/{rel}","templated":true}]}}