{"id":36486,"date":"2023-04-05T13:07:49","date_gmt":"2023-04-05T13:07:49","guid":{"rendered":"https:\/\/www.automakersnews.cz\/?p=36486"},"modified":"2023-04-05T15:01:15","modified_gmt":"2023-04-05T15:01:15","slug":"ford-odstartoval-pro-experience-day-v-letnanech","status":"publish","type":"post","link":"https:\/\/www.automakersnews.cz\/index.php\/2023\/04\/05\/ford-odstartoval-pro-experience-day-v-letnanech\/","title":{"rendered":"Ford odstartoval Pro\u2122 Experience Day v Let\u0148anech"},"content":{"rendered":"<p align=\"justify\"><strong>V\u00fdkonn\u00fd \u0159editel \u010desk\u00e9 Ford Motor Company Libor Bene\u0161 rozjel v prostor\u00e1ch PVA EXPO LET\u0147ANY putovn\u00ed akci, na kter\u00e9 ukazuje novou divizi Ford Pro\u2122, kter\u00e1 se specializuje na u\u017eitkov\u00e9 vozy. V \u00fater\u00fd 4. dubna se j\u00ed \u00fa\u010dastnilo zhruba sedmdes\u00e1t dealer\u016f zna\u010dky a flotilov\u00fdch z\u00e1kazn\u00edk\u016f Fordu, ve st\u0159edu se dostavili tak\u00e9 novin\u00e1\u0159i.<\/strong><!--more--><\/p>\n<p align=\"justify\">C\u00edlem road show je p\u0159edstavit z\u00e1kazn\u00edk\u016fm lep\u0161\u00ed slu\u017eby souvisej\u00edc\u00ed s n\u00e1kupem a provozem vozov\u00fdch park\u016f.<\/p>\n<p align=\"justify\">&#8222;Po lo\u0148sk\u00e9 evropsk\u00e9 premi\u00e9\u0159e se nyn\u00ed v r\u00e1mci tohoto eventu budete moci bl\u00ed\u017ee sezn\u00e1mit s jednotliv\u00fdmi pil\u00ed\u0159i a slu\u017ebami Ford Pro\u2122 dostupn\u00fdmi pro \u010desk\u00e9 z\u00e1kazn\u00edky. D\u016fle\u017eit\u00fdm bodem programu budou samoz\u0159ejm\u011b tak\u00e9 <b>testovac\u00ed j\u00edzdy s\u00a0na\u0161imi vozy, v\u00a0\u010dele s\u00a0nov\u00fdm Fordem E-Transit<\/b>. Jsme p\u0159esv\u011bd\u010deni, \u017ee \u010dist\u011b elektrick\u00e1 verze na\u0161\u00ed legend\u00e1rn\u00ed dod\u00e1vky nem\u00e1 na trhu konkurenci,&#8220; uvedl Bene\u0161.<\/p>\n<figure id=\"attachment_36489\" aria-describedby=\"caption-attachment-36489\" style=\"width: 1024px\" class=\"wp-caption alignnone\"><img loading=\"lazy\" decoding=\"async\" class=\"size-large wp-image-36489\" src=\"http:\/\/www.automakersnews.cz\/wp-content\/uploads\/2023\/04\/Ford-e-Transit-Benes-1024x768.jpg\" alt=\"\" width=\"1024\" height=\"768\" srcset=\"https:\/\/www.automakersnews.cz\/wp-content\/uploads\/2023\/04\/Ford-e-Transit-Benes-1024x768.jpg 1024w, https:\/\/www.automakersnews.cz\/wp-content\/uploads\/2023\/04\/Ford-e-Transit-Benes-300x225.jpg 300w, https:\/\/www.automakersnews.cz\/wp-content\/uploads\/2023\/04\/Ford-e-Transit-Benes-768x576.jpg 768w, https:\/\/www.automakersnews.cz\/wp-content\/uploads\/2023\/04\/Ford-e-Transit-Benes-1536x1152.jpg 1536w, https:\/\/www.automakersnews.cz\/wp-content\/uploads\/2023\/04\/Ford-e-Transit-Benes-678x509.jpg 678w, https:\/\/www.automakersnews.cz\/wp-content\/uploads\/2023\/04\/Ford-e-Transit-Benes-326x245.jpg 326w, https:\/\/www.automakersnews.cz\/wp-content\/uploads\/2023\/04\/Ford-e-Transit-Benes-80x60.jpg 80w, https:\/\/www.automakersnews.cz\/wp-content\/uploads\/2023\/04\/Ford-e-Transit-Benes.jpg 2040w\" sizes=\"auto, (max-width: 1024px) 100vw, 1024px\" \/><figcaption id=\"caption-attachment-36489\" class=\"wp-caption-text\">Hlavn\u00edm tah\u00e1kem testovac\u00edch j\u00edzd akce je elektrick\u00fd Transit<\/figcaption><\/figure>\n<p align=\"justify\">&#8222;Z\u00e1jemc\u016fm ukazujeme kompletn\u00ed portfolio slu\u017eeb souvisej\u00edc\u00edch s u\u017eitkov\u00fdmi vozy, od prodeje a servis p\u0159es financov\u00e1n\u00ed spole\u010dnost\u00ed Arval. Nechyb\u00ed ani nov\u00fd syst\u00e9m online spr\u00e1vy vozov\u00fdch park\u016f prost\u0159ednictv\u00edm vestav\u011bn\u00fdch modem\u016f,&#8220; up\u0159esnil na\u0161emu \u010dasopisu mluv\u010d\u00ed zna\u010dky Petr Burian.<\/p>\n<p align=\"justify\">Cel\u00e1 akce v\u010detn\u011b Ford Trucku se d\u00e1le p\u0159esouv\u00e1 do \u010cesk\u00fdch Bud\u011bjovic, Hradce Kr\u00e1lov\u00e9, Brna a Ostravy!<\/p>\n<p align=\"justify\"><strong>Zdroj: Erich Handl, Let\u0148any<\/strong><\/p>\n<p align=\"justify\"><img loading=\"lazy\" decoding=\"async\" class=\"alignnone size-large wp-image-36490\" src=\"http:\/\/www.automakersnews.cz\/wp-content\/uploads\/2023\/04\/Ford-Experience-Day-kamion-1024x768.jpg\" alt=\"\" width=\"1024\" height=\"768\" srcset=\"https:\/\/www.automakersnews.cz\/wp-content\/uploads\/2023\/04\/Ford-Experience-Day-kamion-1024x768.jpg 1024w, https:\/\/www.automakersnews.cz\/wp-content\/uploads\/2023\/04\/Ford-Experience-Day-kamion-300x225.jpg 300w, https:\/\/www.automakersnews.cz\/wp-content\/uploads\/2023\/04\/Ford-Experience-Day-kamion-768x576.jpg 768w, https:\/\/www.automakersnews.cz\/wp-content\/uploads\/2023\/04\/Ford-Experience-Day-kamion-1536x1152.jpg 1536w, https:\/\/www.automakersnews.cz\/wp-content\/uploads\/2023\/04\/Ford-Experience-Day-kamion-678x509.jpg 678w, https:\/\/www.automakersnews.cz\/wp-content\/uploads\/2023\/04\/Ford-Experience-Day-kamion-326x245.jpg 326w, https:\/\/www.automakersnews.cz\/wp-content\/uploads\/2023\/04\/Ford-Experience-Day-kamion-80x60.jpg 80w, https:\/\/www.automakersnews.cz\/wp-content\/uploads\/2023\/04\/Ford-Experience-Day-kamion.jpg 2040w\" sizes=\"auto, (max-width: 1024px) 100vw, 1024px\" \/><\/p>\n","protected":false},"excerpt":{"rendered":"<div class=\"mh-excerpt\"><p>V\u00fdkonn\u00fd \u0159editel \u010desk\u00e9 Ford Motor Company Libor Bene\u0161 rozjel v prostor\u00e1ch PVA EXPO LET\u0147ANY putovn\u00ed akci, na kter\u00e9 ukazuje novou divizi Ford Pro\u2122, kter\u00e1 se <a class=\"mh-excerpt-more\" href=\"https:\/\/www.automakersnews.cz\/index.php\/2023\/04\/05\/ford-odstartoval-pro-experience-day-v-letnanech\/\" title=\"Ford odstartoval Pro\u2122 Experience Day v Let\u0148anech\">[&#8230;]<\/a><\/p>\n<\/div>","protected":false},"author":1,"featured_media":36488,"comment_status":"open","ping_status":"open","sticky":false,"template":"","format":"standard","meta":{"footnotes":""},"categories":[55,10,2],"tags":[],"class_list":["post-36486","post","type-post","status-publish","format-standard","has-post-thumbnail","hentry","category-alternativni-pohony","category-eventy","category-news"],"_links":{"self":[{"href":"https:\/\/www.automakersnews.cz\/index.php\/wp-json\/wp\/v2\/posts\/36486","targetHints":{"allow":["GET"]}}],"collection":[{"href":"https:\/\/www.automakersnews.cz\/index.php\/wp-json\/wp\/v2\/posts"}],"about":[{"href":"https:\/\/www.automakersnews.cz\/index.php\/wp-json\/wp\/v2\/types\/post"}],"author":[{"embeddable":true,"href":"https:\/\/www.automakersnews.cz\/index.php\/wp-json\/wp\/v2\/users\/1"}],"replies":[{"embeddable":true,"href":"https:\/\/www.automakersnews.cz\/index.php\/wp-json\/wp\/v2\/comments?post=36486"}],"version-history":[{"count":0,"href":"https:\/\/www.automakersnews.cz\/index.php\/wp-json\/wp\/v2\/posts\/36486\/revisions"}],"wp:featuredmedia":[{"embeddable":true,"href":"https:\/\/www.automakersnews.cz\/index.php\/wp-json\/wp\/v2\/media\/36488"}],"wp:attachment":[{"href":"https:\/\/www.automakersnews.cz\/index.php\/wp-json\/wp\/v2\/media?parent=36486"}],"wp:term":[{"taxonomy":"category","embeddable":true,"href":"https:\/\/www.automakersnews.cz\/index.php\/wp-json\/wp\/v2\/categories?post=36486"},{"taxonomy":"post_tag","embeddable":true,"href":"https:\/\/www.automakersnews.cz\/index.php\/wp-json\/wp\/v2\/tags?post=36486"}],"curies":[{"name":"wp","href":"https:\/\/api.w.org\/{rel}","templated":true}]}}