{"id":36696,"date":"2023-04-06T06:21:13","date_gmt":"2023-04-06T06:21:13","guid":{"rendered":"https:\/\/www.automakersnews.cz\/?p=36696"},"modified":"2023-04-06T06:21:13","modified_gmt":"2023-04-06T06:21:13","slug":"dodavatele-autosap-jednali-v-mohelnici","status":"publish","type":"post","link":"https:\/\/www.automakersnews.cz\/index.php\/2023\/04\/06\/dodavatele-autosap-jednali-v-mohelnici\/","title":{"rendered":"Dodavatel\u00e9 AutoSAP jednali v Mohelnici"},"content":{"rendered":"<p><span class=\"break-words\"><span dir=\"ltr\"><strong>Historicky nejv\u011bt\u0161\u00ed \u00fa\u010dast m\u011blo 5. dubna jedn\u00e1n\u00ed divize dodavatel\u016f <a href=\"https:\/\/www.linkedin.com\/company\/sdruzeni-automobiloveho-prumyslu\/\" data-attribute-index=\"0\" data-entity-type=\"MINI_COMPANY\">Sdru\u017een\u00ed automobilov\u00e9ho pr\u016fmyslu<\/a>, tedy z\u00e1stupc\u016f firem vyr\u00e1b\u011bj\u00edc\u00edch komponenty a poskytuj\u00edc\u00edch slu\u017eby pro automobilov\u00fd pr\u016fmysl.<\/strong> <\/span><\/span><!--more--><\/p>\n<p><span class=\"break-words\"><span dir=\"ltr\">V mohelnick\u00e9 Hella Autototechnik Nova (dnes sou\u010d\u00e1st skupiny Forvia) se jich se\u0161lo skoro pades\u00e1t. V\u0161echny p\u0159iv\u00edtal \u0161\u00e9f divize <a href=\"https:\/\/www.linkedin.com\/in\/ACoAAA1qsQcBD-jgNhlw986lGLvpJ6Tg5zMt1w8\" data-attribute-index=\"4\" data-entity-type=\"MINI_PROFILE\">Petr Novak<\/a> a za hostitele \u0159editel Helly Petr Novotn\u00fd.<\/span><\/span><\/p>\n<p><span class=\"break-words\"><span dir=\"ltr\">&#8222;Zvolili jsme aktu\u00e1ln\u00ed t\u00e9mata, o kter\u00fdch v\u00edme, \u017ee podniky zaj\u00edmaj\u00ed &#8211; hovo\u0159ilo se mimo jin\u00e9 o emisn\u00ed legislativ\u011b, dota\u010dn\u00edch programech pro firmy v automotive a taky o (obt\u00ed\u017enosti) vyjedn\u00e1v\u00e1n\u00ed s odb\u011brateli o cen\u00e1ch. Bonusem nav\u00edc byla prohl\u00eddka v\u00fdrobn\u00edch a laboratorn\u00edch prostor. D\u011bkujeme Karlu Billovi za spolupr\u00e1ci na organizaci akce a v\u0161em za \u00fa\u010dast. Dodavatelsk\u00e1 divize znovu, n\u011bkde jinde, na podzim,&#8220; uvedl AutoSAP.<br \/>\n<\/span><\/span><\/p>\n<p><strong>Zdroj: Linked-in<\/strong><\/p>\n<p><img loading=\"lazy\" decoding=\"async\" class=\"alignnone size-full wp-image-36698\" src=\"http:\/\/www.automakersnews.cz\/wp-content\/uploads\/2023\/04\/Hella-Mohelnice-konference.png\" alt=\"\" width=\"688\" height=\"268\" srcset=\"https:\/\/www.automakersnews.cz\/wp-content\/uploads\/2023\/04\/Hella-Mohelnice-konference.png 688w, https:\/\/www.automakersnews.cz\/wp-content\/uploads\/2023\/04\/Hella-Mohelnice-konference-300x117.png 300w\" sizes=\"auto, (max-width: 688px) 100vw, 688px\" \/><\/p>\n","protected":false},"excerpt":{"rendered":"<div class=\"mh-excerpt\"><p>Historicky nejv\u011bt\u0161\u00ed \u00fa\u010dast m\u011blo 5. dubna jedn\u00e1n\u00ed divize dodavatel\u016f Sdru\u017een\u00ed automobilov\u00e9ho pr\u016fmyslu, tedy z\u00e1stupc\u016f firem vyr\u00e1b\u011bj\u00edc\u00edch komponenty a poskytuj\u00edc\u00edch slu\u017eby pro automobilov\u00fd pr\u016fmysl.<\/p>\n<\/div>","protected":false},"author":1,"featured_media":36697,"comment_status":"open","ping_status":"open","sticky":false,"template":"","format":"standard","meta":{"footnotes":""},"categories":[63],"tags":[],"class_list":["post-36696","post","type-post","status-publish","format-standard","has-post-thumbnail","hentry","category-konference"],"_links":{"self":[{"href":"https:\/\/www.automakersnews.cz\/index.php\/wp-json\/wp\/v2\/posts\/36696","targetHints":{"allow":["GET"]}}],"collection":[{"href":"https:\/\/www.automakersnews.cz\/index.php\/wp-json\/wp\/v2\/posts"}],"about":[{"href":"https:\/\/www.automakersnews.cz\/index.php\/wp-json\/wp\/v2\/types\/post"}],"author":[{"embeddable":true,"href":"https:\/\/www.automakersnews.cz\/index.php\/wp-json\/wp\/v2\/users\/1"}],"replies":[{"embeddable":true,"href":"https:\/\/www.automakersnews.cz\/index.php\/wp-json\/wp\/v2\/comments?post=36696"}],"version-history":[{"count":0,"href":"https:\/\/www.automakersnews.cz\/index.php\/wp-json\/wp\/v2\/posts\/36696\/revisions"}],"wp:featuredmedia":[{"embeddable":true,"href":"https:\/\/www.automakersnews.cz\/index.php\/wp-json\/wp\/v2\/media\/36697"}],"wp:attachment":[{"href":"https:\/\/www.automakersnews.cz\/index.php\/wp-json\/wp\/v2\/media?parent=36696"}],"wp:term":[{"taxonomy":"category","embeddable":true,"href":"https:\/\/www.automakersnews.cz\/index.php\/wp-json\/wp\/v2\/categories?post=36696"},{"taxonomy":"post_tag","embeddable":true,"href":"https:\/\/www.automakersnews.cz\/index.php\/wp-json\/wp\/v2\/tags?post=36696"}],"curies":[{"name":"wp","href":"https:\/\/api.w.org\/{rel}","templated":true}]}}