{"id":36785,"date":"2023-04-06T10:42:07","date_gmt":"2023-04-06T10:42:07","guid":{"rendered":"https:\/\/www.automakersnews.cz\/?p=36785"},"modified":"2023-04-11T06:01:46","modified_gmt":"2023-04-11T06:01:46","slug":"besip-na-velikonoce-pozor-na-alkohol","status":"publish","type":"post","link":"https:\/\/www.automakersnews.cz\/index.php\/2023\/04\/06\/besip-na-velikonoce-pozor-na-alkohol\/","title":{"rendered":"Besip: na Velikonoce p\u0159in\u00e1\u0161\u00ed nehody alkohol!"},"content":{"rendered":"<p class=\"v1Perex\"><strong><span class=\"v1eop\">Velikono\u010dn\u00ed sv\u00e1tky se poj\u00ed, stejn\u011b jako jak\u00e9koliv jin\u00e9 sv\u00e1tky, se zv\u00fd\u0161enou nehodovost\u00ed. Lid\u00e9 v\u00edce cestuj\u00ed, proto\u017ee nav\u0161t\u011bvuj\u00ed p\u0159\u00edbuzn\u00e9, na silnice vyj\u00ed\u017ed\u00ed sv\u00e1te\u010dn\u00ed \u0159idi\u010di a bohu\u017eel do provozu vyj\u00ed\u017ed\u00ed ve zv\u00fd\u0161en\u00e9 m\u00ed\u0159e i \u0159idi\u010di, kte\u0159\u00ed se p\u0159ed j\u00edzdou posilnili alkoholem.<\/span><\/strong><!--more--><\/p>\n<p class=\"v1Perex\"><span class=\"v1eop\"> \u010cast\u00fdm d\u016fvodem pro zv\u00fd\u0161enou nehodovost je tak\u00e9 nep\u0159im\u011b\u0159en\u00e1 rychlost, proto\u017ee \u0159idi\u010di \u010dasto nep\u0159izp\u016fsob\u00ed rychlost zv\u00fd\u0161en\u00e9mu provozu na silnic\u00edch ani aktu\u00e1ln\u00edm pov\u011btrnostn\u00edm podm\u00ednk\u00e1m.<\/span><\/p>\n<p class=\"v1Perex\"><span class=\"v1eop\">\u0158idi\u010di pod vlivem alkoholu nebo drog \u010dast\u011bji poru\u0161uj\u00ed rychlost, nep\u0159izp\u016fsobuj\u00ed styl a rychlost j\u00edzdy aktu\u00e1ln\u00edm podm\u00ednk\u00e1m a \u010dasto v\u011bdom\u011b poru\u0161uj\u00ed pravidla silni\u010dn\u00edho provozu.\u00a0<i>\u201eB\u011b\u017en\u011b tvo\u0159\u00ed pom\u011br \u0159idi\u010d\u016f, kte\u0159\u00ed byli pod vlivem alkoholu zhruba 5 % ze v\u0161ech vin\u00edk\u016f dopravn\u00edch nehod, o Velikonoc\u00edch toto \u010d\u00edslo stoup\u00e1 na dvojn\u00e1sobek. Typick\u00fdm sc\u00e9n\u00e1\u0159em tragick\u00fdch nehod je vyjet\u00ed mimo komunikaci a vjet\u00ed do protism\u011bru. Nemus\u00ed p\u0159itom j\u00edt jen o pr\u016fjezdy zat\u00e1\u010dek, ale tak\u00e9 o p\u0159\u00edm\u00e9 \u00faseky. \u0158idi\u010di pod vlivem alkoholu nebo jin\u00fdch n\u00e1vykov\u00fdch l\u00e1tek tak\u00e9 \u010dast\u011bji nevyu\u017e\u00edvaj\u00ed bezpe\u010dnostn\u00ed p\u00e1s,&#8220;<\/i>\u00a0\u0159ekl vedouc\u00ed odd\u011blen\u00ed BESIP Ministerstva dopravy Tom\u00e1\u0161 Ne\u0159old.<\/span><\/p>\n<p class=\"v1Perex\"><span class=\"v1eop\">V roce 2022 bylo v obdob\u00ed velikono\u010dn\u00edch pr\u00e1zdnin (tj. od Zelen\u00e9ho \u010dtvrtka do Velikono\u010dn\u00edho pond\u011bl\u00ed) evidov\u00e1no celkem 1 142 nehod p\u0159i nich\u017e 4 osoby utrp\u011bly smrteln\u00e9 zran\u011bn\u00ed, 17 jich bylo zran\u011bno t\u011b\u017ece a 240 lehce. Lo\u0148sk\u00fd rok byl po p\u0159edchoz\u00edch dvou letech dot\u010den\u00fdch protipandemick\u00fdmi omezen\u00edmi pohybu prvn\u00edm neovlivn\u011bn\u00fdm. Z nehodov\u00fdch dat je z\u0159ejm\u00e9, \u017ee se po\u010det nehod v dan\u00e9m obdob\u00ed p\u0159ibli\u017en\u011b navr\u00e1til k m\u00ed\u0159e nehodovosti z p\u0159edchoz\u00edch let, p\u0159esto\u017ee se jedn\u00e1 o nehody, kter\u00e9 maj\u00ed sp\u00ed\u0161e m\u00e9n\u011b z\u00e1va\u017en\u00e9 n\u00e1sledky na jej\u00ed \u00fa\u010dastn\u00edky.<\/span><\/p>\n<p class=\"v1Perex\"><span class=\"v1eop\">Podle zat\u00edm p\u0159edb\u011b\u017en\u00fdch dat policie \u010cR bylo v d\u016fsledku dopravn\u00edch nehod na \u010desk\u00fdch silnic\u00edch za prvn\u00ed t\u0159i m\u011bs\u00edce leto\u0161n\u00edho roku usmrceno 104 osob, meziro\u010dn\u011b o 11 v\u00edce. Je to nav\u00edc nejv\u00edce za 7 let.\u00a0\u00a0<\/span><\/p>\n<p class=\"v1Perex\"><span class=\"v1eop\"><i>\u201eLeto\u0161n\u00ed sez\u00f3na se podle statistik na silnic\u00edch zat\u00edm nevyv\u00edj\u00ed v\u016fbec dob\u0159e. Pokud chceme tragick\u00fdm nehod\u00e1m p\u0159edch\u00e1zet, je z\u00e1sadn\u00ed vyhnout se alkoholu, nejezdit vysoce nep\u0159im\u011b\u0159enou rychlost\u00ed a po zim\u011b tak\u00e9 d\u00e1vat v\u011bt\u0161\u00ed pozor na cyklisty a motork\u00e1\u0159e. T\u011bch v\u00a0provozu st\u00e1le p\u0159ib\u00fdv\u00e1 a je d\u016fle\u017eit\u00e9 sledovat jejich pohyb nejen p\u0159ed sebou, ale tak\u00e9 ve zp\u011btn\u00e9m zrc\u00e1tku. V\u00a0p\u0159\u00edpad\u011b st\u0159et\u016f s cyklisty jsou rizikov\u00e9 hlavn\u011b k\u0159i\u017eovatky na silnic\u00edch ni\u017e\u0161\u00edch t\u0159\u00edd. Motocykly zase \u0159idi\u010di mohou p\u0159ehl\u00e9dnout p\u0159i naj\u00ed\u017ed\u011bn\u00ed na hlavn\u00ed komunikaci z\u00a0vedlej\u0161\u00ed nebo p\u0159i odbo\u010dov\u00e1n\u00ed vlevo. Na druh\u00e9 stran\u011b ale cyklist\u00e9 i motork\u00e1\u0159i mus\u00ed dodr\u017eovat pravidla silni\u010dn\u00edho provozu a chovat se pro \u0159idi\u010de aut \u010diteln\u011b,&#8220;<\/i>\u00a0upozornil Ne\u0159old.<\/span><\/p>\n","protected":false},"excerpt":{"rendered":"<div class=\"mh-excerpt\"><p>Velikono\u010dn\u00ed sv\u00e1tky se poj\u00ed, stejn\u011b jako jak\u00e9koliv jin\u00e9 sv\u00e1tky, se zv\u00fd\u0161enou nehodovost\u00ed. Lid\u00e9 v\u00edce cestuj\u00ed, proto\u017ee nav\u0161t\u011bvuj\u00ed p\u0159\u00edbuzn\u00e9, na silnice vyj\u00ed\u017ed\u00ed sv\u00e1te\u010dn\u00ed \u0159idi\u010di a bohu\u017eel <a class=\"mh-excerpt-more\" href=\"https:\/\/www.automakersnews.cz\/index.php\/2023\/04\/06\/besip-na-velikonoce-pozor-na-alkohol\/\" title=\"Besip: na Velikonoce p\u0159in\u00e1\u0161\u00ed nehody alkohol!\">[&#8230;]<\/a><\/p>\n<\/div>","protected":false},"author":1,"featured_media":36786,"comment_status":"open","ping_status":"open","sticky":false,"template":"","format":"standard","meta":{"footnotes":""},"categories":[35],"tags":[],"class_list":["post-36785","post","type-post","status-publish","format-standard","has-post-thumbnail","hentry","category-doprava"],"_links":{"self":[{"href":"https:\/\/www.automakersnews.cz\/index.php\/wp-json\/wp\/v2\/posts\/36785","targetHints":{"allow":["GET"]}}],"collection":[{"href":"https:\/\/www.automakersnews.cz\/index.php\/wp-json\/wp\/v2\/posts"}],"about":[{"href":"https:\/\/www.automakersnews.cz\/index.php\/wp-json\/wp\/v2\/types\/post"}],"author":[{"embeddable":true,"href":"https:\/\/www.automakersnews.cz\/index.php\/wp-json\/wp\/v2\/users\/1"}],"replies":[{"embeddable":true,"href":"https:\/\/www.automakersnews.cz\/index.php\/wp-json\/wp\/v2\/comments?post=36785"}],"version-history":[{"count":0,"href":"https:\/\/www.automakersnews.cz\/index.php\/wp-json\/wp\/v2\/posts\/36785\/revisions"}],"wp:featuredmedia":[{"embeddable":true,"href":"https:\/\/www.automakersnews.cz\/index.php\/wp-json\/wp\/v2\/media\/36786"}],"wp:attachment":[{"href":"https:\/\/www.automakersnews.cz\/index.php\/wp-json\/wp\/v2\/media?parent=36785"}],"wp:term":[{"taxonomy":"category","embeddable":true,"href":"https:\/\/www.automakersnews.cz\/index.php\/wp-json\/wp\/v2\/categories?post=36785"},{"taxonomy":"post_tag","embeddable":true,"href":"https:\/\/www.automakersnews.cz\/index.php\/wp-json\/wp\/v2\/tags?post=36785"}],"curies":[{"name":"wp","href":"https:\/\/api.w.org\/{rel}","templated":true}]}}