{"id":36789,"date":"2023-04-06T14:15:53","date_gmt":"2023-04-06T14:15:53","guid":{"rendered":"https:\/\/www.automakersnews.cz\/?p=36789"},"modified":"2023-04-11T06:50:12","modified_gmt":"2023-04-11T06:50:12","slug":"sda-mel-kvartalni-tiskovku-k-registracim","status":"publish","type":"post","link":"https:\/\/www.automakersnews.cz\/index.php\/2023\/04\/06\/sda-mel-kvartalni-tiskovku-k-registracim\/","title":{"rendered":"SDA m\u011bl kvart\u00e1ln\u00ed tiskovku k registrac\u00edm"},"content":{"rendered":"<p><strong>Svaz dovozc\u016f automobil\u016f se\u010detl kvart\u00e1ln\u00ed registrace vozidel, s \u010d\u00edsly sezn\u00e1mil novin\u00e1\u0159e na tiskov\u00e9 konferenci v pra\u017esk\u00e9m hotelu Don Giovanni tajemn\u00edk Josef Pokorn\u00fd.<\/strong><!--more--><\/p>\n<p>&#8222;Celkov\u00e9 registrace nov\u00fdch osobn\u00edch voz\u016f v prvn\u00edm kvart\u00e1lu leto\u0161n\u00edho roku vzrostly meziro\u010dn\u011b o 18,98 procenta, o 8950 kus\u016f na celkov\u00fdch 56 341 vozidel. V b\u0159eznu vzrostly meziro\u010dn\u011b o 32,39 procenta a p\u0159ekonaly tak \u00fadaje z roku 2019.,&#8220; uvedl tajemn\u00edk svazu Josef Pokorn\u00fd.<\/p>\n<p>Zv\u00fd\u0161il se pod\u00edl elektrick\u00fdch osobn\u00edch aut a pod\u00edl SUV voz\u016f. Rostly i prodeje LUV a n\u00e1kladn\u00edch aut. Meziro\u010dn\u011b se pod\u00edl nafty sn\u00ed\u017eil o 0,2 %, pod\u00edl benz\u00ednu se zv\u00fd\u0161il o 1 %, pod\u00edl EL vozidel se zv\u00fd\u0161il o 0,7 % na 2,4 procenta.<\/p>\n<p>V po\u0159ad\u00ed zna\u010dek dr\u017e\u00ed prvenstv\u00ed mezi import\u00e9ry \u0160koda, jej\u00edch \u0161est vozidel v\u00e9vod\u00ed \u017eeb\u0159\u00ed\u010dku prodeje jednotliv\u00fdch model\u016f.<\/p>\n<p><img loading=\"lazy\" decoding=\"async\" class=\"alignnone size-large wp-image-36791\" src=\"http:\/\/www.automakersnews.cz\/wp-content\/uploads\/2023\/04\/TK-SDA-duben-2023-Pokorny-1024x768.jpg\" alt=\"\" width=\"1024\" height=\"768\" \/><\/p>\n","protected":false},"excerpt":{"rendered":"<div class=\"mh-excerpt\"><p>Svaz dovozc\u016f automobil\u016f se\u010detl kvart\u00e1ln\u00ed registrace vozidel, s \u010d\u00edsly sezn\u00e1mil novin\u00e1\u0159e na tiskov\u00e9 konferenci v pra\u017esk\u00e9m hotelu Don Giovanni tajemn\u00edk Josef Pokorn\u00fd.<\/p>\n<\/div>","protected":false},"author":1,"featured_media":36792,"comment_status":"open","ping_status":"open","sticky":false,"template":"","format":"standard","meta":{"footnotes":""},"categories":[8,29],"tags":[],"class_list":["post-36789","post","type-post","status-publish","format-standard","has-post-thumbnail","hentry","category-statistika","category-tiskovky"],"_links":{"self":[{"href":"https:\/\/www.automakersnews.cz\/index.php\/wp-json\/wp\/v2\/posts\/36789","targetHints":{"allow":["GET"]}}],"collection":[{"href":"https:\/\/www.automakersnews.cz\/index.php\/wp-json\/wp\/v2\/posts"}],"about":[{"href":"https:\/\/www.automakersnews.cz\/index.php\/wp-json\/wp\/v2\/types\/post"}],"author":[{"embeddable":true,"href":"https:\/\/www.automakersnews.cz\/index.php\/wp-json\/wp\/v2\/users\/1"}],"replies":[{"embeddable":true,"href":"https:\/\/www.automakersnews.cz\/index.php\/wp-json\/wp\/v2\/comments?post=36789"}],"version-history":[{"count":0,"href":"https:\/\/www.automakersnews.cz\/index.php\/wp-json\/wp\/v2\/posts\/36789\/revisions"}],"wp:featuredmedia":[{"embeddable":true,"href":"https:\/\/www.automakersnews.cz\/index.php\/wp-json\/wp\/v2\/media\/36792"}],"wp:attachment":[{"href":"https:\/\/www.automakersnews.cz\/index.php\/wp-json\/wp\/v2\/media?parent=36789"}],"wp:term":[{"taxonomy":"category","embeddable":true,"href":"https:\/\/www.automakersnews.cz\/index.php\/wp-json\/wp\/v2\/categories?post=36789"},{"taxonomy":"post_tag","embeddable":true,"href":"https:\/\/www.automakersnews.cz\/index.php\/wp-json\/wp\/v2\/tags?post=36789"}],"curies":[{"name":"wp","href":"https:\/\/api.w.org\/{rel}","templated":true}]}}