{"id":37500,"date":"2023-04-11T06:05:49","date_gmt":"2023-04-11T06:05:49","guid":{"rendered":"https:\/\/www.automakersnews.cz\/?p=37500"},"modified":"2023-04-11T06:04:50","modified_gmt":"2023-04-11T06:04:50","slug":"ioniq-6-ovladl-svetove-auto-roku-2023","status":"publish","type":"post","link":"https:\/\/www.automakersnews.cz\/index.php\/2023\/04\/11\/ioniq-6-ovladl-svetove-auto-roku-2023\/","title":{"rendered":"IONIQ 6 ovl\u00e1dl Sv\u011btov\u00e9 auto roku 2023"},"content":{"rendered":"<p><strong>Elektrifikovan\u00fd streamliner Hyundai IONIQ 6 ovl\u00e1dl anketu Sv\u011btov\u00e9 auto roku, v\u010detn\u011b kategori\u00ed Sv\u011btov\u00fd elektromobil roku a Sv\u011btov\u00fd automobilov\u00fd design roku. V\u00fdsledky ankety Sv\u011btov\u00e9 auto roku byly vyhl\u00e1\u0161eny na slavnostn\u00edm ve\u010deru na New York International Auto Show.<\/strong><!--more--><\/p>\n<p>Porota slo\u017een\u00e1 ze stovky automobilov\u00fdch novin\u00e1\u0159\u016f ze 32 zem\u00ed sv\u011bta vybrala IONIQ 6 ze t\u0159\u00ed finalist\u016f, uveden\u00fdch na sv\u011btov\u00e9 trhy v roce 2022. Zna\u010dka Hyundai ovl\u00e1dla t\u0159i v\u00fd\u0161e zm\u00edn\u011bn\u00e9 kategorie u\u017e podruh\u00e9 za sebou, vloni se stejn\u00fd \u00fasp\u011bch poda\u0159il modelu IONIQ 5.<\/p>\n<p>\u201eZ obhajoby tohoto presti\u017en\u00edho \u00fasp\u011bchu jsme nad\u0161eni, proto\u017ee jde o ocen\u011bn\u00ed nesm\u00edrn\u00e9ho talentu a nezm\u011brn\u00e9ho \u00fasil\u00ed v\u0161ech z n\u00e1s v Hyundai Motor Company p\u0159i uv\u00e1d\u011bn\u00ed elektromobil\u016f jako IONIQ 6 na trh,\u201d uvedl Jaehoon Chang, President a CEO Hyundai Motor Company. \u201cToto ocen\u011bn\u00ed n\u00e1s utvrzuje v odhodl\u00e1n\u00ed b\u00fdt celosv\u011btov\u00fdm l\u00eddrem v elektrifikaci a ve snaze d\u00e1l poskytovat chytr\u00e1 \u0159e\u0161en\u00ed pro mobilitu.\u201d<\/p>\n<p>\u201eModel IONIQ 6 je po str\u00e1nce designu skute\u010dn\u011b jedin\u00fdm sv\u00e9ho druhu. Jeho proudnicov\u00e9 tvary kombinuj\u00ed siln\u00e9 emoce a aerodynamickou \u00fa\u010dinnost s c\u00edlem dosa\u017een\u00ed v\u00fdjime\u010dn\u00e9ho dojezdu,\u201d \u0159ekl SangYup Lee, v\u00fdkonn\u00fd vicepresident a vedouc\u00ed Hyundai Global Design Center. \u201cUvnit\u0159 vozu jsme vytvo\u0159ili osobn\u00ed prostor s d\u016fmysln\u00fdmi a uklid\u0148uj\u00edc\u00edmi funkcionalitami, kter\u00e9, jak v\u011b\u0159\u00edme, posouvaj\u00ed design elektromobil\u016f na novou \u00farove\u0148.\u201d<\/p>\n<p>IONIQ 6 je druh\u00fdm \u010dlenem produktov\u00e9 \u0159ady pro elektromobily IONIQ. Naplno vyu\u017e\u00edv\u00e1 vyhl\u00e1\u0161enou architekturu platformy E-GMP, kter\u00e1 umo\u017e\u0148uje 800-V ultrarychl\u00e9 dob\u00edjen\u00ed z 10 na 80 % za pouh\u00fdch 18 minut a v\u00fdjime\u010dn\u011b prostorn\u00fd interi\u00e9r.<\/p>\n<p><img loading=\"lazy\" decoding=\"async\" class=\"alignnone wp-image-37501\" src=\"http:\/\/www.automakersnews.cz\/wp-content\/uploads\/2023\/04\/Photo-World-Car-Awards-small-300x225.jpg\" alt=\"\" width=\"928\" height=\"696\" srcset=\"https:\/\/www.automakersnews.cz\/wp-content\/uploads\/2023\/04\/Photo-World-Car-Awards-small-300x225.jpg 300w, https:\/\/www.automakersnews.cz\/wp-content\/uploads\/2023\/04\/Photo-World-Car-Awards-small-1024x768.jpg 1024w, https:\/\/www.automakersnews.cz\/wp-content\/uploads\/2023\/04\/Photo-World-Car-Awards-small-768x576.jpg 768w, https:\/\/www.automakersnews.cz\/wp-content\/uploads\/2023\/04\/Photo-World-Car-Awards-small-1536x1152.jpg 1536w, https:\/\/www.automakersnews.cz\/wp-content\/uploads\/2023\/04\/Photo-World-Car-Awards-small-678x509.jpg 678w, https:\/\/www.automakersnews.cz\/wp-content\/uploads\/2023\/04\/Photo-World-Car-Awards-small-326x245.jpg 326w, https:\/\/www.automakersnews.cz\/wp-content\/uploads\/2023\/04\/Photo-World-Car-Awards-small-80x60.jpg 80w, https:\/\/www.automakersnews.cz\/wp-content\/uploads\/2023\/04\/Photo-World-Car-Awards-small.jpg 1920w\" sizes=\"auto, (max-width: 928px) 100vw, 928px\" \/><\/p>\n<p>S ultra n\u00edzk\u00fdm koeficientem odporu 0,21 je IONIQ 6 jedn\u00edm z nejaerodynami\u010dt\u011bj\u0161\u00edch a nej\u00fasporn\u011bj\u0161\u00edch elektromobil\u016f na trhu. Dle standardu WLTP je dojezd tohoto elektrick\u00e9ho streamlineru 614 km a spot\u0159eba \u010din\u00ed 13,9 kWh\/100 km (plat\u00ed pro variantu s kapacitou baterie 77,4 kWh, pohonem zadn\u00edch kol a 18\u201d pneumatikami).<\/p>\n<p>Mimo \u0161irok\u00e9 \u0161k\u00e1ly dal\u0161\u00ed v\u00fdbavy IONIQ 6 nab\u00edz\u00ed technologii Vehicle-to-Load (V2L), asisten\u010dn\u00ed syst\u00e9my a pokro\u010dilou konektivitu s bezdr\u00e1tov\u00fdmi aktualizacemi softwaru (OTA). Prostorn\u00fd a pohodln\u00fd interi\u00e9r naplno vyu\u017e\u00edv\u00e1 rozvor n\u00e1prav 2950 mm a nab\u00edz\u00ed \u0159adu modern\u00edch funkc\u00ed, jako dvoubarevn\u00e9 ambientn\u00ed osv\u011btlen\u00ed, Speed Sync Lighting, EV Performance Tune-up a Electric Active Sound Design (e-ASD).<\/p>\n<p>SangYup Lee byl nav\u00edc porotou ankety jmenov\u00e1n Sv\u011btovou osobnost\u00ed automobilov\u00e9ho pr\u016fmyslu za rok 2023, za sv\u016fj p\u0159\u00ednos pro \u00fachvatn\u00e9 a inovativn\u00ed koncepty i s\u00e9riov\u00e9 vozy, p\u0159edstaven\u00e9 v roce 2022 \u2013 v\u010detn\u011b model\u016f IONIQ 6, KONA, \u010di poj\u00edzdn\u00e9 laborato\u0159e N Vision 74.<\/p>\n<p>V\u00edt\u011bzstv\u00ed produktov\u00e9 rodiny IONIQ znamenaj\u00ed novou energii ve snaze spole\u010dnosti Hyundai Motor urychlit svou strategii elektrifikace a st\u00e1t se sv\u011btov\u00fdm l\u00eddrem ve v\u00fdrob\u011b elektromobil\u016f. V pl\u00e1nech Hyundai Motor \u2013 v podob\u011b uveden\u00ed 17 nov\u00fdch bateriov\u00fdch elektromobil\u016f v\u010detn\u011b luxusn\u00edch voz\u016f zna\u010dky Genesis \u2013 figuruje i c\u00edl ve form\u011b nav\u00fd\u0161en\u00ed celosv\u011btov\u00fdch prodej\u016f BEV na 1.87 milion\u016f voz\u016f do roku 2030.<\/p>\n<p><img loading=\"lazy\" decoding=\"async\" class=\"alignnone wp-image-37504\" src=\"http:\/\/www.automakersnews.cz\/wp-content\/uploads\/2023\/04\/Hyundai-IONIQ-6-1-small-300x240.jpg\" alt=\"\" width=\"888\" height=\"710\" srcset=\"https:\/\/www.automakersnews.cz\/wp-content\/uploads\/2023\/04\/Hyundai-IONIQ-6-1-small-300x240.jpg 300w, https:\/\/www.automakersnews.cz\/wp-content\/uploads\/2023\/04\/Hyundai-IONIQ-6-1-small-1024x818.jpg 1024w, https:\/\/www.automakersnews.cz\/wp-content\/uploads\/2023\/04\/Hyundai-IONIQ-6-1-small-768x613.jpg 768w, https:\/\/www.automakersnews.cz\/wp-content\/uploads\/2023\/04\/Hyundai-IONIQ-6-1-small-1536x1227.jpg 1536w, https:\/\/www.automakersnews.cz\/wp-content\/uploads\/2023\/04\/Hyundai-IONIQ-6-1-small.jpg 1923w\" sizes=\"auto, (max-width: 888px) 100vw, 888px\" \/><\/p>\n","protected":false},"excerpt":{"rendered":"<div class=\"mh-excerpt\"><p>Elektrifikovan\u00fd streamliner Hyundai IONIQ 6 ovl\u00e1dl anketu Sv\u011btov\u00e9 auto roku, v\u010detn\u011b kategori\u00ed Sv\u011btov\u00fd elektromobil roku a Sv\u011btov\u00fd automobilov\u00fd design roku. V\u00fdsledky ankety Sv\u011btov\u00e9 auto roku <a class=\"mh-excerpt-more\" href=\"https:\/\/www.automakersnews.cz\/index.php\/2023\/04\/11\/ioniq-6-ovladl-svetove-auto-roku-2023\/\" title=\"IONIQ 6 ovl\u00e1dl Sv\u011btov\u00e9 auto roku 2023\">[&#8230;]<\/a><\/p>\n<\/div>","protected":false},"author":4,"featured_media":37503,"comment_status":"open","ping_status":"open","sticky":false,"template":"","format":"standard","meta":{"footnotes":""},"categories":[7,19,22],"tags":[],"class_list":["post-37500","post","type-post","status-publish","format-standard","has-post-thumbnail","hentry","category-ankety","category-design","category-elektromobily"],"_links":{"self":[{"href":"https:\/\/www.automakersnews.cz\/index.php\/wp-json\/wp\/v2\/posts\/37500","targetHints":{"allow":["GET"]}}],"collection":[{"href":"https:\/\/www.automakersnews.cz\/index.php\/wp-json\/wp\/v2\/posts"}],"about":[{"href":"https:\/\/www.automakersnews.cz\/index.php\/wp-json\/wp\/v2\/types\/post"}],"author":[{"embeddable":true,"href":"https:\/\/www.automakersnews.cz\/index.php\/wp-json\/wp\/v2\/users\/4"}],"replies":[{"embeddable":true,"href":"https:\/\/www.automakersnews.cz\/index.php\/wp-json\/wp\/v2\/comments?post=37500"}],"version-history":[{"count":0,"href":"https:\/\/www.automakersnews.cz\/index.php\/wp-json\/wp\/v2\/posts\/37500\/revisions"}],"wp:featuredmedia":[{"embeddable":true,"href":"https:\/\/www.automakersnews.cz\/index.php\/wp-json\/wp\/v2\/media\/37503"}],"wp:attachment":[{"href":"https:\/\/www.automakersnews.cz\/index.php\/wp-json\/wp\/v2\/media?parent=37500"}],"wp:term":[{"taxonomy":"category","embeddable":true,"href":"https:\/\/www.automakersnews.cz\/index.php\/wp-json\/wp\/v2\/categories?post=37500"},{"taxonomy":"post_tag","embeddable":true,"href":"https:\/\/www.automakersnews.cz\/index.php\/wp-json\/wp\/v2\/tags?post=37500"}],"curies":[{"name":"wp","href":"https:\/\/api.w.org\/{rel}","templated":true}]}}