{"id":37508,"date":"2023-04-11T06:04:13","date_gmt":"2023-04-11T06:04:13","guid":{"rendered":"https:\/\/www.automakersnews.cz\/?p=37508"},"modified":"2023-04-11T06:04:13","modified_gmt":"2023-04-11T06:04:13","slug":"autem-roku-podle-zen-je-mercedes-benz-glc","status":"publish","type":"post","link":"https:\/\/www.automakersnews.cz\/index.php\/2023\/04\/11\/autem-roku-podle-zen-je-mercedes-benz-glc\/","title":{"rendered":"Autem roku podle \u017een je Mercedes-Benz GLC"},"content":{"rendered":"<p><strong>Odborn\u00e1 porota slo\u017een\u00e1 z patn\u00e1cti zku\u0161en\u00fdch novin\u00e1\u0159ek a osobnost\u00ed zvolila absolutn\u00edm v\u00edt\u011bzem ankety o nejlep\u0161\u00ed auto roku z pohledu \u017een Mercedes-Benz GLC, \u017eensk\u00e1 laick\u00e1 ve\u0159ejnost dala nejv\u00edce hlas\u016f elektromobilu \u0160KODA Enyaq Coup\u00e9 RS iV.<\/strong><!--more--><\/p>\n<p><strong>Hlasov\u00e1n\u00ed odborn\u00e9 poroty AUTO M\u00c9HO SRDCE<\/strong><\/p>\n<p>C\u00edlem ankety AUTO M\u00c9HO SRDCE je ocenit v\u00fdrazn\u00e9 nov\u011b uv\u00e1d\u011bn\u00e9 vozy na \u010desk\u00e9m trhu, je\u017e nejv\u00edce oslovuj\u00ed \u017eensk\u00e9 publikum. Odborn\u00e1 porota letos v \u00fanoru vybrala ze 18 nominovan\u00fdch voz\u016f do z\u00fa\u017een\u00e9ho kola sedm model\u016f: Alfa Romeo Tonale, BMW X1, Dacia Jogger, Mercedes-Benz GLC, Range Rover, \u0160KODA Enyaq Coup\u00e9 RS iV a Volkswagen ID. Buzz. T\u011bchto sedm vybran\u00fdch model\u016f n\u00e1sledn\u011b porota hodnotila b\u011bhem testovac\u00edch j\u00edzd, a to podle krit\u00e9ri\u00ed jako prakti\u010dnost, design, j\u00edzdn\u00ed vlastnosti, prostornost, bezpe\u010dnost, technologie a vst\u0159\u00edcnost k d\u011btem.<\/p>\n<p>V\u00edt\u011bzem 4. ro\u010dn\u00edku ankety AUTO M\u00c9HO SRDCE se s nejv\u011bt\u0161\u00edm po\u010dtem hlas\u016f stal Mercedes-Benz GLC. \u201eV\u00edt\u011bzstv\u00ed v jedine\u010dn\u00e9 anket\u011b Auto m\u00e9ho srdce si mimo\u0159\u00e1dn\u011b v\u00e1\u017e\u00edme. \u017deny jako Merc\u00e9d\u00e8s Jellinek nebo Bertha Benz jsou kl\u00ed\u010dovou sou\u010d\u00e1st\u00ed \u00fasp\u011b\u0161n\u00e9ho p\u0159\u00edb\u011bhu zna\u010dky Mercedes-Benz a sam\u00fdch po\u010d\u00e1tk\u016f automobilismu. Individu\u00e1ln\u00edmu pohledu \u017een na mobilitu v\u011bnujeme pat\u0159i\u010dnou pozornost i prost\u0159ednictv\u00edm iniciativy She\u2019s Mercedes. V l\u00e9t\u011b p\u0159edstav\u00edme model GLC kup\u00e9, kter\u00e9 elegantn\u00ed SUV dopln\u00ed je\u0161t\u011b dynami\u010dt\u011bj\u0161\u00edmi proporcemi,\u201c \u0159ekl k z\u00edsk\u00e1n\u00ed ocen\u011bn\u00ed Josef Hl\u00e1vka, PR mana\u017eer Mercedes-Benz \u010cesk\u00e1 republika.<\/p>\n<p>\u010clenka 15\u010dlenn\u00e9 odborn\u00e9 poroty moder\u00e1torka Tereza Tobi\u00e1\u0161ov\u00e1 o modelu Mercedes-Benz GLC uvedla: \u201eLuxus je c\u00edtit na ka\u017ed\u00e9m rohu. V interi\u00e9ru GLC p\u0159ekvapuje n\u00e1dhern\u00fdmi detaily v podob\u011b \u0159e\u0161en\u00ed palubn\u00ed desky nebo dve\u0159\u00ed a sedadel ze syntetick\u00e9 k\u016f\u017ee, kter\u00e1 vypadaj\u00ed jako um\u011bleck\u00e1 d\u00edla.\u201c Ostatn\u00ed porotkyn\u011b kladn\u011b hodnotily j\u00edzdn\u00ed komfort a tak\u00e9 nat\u00e1\u010dec\u00ed zadn\u00ed n\u00e1pravu pro snadn\u00e9 man\u00e9vrov\u00e1n\u00ed a parkov\u00e1n\u00ed ve m\u011bst\u011b. \u201eBambilion asistent\u016f, 360stup\u0148ov\u00e1 kamera, prostornost pro celou rodinu i jejich zavazadla. Tohle auto je na silnici sen,\u201c uzav\u0159ela hodnocen\u00ed modelu GLC dal\u0161\u00ed porotkyn\u011b Sabina Sarkisovov\u00e1.<\/p>\n<p>\u201eFin\u00e1le bylo letos velmi t\u011bsn\u00e9, nakonec se ale s nejv\u011bt\u0161\u00edm po\u010dtem jedni\u010dek v hodnocen\u00ed dle krit\u00e9ri\u00ed jasn\u011b vymezil pr\u00e1v\u011b Mercedes-Benz GLC,\u201c komentovala v\u00fdsledky hlasov\u00e1n\u00ed porotky\u0148 organiz\u00e1torka ankety Sabina Kv\u00e1\u0161ov\u00e1. Na druh\u00e9m m\u00edst\u011b se v hodnocen\u00ed odborn\u00e9 poroty v anket\u011b AUTO M\u00c9HO SRDCE 2023 um\u00edstila se shodn\u00fdm po\u010dtem hlas\u016f elektrick\u00e1 dod\u00e1vka Volkswagen ID. Buzz, elektrick\u00e9 SUV \u0160KODA ENYAQ Coup\u00e9 RS iV a BMW X1. T\u0159et\u00ed, op\u011bt d\u011blenou pozici, obsadil Range Rover, Alfa Romeo Tonale a Dacia Jogger.<\/p>\n<p><img loading=\"lazy\" decoding=\"async\" class=\"alignnone wp-image-37512\" src=\"http:\/\/www.automakersnews.cz\/wp-content\/uploads\/2023\/04\/autoMehoSrdceCena-small-3-300x193.jpg\" alt=\"\" width=\"909\" height=\"585\" srcset=\"https:\/\/www.automakersnews.cz\/wp-content\/uploads\/2023\/04\/autoMehoSrdceCena-small-3-300x193.jpg 300w, https:\/\/www.automakersnews.cz\/wp-content\/uploads\/2023\/04\/autoMehoSrdceCena-small-3-1024x658.jpg 1024w, https:\/\/www.automakersnews.cz\/wp-content\/uploads\/2023\/04\/autoMehoSrdceCena-small-3-768x493.jpg 768w, https:\/\/www.automakersnews.cz\/wp-content\/uploads\/2023\/04\/autoMehoSrdceCena-small-3-1536x987.jpg 1536w, https:\/\/www.automakersnews.cz\/wp-content\/uploads\/2023\/04\/autoMehoSrdceCena-small-3.jpg 1583w\" sizes=\"auto, (max-width: 909px) 100vw, 909px\" \/><\/p>\n<p><strong>Hlasov\u00e1n\u00ed ve\u0159ejnosti D\u00c1MSK\u00c1 AUTOVOLENKA <\/strong><\/p>\n<p>Na webu ankety u\u017e po\u010dtvrt\u00e9 soub\u011b\u017en\u011b prob\u00edhalo tak\u00e9 hlasov\u00e1n\u00ed ve\u0159ejnosti pod n\u00e1zvem D\u00c1MSK\u00c1 AUTOVOLENKA. Od Nov\u00e9ho roku a\u017e do ned\u011ble 26. b\u0159ezna mohla ve\u0159ejnost vyb\u00edrat online z 18 nominovan\u00fdch voz\u016f.<\/p>\n<p>Celkem se letos z\u00fa\u010dastnilo hlasov\u00e1n\u00ed ve\u0159ejnosti o nejlep\u0161\u00ed auto roku 1724 \u017een. Absolutn\u00edm v\u00edt\u011bzem D\u00c1MSK\u00c9 AUTOVOLENKY pro rok 2023 se stala \u0160KODA Enyaq Coup\u00e9 RS iV se 552 hlasy. Toto elektrick\u00e9 SUV-kup\u00e9 z\u00edskalo t\u0159etinu v\u0161ech hlas\u016f. Na pomysln\u00e9 2. p\u0159\u00ed\u010dce se um\u00edstil hatchback Opel Astra (258 hlas\u016f) a 3. m\u00edsto v hlasov\u00e1n\u00ed ve\u0159ejnosti n\u00e1le\u017e\u00ed modelu Range Rover (138 hlas\u016f).<\/p>\n<p>P\u00e1t\u00fd ro\u010dn\u00edk ankety AUTO M\u00c9HO SRDCE a s n\u00edm i jeho p\u0159idru\u017een\u00e1 anketa pro ve\u0159ejnost D\u00c1MSK\u00c1 AUTOVOLENKA odstartuje op\u011bt v lednu 2024.<\/p>\n<p><img loading=\"lazy\" decoding=\"async\" class=\"alignnone wp-image-37513\" src=\"http:\/\/www.automakersnews.cz\/wp-content\/uploads\/2023\/04\/AMS_damskaAutovolenka_2023-small-2-1-300x158.jpg\" alt=\"\" width=\"944\" height=\"497\" srcset=\"https:\/\/www.automakersnews.cz\/wp-content\/uploads\/2023\/04\/AMS_damskaAutovolenka_2023-small-2-1-300x158.jpg 300w, https:\/\/www.automakersnews.cz\/wp-content\/uploads\/2023\/04\/AMS_damskaAutovolenka_2023-small-2-1-1536x811.jpg 1536w, https:\/\/www.automakersnews.cz\/wp-content\/uploads\/2023\/04\/AMS_damskaAutovolenka_2023-small-2-1.jpg 1875w\" sizes=\"auto, (max-width: 944px) 100vw, 944px\" \/><\/p>\n","protected":false},"excerpt":{"rendered":"<div class=\"mh-excerpt\"><p>Odborn\u00e1 porota slo\u017een\u00e1 z patn\u00e1cti zku\u0161en\u00fdch novin\u00e1\u0159ek a osobnost\u00ed zvolila absolutn\u00edm v\u00edt\u011bzem ankety o nejlep\u0161\u00ed auto roku z pohledu \u017een Mercedes-Benz GLC, \u017eensk\u00e1 laick\u00e1 ve\u0159ejnost <a class=\"mh-excerpt-more\" href=\"https:\/\/www.automakersnews.cz\/index.php\/2023\/04\/11\/autem-roku-podle-zen-je-mercedes-benz-glc\/\" title=\"Autem roku podle \u017een je Mercedes-Benz GLC\">[&#8230;]<\/a><\/p>\n<\/div>","protected":false},"author":4,"featured_media":37510,"comment_status":"open","ping_status":"open","sticky":false,"template":"","format":"standard","meta":{"footnotes":""},"categories":[7,50],"tags":[],"class_list":["post-37508","post","type-post","status-publish","format-standard","has-post-thumbnail","hentry","category-ankety","category-vysledky"],"_links":{"self":[{"href":"https:\/\/www.automakersnews.cz\/index.php\/wp-json\/wp\/v2\/posts\/37508","targetHints":{"allow":["GET"]}}],"collection":[{"href":"https:\/\/www.automakersnews.cz\/index.php\/wp-json\/wp\/v2\/posts"}],"about":[{"href":"https:\/\/www.automakersnews.cz\/index.php\/wp-json\/wp\/v2\/types\/post"}],"author":[{"embeddable":true,"href":"https:\/\/www.automakersnews.cz\/index.php\/wp-json\/wp\/v2\/users\/4"}],"replies":[{"embeddable":true,"href":"https:\/\/www.automakersnews.cz\/index.php\/wp-json\/wp\/v2\/comments?post=37508"}],"version-history":[{"count":0,"href":"https:\/\/www.automakersnews.cz\/index.php\/wp-json\/wp\/v2\/posts\/37508\/revisions"}],"wp:featuredmedia":[{"embeddable":true,"href":"https:\/\/www.automakersnews.cz\/index.php\/wp-json\/wp\/v2\/media\/37510"}],"wp:attachment":[{"href":"https:\/\/www.automakersnews.cz\/index.php\/wp-json\/wp\/v2\/media?parent=37508"}],"wp:term":[{"taxonomy":"category","embeddable":true,"href":"https:\/\/www.automakersnews.cz\/index.php\/wp-json\/wp\/v2\/categories?post=37508"},{"taxonomy":"post_tag","embeddable":true,"href":"https:\/\/www.automakersnews.cz\/index.php\/wp-json\/wp\/v2\/tags?post=37508"}],"curies":[{"name":"wp","href":"https:\/\/api.w.org\/{rel}","templated":true}]}}