{"id":37515,"date":"2023-04-12T06:07:40","date_gmt":"2023-04-12T06:07:40","guid":{"rendered":"https:\/\/www.automakersnews.cz\/?p=37515"},"modified":"2023-04-12T06:07:40","modified_gmt":"2023-04-12T06:07:40","slug":"auta-z-globusu-pomuzou-hendikepovanym","status":"publish","type":"post","link":"https:\/\/www.automakersnews.cz\/index.php\/2023\/04\/12\/auta-z-globusu-pomuzou-hendikepovanym\/","title":{"rendered":"Auta z Globusu pom\u016f\u017eou hendikepovan\u00fdm"},"content":{"rendered":"<p><strong>Ji\u017e 89 voz\u016f se poda\u0159ilo za dv\u011b dek\u00e1dy spolupr\u00e1ce hypermarket\u016f Globus a Konta Bari\u00e9ry p\u0159edat dobro\u010dinn\u00fdm organizac\u00edm, kter\u00e9 se pe\u010dliv\u011b staraj\u00ed o hendikepovan\u00e9, imobiln\u00ed seniory \u010di d\u011bti a dal\u0161\u00ed znev\u00fdhodn\u011bn\u00e9 ob\u010dany. <\/strong><!--more--><\/p>\n<p>Nejnov\u011bji z\u00edskaj\u00ed t\u0159i automobily charitativn\u00ed organizace MCU KOLOSEUM z Liberce, Otev\u0159en\u00e1 OKNA z Jind\u0159ichova Hradce a \u017divot bez bari\u00e9r z Nov\u00e9 Paky. Pen\u00edze na n\u00e1kup velkoprostorov\u00fdch voz\u016f Globus nast\u0159\u00e1dal b\u011bhem uplynul\u00e9ho roku z prodeje ekologick\u00fdch ta\u0161ek a trvanliv\u00fdch ovos\u00e1\u010dk\u016f.<\/p>\n<p>Spolupr\u00e1ce Globusu a Konta Bari\u00e9ry za\u010dala v roce 2002. Od t\u00e9 doby jde \u010d\u00e1st finan\u010dn\u00edch prost\u0159edk\u016f z prodeje ta\u0161ek v hypermarketech Globus na pomoc hendikepovan\u00fdm. Celkem se za v\u00edc, ne\u017e dvacet let poda\u0159ilo vybrat 36 milion\u016f korun a za n\u011b nakoupit 89 velkoprostorov\u00fdch automobil\u016f Ford, kter\u00e9 vyu\u017e\u00edvaj\u00ed charitativn\u00ed spolky ve prosp\u011bch sv\u00fdch hendikepovan\u00fdch klient\u016f.<\/p>\n<p>\u201eD\u00edky na\u0161im z\u00e1kazn\u00edk\u016fm, kte\u0159\u00ed jdou s n\u00e1mi udr\u017eiteln\u011bj\u0161\u00ed cestou a k n\u00e1kup\u016fm vyu\u017e\u00edvaj\u00ed ekologick\u00e9 varianty ta\u0161ek a s\u00e1\u010dk\u016f, m\u016f\u017eeme podpo\u0159it dal\u0161\u00ed t\u0159i dobro\u010dinn\u00e9 organizace. P\u0159ejeme spolk\u016fm a jejich klient\u016fm mnoho \u0161\u0165astn\u00fdch kilometr\u016f v nov\u00fdch vozech,\u201c \u0159ekla Aneta Turnovsk\u00e1, tiskov\u00e1 mluv\u010d\u00ed spole\u010dnosti Globus. Dodala, \u017ee aktu\u00e1ln\u00ed p\u0159ed\u00e1n\u00ed voz\u016f se zdr\u017eelo kv\u016fli nedostatku automobilov\u00fdch komponent\u016f, jen\u017e postihl cel\u00fd trh. P\u016fvodn\u011b m\u011bly organizace vozy p\u0159eb\u00edrat na podzim roku 2022.<\/p>\n<p>\u201eS Globusem jsme v nadaci rozj\u00ed\u017ed\u011bli firemn\u00ed fondy, byl prvn\u00ed spole\u010dnost\u00ed, kter\u00e1 se s n\u00e1mi rozhodla d\u011blat charitu, a spole\u010dn\u011b jsme inspirovali \u0159adu dal\u0161\u00edch firem \u2013 dnes m\u00e1me firemn\u00edch fond\u016f p\u0159es deset. Je skv\u011bl\u00e9, \u017ee na\u0161e spolupr\u00e1ce trv\u00e1 u\u017e tak dlouho a \u017ee jsme spole\u010dn\u011b pomohli tolika hendikepovan\u00fdm lidem a organizac\u00edm. Z ka\u017ed\u00e9ho p\u0159edan\u00e9ho auta m\u00e1m obrovskou radost,\u201c \u0159ekla Bo\u017eena Jirk\u016f, \u0159editelka Konta Bari\u00e9ry.<\/p>\n<p><strong>Vozy Ford Custom dostanou v roce 2023 tyto organizace:<\/strong><\/p>\n<p>1. <strong>MCU KOLOSEUM, o.p.s.<\/strong> (Liberec) poskytuje celou \u0161k\u00e1lu slu\u017eeb jak hendikepovan\u00fdm, tak senior\u016fm \u2013 ter\u00e9nn\u00ed slu\u017eby, osobn\u00ed asistence, doprava do \u0161kol, k l\u00e9ka\u0159i, n\u00e1kupy a jin\u00e9.<\/p>\n<p>2.<strong> Otev\u0159en\u00e1 OKNA, z.\u00fa.<\/strong> (Jind\u0159ich\u016fv Hradec) poskytuje slu\u017eby chr\u00e1n\u011bn\u00e9ho bydlen\u00ed a terapeutick\u00e9 d\u00edlny, soc. terapeutickou d\u00edlnu, provozuje prodejn\u00ed galerii, zam\u011bstn\u00e1v\u00e1 osoby se zdravotn\u00edm posti\u017een\u00edm, poskytuje odborn\u00e9 poradenstv\u00ed.<\/p>\n<p>3. <strong>\u017divot bez bari\u00e9r, z.\u00fa.<\/strong> (Nov\u00e1 Paka) provozuje soci\u00e1ln\u00ed slu\u017eby \u2013 denn\u00ed stacion\u00e1\u0159, soci\u00e1ln\u00ed rehabilitace, p\u016fj\u010dovna kompenza\u010dn\u00edch pom\u016fcek, provoz chr\u00e1n\u011bn\u00fdch d\u00edlen, bezbari\u00e9rov\u00e9 ubytov\u00e1n\u00ed, sportovn\u00ed a vzd\u011bl\u00e1vac\u00ed programy.<\/p>\n<p><img loading=\"lazy\" decoding=\"async\" class=\"alignnone wp-image-37517\" src=\"http:\/\/www.automakersnews.cz\/wp-content\/uploads\/2023\/04\/Vozy-darovane-Globusem_2023-small-2-300x200.jpg\" alt=\"\" width=\"923\" height=\"615\" srcset=\"https:\/\/www.automakersnews.cz\/wp-content\/uploads\/2023\/04\/Vozy-darovane-Globusem_2023-small-2-300x200.jpg 300w, https:\/\/www.automakersnews.cz\/wp-content\/uploads\/2023\/04\/Vozy-darovane-Globusem_2023-small-2-1024x683.jpg 1024w, https:\/\/www.automakersnews.cz\/wp-content\/uploads\/2023\/04\/Vozy-darovane-Globusem_2023-small-2-768x512.jpg 768w, https:\/\/www.automakersnews.cz\/wp-content\/uploads\/2023\/04\/Vozy-darovane-Globusem_2023-small-2-1536x1024.jpg 1536w, https:\/\/www.automakersnews.cz\/wp-content\/uploads\/2023\/04\/Vozy-darovane-Globusem_2023-small-2-2048x1366.jpg 2048w\" sizes=\"auto, (max-width: 923px) 100vw, 923px\" \/><\/p>\n","protected":false},"excerpt":{"rendered":"<div class=\"mh-excerpt\"><p>Ji\u017e 89 voz\u016f se poda\u0159ilo za dv\u011b dek\u00e1dy spolupr\u00e1ce hypermarket\u016f Globus a Konta Bari\u00e9ry p\u0159edat dobro\u010dinn\u00fdm organizac\u00edm, kter\u00e9 se pe\u010dliv\u011b staraj\u00ed o hendikepovan\u00e9, imobiln\u00ed seniory <a class=\"mh-excerpt-more\" href=\"https:\/\/www.automakersnews.cz\/index.php\/2023\/04\/12\/auta-z-globusu-pomuzou-hendikepovanym\/\" title=\"Auta z Globusu pom\u016f\u017eou hendikepovan\u00fdm\">[&#8230;]<\/a><\/p>\n<\/div>","protected":false},"author":4,"featured_media":37516,"comment_status":"open","ping_status":"open","sticky":false,"template":"","format":"standard","meta":{"footnotes":""},"categories":[2,60],"tags":[],"class_list":["post-37515","post","type-post","status-publish","format-standard","has-post-thumbnail","hentry","category-news","category-spolecenska-zodpovednost"],"_links":{"self":[{"href":"https:\/\/www.automakersnews.cz\/index.php\/wp-json\/wp\/v2\/posts\/37515","targetHints":{"allow":["GET"]}}],"collection":[{"href":"https:\/\/www.automakersnews.cz\/index.php\/wp-json\/wp\/v2\/posts"}],"about":[{"href":"https:\/\/www.automakersnews.cz\/index.php\/wp-json\/wp\/v2\/types\/post"}],"author":[{"embeddable":true,"href":"https:\/\/www.automakersnews.cz\/index.php\/wp-json\/wp\/v2\/users\/4"}],"replies":[{"embeddable":true,"href":"https:\/\/www.automakersnews.cz\/index.php\/wp-json\/wp\/v2\/comments?post=37515"}],"version-history":[{"count":0,"href":"https:\/\/www.automakersnews.cz\/index.php\/wp-json\/wp\/v2\/posts\/37515\/revisions"}],"wp:featuredmedia":[{"embeddable":true,"href":"https:\/\/www.automakersnews.cz\/index.php\/wp-json\/wp\/v2\/media\/37516"}],"wp:attachment":[{"href":"https:\/\/www.automakersnews.cz\/index.php\/wp-json\/wp\/v2\/media?parent=37515"}],"wp:term":[{"taxonomy":"category","embeddable":true,"href":"https:\/\/www.automakersnews.cz\/index.php\/wp-json\/wp\/v2\/categories?post=37515"},{"taxonomy":"post_tag","embeddable":true,"href":"https:\/\/www.automakersnews.cz\/index.php\/wp-json\/wp\/v2\/tags?post=37515"}],"curies":[{"name":"wp","href":"https:\/\/api.w.org\/{rel}","templated":true}]}}