{"id":37553,"date":"2023-04-12T06:08:28","date_gmt":"2023-04-12T06:08:28","guid":{"rendered":"https:\/\/www.automakersnews.cz\/?p=37553"},"modified":"2023-04-12T06:08:28","modified_gmt":"2023-04-12T06:08:28","slug":"skupina-decci-stavi-uloziste-energy-nest","status":"publish","type":"post","link":"https:\/\/www.automakersnews.cz\/index.php\/2023\/04\/12\/skupina-decci-stavi-uloziste-energy-nest\/","title":{"rendered":"Skupina DECCI stav\u00ed \u00falo\u017ei\u0161t\u011b Energy Nest"},"content":{"rendered":"<p><strong>DECCI zah\u00e1jila v\u00fdstavbu modern\u00edho zdroje podp\u016frn\u00fdch slu\u017eeb v\u00fdkonov\u00e9 rovnov\u00e1hy (SVR) o celkov\u00e9m v\u00fdkonu 30 megawatt\u016f s n\u00e1zvem Energy nest. <\/strong><!--more--><\/p>\n<p>V\u00fdstavba byla zah\u00e1jena 30. b\u0159ezna 2023 s c\u00edlem, aby byl tento hybridn\u00ed zdroj zprovozn\u011bn v kv\u011btnu 2024. V okam\u017eiku uveden\u00ed do provozu se stane flexibiln\u00edm energetick\u00fdm zdrojem s nejv\u011bt\u0161\u00edm bateriov\u00fdm \u00falo\u017ei\u0161t\u011bm v \u010cR. Hybridn\u00ed zdroj Energy nest se realizuje v katastru obce Vra\u0148any, okres M\u011bln\u00edk.<\/p>\n<p>Jako zhotovitel hybridn\u00edho zdroje se na projektu pod\u00edl\u00ed spole\u010dnost Siemens, s.r.o., hlavn\u00edmi dodavateli technologi\u00ed jsou spole\u010dnost Centrax Ltd, UK a SMA Altenso, GmbH. Prostor v\u0161ak dost\u00e1vaj\u00ed tak\u00e9 \u010de\u0161t\u00ed experti, a to konkr\u00e9tn\u011b \u010cesk\u00fd institut informatiky, robotiky a kybernetiky, \u010cVUT, kter\u00fd pro projekt vyv\u00edj\u00ed \u0159\u00edd\u00edc\u00ed algoritmy na b\u00e1zi strojov\u00e9ho u\u010den\u00ed.<\/p>\n<p>\u201cHybridn\u00ed zdroj Energy nest d\u00edky bateriov\u00e9mu syst\u00e9mu akumulace energie (BSAE) umo\u017e\u0148uje regula\u010dn\u00ed v\u00fdkon po\u017eadovan\u00fd provozovatelem p\u0159enosov\u00e9 soustavy uvolnit okam\u017eit\u011b. Omezen\u00e1 v\u00fddr\u017e BSAE je kompenzov\u00e1na zapojen\u00edm spalovac\u00edch turb\u00edn s rychl\u00fdm startem, vysokou v\u00fdkonovou dynamikou a n\u00edzk\u00fdmi emisemi. Technick\u00e9 \u0159e\u0161en\u00ed p\u0159edstavuje kombinaci zdroj\u016f, kter\u00e9 se navz\u00e1jem synergicky dopl\u0148uj\u00ed. Koncept hybridn\u00edho zdroje byl vyvinut s c\u00edlem pos\u00edlit energetickou bezpe\u010dnost \u010cR a podpo\u0159it dekarbonizaci \u010cesk\u00e9 energetiky,\u201d p\u0159edstavuje projekt Darina Merdassi, \u010dlenka p\u0159edstavenstva E.nest Energy a.s.<\/p>\n<p>\u201cAnal\u00fdzy \u010cEPS ukazuj\u00ed, \u017ee st\u00e1vaj\u00edc\u00ed v\u00fdvoj energetiky m\u016f\u017ee v\u00e9st k dramatick\u00e9mu poklesu regula\u010dn\u00edho v\u00fdkonu pro poskytov\u00e1n\u00ed SVR. N\u00e1mi budovan\u00fd hybridn\u00ed zdroj je pr\u016fkopnick\u00fdm \u0159e\u0161en\u00edm pro zaji\u0161t\u011bn\u00ed dostate\u010dn\u00e9ho objemu SVR a t\u00edm udr\u017een\u00ed schopnosti zajistit v\u00fdkonovou rovnov\u00e1hu mezi spot\u0159ebou a v\u00fdrobou elektrick\u00e9 energie. Na\u0161e \u0159e\u0161en\u00ed je modul\u00e1rn\u00ed, \u0161k\u00e1lovateln\u00e9 a snadno replikovateln\u00e9,\u201c dod\u00e1v\u00e1 Darina Merdassi.<\/p>\n<p><strong>Energy nest \u2013 hybridn\u00ed zdroj<\/strong><\/p>\n<p>Sou\u010d\u00e1st\u00ed hybridn\u00edho zdroje bude bateriov\u00e9 \u00falo\u017ei\u0161t\u011b s v\u00fdkonem 20 megawatt\u016f a kapacitou 22 megawatt hodin a spalovac\u00ed turb\u00edny s celkov\u00fdm v\u00fdkonem 30 megawatt technicky odvozen\u00e9 od leteck\u00fdch motor\u016f, kter\u00e9 zajist\u00ed vysokou \u00farove\u0148 flexibility p\u0159i minim\u00e1ln\u00edch provozn\u00edch n\u00e1kladech. Hybridn\u00ed zdroj bude schopen poskytovat jakoukoliv kombinaci SVR, jmenovit\u011b z\u00e1lohy pro automatickou regulaci frekvence (FCR), z\u00e1lohy pro regulaci v\u00fdkonov\u00e9 rovnov\u00e1hy s automatickou aktivac\u00ed (aFRR+) nebo z\u00e1lohy pro regulaci v\u00fdkonov\u00e9 rovnov\u00e1hy s manu\u00e1ln\u00ed aktivac\u00ed (mFRR+) a\u017e do celkov\u00e9ho v\u00fdkonu 30 MW.<\/p>\n<p><strong>Energy nest \u2013 inovativn\u00ed technologick\u00e9 \u0159e\u0161en\u00ed pom\u00e1h\u00e1 napl\u0148ovat klimatick\u00e9 c\u00edle<\/strong><\/p>\n<p>Hybridn\u00ed zdroj Energy nest byl navr\u017een v souladu s koncepc\u00ed modern\u00ed energetiky a prosazuje my\u0161lenku odd\u011blen\u00ed v\u00fdroby elektrick\u00e9 energie od poskytov\u00e1n\u00ed SVR. Konven\u010dn\u00ed zdroj SVR (nap\u0159. uheln\u00e1 elektr\u00e1rna) mus\u00ed b\u00fdt p\u0159i poskytov\u00e1n\u00ed SVR trvale v provozu, oproti tomu lze Energy nest mimo aktivaci slu\u017eby udr\u017eovat v pohotovostn\u00edm re\u017eimu s minim\u00e1ln\u00ed emisn\u00ed stopou a bez neefektivn\u00edho vyu\u017eit\u00ed paliva.<\/p>\n<p>Technologick\u00e9 \u0159e\u0161en\u00ed Energy nest je navr\u017eeno tak, aby v budoucnu bylo mo\u017eno jako palivo vyu\u017e\u00edvat zelen\u00fd vod\u00edk. Koncept hybridn\u00edho zdroje tak podpo\u0159\u00ed dosa\u017een\u00ed n\u00e1rodn\u00edch c\u00edl\u016f v oblasti klimatu.<\/p>\n","protected":false},"excerpt":{"rendered":"<div class=\"mh-excerpt\"><p>DECCI zah\u00e1jila v\u00fdstavbu modern\u00edho zdroje podp\u016frn\u00fdch slu\u017eeb v\u00fdkonov\u00e9 rovnov\u00e1hy (SVR) o celkov\u00e9m v\u00fdkonu 30 megawatt\u016f s n\u00e1zvem Energy nest.<\/p>\n<\/div>","protected":false},"author":4,"featured_media":37554,"comment_status":"open","ping_status":"open","sticky":false,"template":"","format":"standard","meta":{"footnotes":""},"categories":[55,2],"tags":[],"class_list":["post-37553","post","type-post","status-publish","format-standard","has-post-thumbnail","hentry","category-alternativni-pohony","category-news"],"_links":{"self":[{"href":"https:\/\/www.automakersnews.cz\/index.php\/wp-json\/wp\/v2\/posts\/37553","targetHints":{"allow":["GET"]}}],"collection":[{"href":"https:\/\/www.automakersnews.cz\/index.php\/wp-json\/wp\/v2\/posts"}],"about":[{"href":"https:\/\/www.automakersnews.cz\/index.php\/wp-json\/wp\/v2\/types\/post"}],"author":[{"embeddable":true,"href":"https:\/\/www.automakersnews.cz\/index.php\/wp-json\/wp\/v2\/users\/4"}],"replies":[{"embeddable":true,"href":"https:\/\/www.automakersnews.cz\/index.php\/wp-json\/wp\/v2\/comments?post=37553"}],"version-history":[{"count":0,"href":"https:\/\/www.automakersnews.cz\/index.php\/wp-json\/wp\/v2\/posts\/37553\/revisions"}],"wp:featuredmedia":[{"embeddable":true,"href":"https:\/\/www.automakersnews.cz\/index.php\/wp-json\/wp\/v2\/media\/37554"}],"wp:attachment":[{"href":"https:\/\/www.automakersnews.cz\/index.php\/wp-json\/wp\/v2\/media?parent=37553"}],"wp:term":[{"taxonomy":"category","embeddable":true,"href":"https:\/\/www.automakersnews.cz\/index.php\/wp-json\/wp\/v2\/categories?post=37553"},{"taxonomy":"post_tag","embeddable":true,"href":"https:\/\/www.automakersnews.cz\/index.php\/wp-json\/wp\/v2\/tags?post=37553"}],"curies":[{"name":"wp","href":"https:\/\/api.w.org\/{rel}","templated":true}]}}