{"id":377,"date":"2022-08-21T11:10:32","date_gmt":"2022-08-21T11:10:32","guid":{"rendered":"http:\/\/www.automakersnews.cz\/?p=377"},"modified":"2022-09-18T18:21:49","modified_gmt":"2022-09-18T18:21:49","slug":"cez-spotreba-elektromobilu-rychle-stoupa","status":"publish","type":"post","link":"https:\/\/www.automakersnews.cz\/index.php\/2022\/08\/21\/cez-spotreba-elektromobilu-rychle-stoupa\/","title":{"rendered":"\u010cEZ: spot\u0159eba elektroaut rychle stoup\u00e1"},"content":{"rendered":"<h3><strong>Tis\u00edce nov\u00fdch elektromobil\u016f na \u010desk\u00fdch silnic\u00edch a des\u00edtky dal\u0161\u00edch postaven\u00fdch stanic v s\u00edti \u010cEZ &#8211; to jsou hnac\u00ed motory pro leto\u0161n\u00ed dynamick\u00fd n\u00e1r\u016fst odeb\u00edran\u00e9 zelen\u00e9 elekt\u0159iny v nejv\u011bt\u0161\u00ed dom\u00e1c\u00ed s\u00edti ve\u0159ejn\u00fdch dob\u00edjec\u00edch stojan\u016f. Ta v 1. pololet\u00ed dodala 2,1 milionu kWh, o t\u00e9m\u011b\u0159 p\u016fl milionu v\u00edce ne\u017e loni.<\/strong><!--more--><\/h3>\n<h3>Zhruba polovina ze 448 stojan\u016f vznikla d\u00edky evropsk\u00e9mu grantu Connecting Europe Facility (CEF)<br \/>\na Opera\u010dn\u00edmu programu doprava, zbytek postavil \u010cEZ z vlastn\u00edch prost\u0159edk\u016f. Hned jeden\u00e1ct nov\u00fdch stanic u plze\u0148sk\u00e9ho OC Olympia, podobn\u00e1 nab\u00eddka u\u017e brzy i v pra\u017esk\u00fdch Let\u0148anech a jako bonus postupn\u00fd upgrade o stojany s vysok\u00fdmi dob\u00edjec\u00edmi v\u00fdkony v m\u00edstech, kde je po ve\u0159ejn\u00e9m dob\u00edjen\u00ed nejv\u011bt\u0161\u00ed hlad. Stojany \u010cEZ byly i v leto\u0161n\u00edm prvn\u00edm pololet\u00ed hlavn\u00edm dodavatelem energie do bateri\u00ed elektromobil\u016f a tahounem rozvoje dob\u00edjec\u00ed infrastruktury v \u010cesk\u00e9 republice. D\u016fkazem je v\u00edce ne\u017e 32% r\u016fst objemu odebran\u00e9 zelen\u00e9 elekt\u0159iny. S\u00ed\u0165 \u010cEZ p\u0159id\u00e1v\u00e1 v posledn\u00edch letech kolem stovky nov\u00fdch stanic ro\u010dn\u011b, podobn\u00fd je i pl\u00e1n na leto\u0161n\u00ed rok. Vst\u0159\u00edc popt\u00e1vce po zkr\u00e1cen\u00ed \u010das\u016f dob\u00edjen\u00ed vych\u00e1z\u00ed \u010cEZ v\u00fdstavbou stanic o v\u00fdkonech nad 150 kW. \u0160est t\u011bchto stojan\u016f funguje u d\u00e1lnice D1.<\/h3>\n<h3><img loading=\"lazy\" decoding=\"async\" class=\"alignnone wp-image-379\" src=\"http:\/\/www.automakersnews.cz\/wp-content\/uploads\/2022\/08\/cez-small-2-300x200.jpg\" alt=\"\" width=\"1001\" height=\"667\" srcset=\"https:\/\/www.automakersnews.cz\/wp-content\/uploads\/2022\/08\/cez-small-2-300x200.jpg 300w, https:\/\/www.automakersnews.cz\/wp-content\/uploads\/2022\/08\/cez-small-2.jpg 626w\" sizes=\"auto, (max-width: 1001px) 100vw, 1001px\" \/><\/h3>\n<p>\u201eTrend je jasn\u00fd, elektromobily v \u010cesk\u00e9 republice za\u010dnou p\u0159ib\u00fdvat po des\u00edtk\u00e1ch tis\u00edc ro\u010dn\u011b a ve\u0159ejn\u00e1 dob\u00edjec\u00ed infrastruktura na to mus\u00ed b\u00fdt p\u0159ipravena. N\u00e1m se letos da\u0159\u00ed dr\u017eet rychl\u00e9 tempo v\u00fdstavby a zahu\u0161\u0165ov\u00e1n\u00ed ve\u0159ejn\u00e9 s\u00edt\u011b po cel\u00e9 zemi. V m\u00edstech s vysokou frekvenc\u00ed dopravy a popt\u00e1vkou po rychl\u00e9m dob\u00edjen\u00ed budeme pokra\u010dovat ve v\u00fdstavb\u011b stanic s v\u00fdkony nad 150 kW, a d\u00edky rychlej\u0161\u00edmu dob\u00edjen\u00ed tak \u0161et\u0159it \u010das \u0159idi\u010d\u016f. T\u011bm nav\u00edc d\u00edky certifikaci p\u016fvodu elekt\u0159iny z obnoviteln\u00fdch zdroj\u016f garantujeme odb\u011br skute\u010dn\u011b bezemisn\u00ed energie,\u201c \u0159\u00edk\u00e1 m\u00edstop\u0159edseda p\u0159edstavenstva a \u0159editel divize obchod a strategie Pavel Cyrani.<\/p>\n<p>P\u0159i vyu\u017e\u00edv\u00e1n\u00ed s\u00edt\u011b se u\u017eivatel p\u0159ed dob\u00edjen\u00edm identifikuje RFID kartou nebo pomoc\u00ed aplikace FUTUR\/E\/GO. Ta dok\u00e1\u017ee dob\u00edt elektromobil pomoc\u00ed mobiln\u00edho telefonu, vyhledat nejbli\u017e\u0161\u00ed dob\u00edjec\u00ed m\u00edsto a aktu\u00e1ln\u00ed dobu dojezdu nebo uk\u00e1zat moment\u00e1ln\u00ed obsazenost jednotliv\u00fdch stojan\u016f.<\/p>\n<p>\u010cEZ si v r\u00e1mci vize \u010cist\u00e1 Energie Z\u00edt\u0159ka vyty\u010dil do roku 2025 dosa\u017een\u00ed hranice 800 provozovan\u00fdch stojan\u016f. Letos o\u010dek\u00e1v\u00e1 v\u00fdrazn\u00e9 p\u0159ekro\u010den\u00ed 4 milion\u016f kWh odebran\u00e9 energie a \u010d\u00edsla za 1. pololet\u00ed zat\u00edm tuto progn\u00f3zu potvrzuj\u00ed. V\u00edce ne\u017e 80% s\u00edt\u011b \u010cEZ dnes tvo\u0159\u00ed rychlodob\u00edjec\u00ed stojany o v\u00fdkonu 50 kW, kter\u00e9 umo\u017e\u0148uj\u00ed nab\u00edjet v\u0161echny typy elektromobil\u016f a doplnit v\u011bt\u0161inu kapacity jejich akumul\u00e1tor\u016f v \u0159\u00e1du des\u00edtek minut. Celkov\u00fd instalovan\u00fd v\u00fdkon dob\u00edjec\u00edch bod\u016f v s\u00edti \u010cEZ \u010din\u00ed p\u0159es 27 tis\u00edc kW, co\u017e je nap\u0159. ekvivalent st\u0159edn\u011b velk\u00e9 vodn\u00ed elektr\u00e1rny z\u00e1sobuj\u00edc\u00ed bezemisn\u00ed elekt\u0159inou dom\u00e1cnosti 65tis\u00edcov\u00e9ho m\u011bsta.<\/p>\n<p><img loading=\"lazy\" decoding=\"async\" class=\"alignnone wp-image-380\" src=\"http:\/\/www.automakersnews.cz\/wp-content\/uploads\/2022\/08\/cez-small-3-200x300.jpg\" alt=\"\" width=\"982\" height=\"1473\" srcset=\"https:\/\/www.automakersnews.cz\/wp-content\/uploads\/2022\/08\/cez-small-3-200x300.jpg 200w, https:\/\/www.automakersnews.cz\/wp-content\/uploads\/2022\/08\/cez-small-3.jpg 418w\" sizes=\"auto, (max-width: 982px) 100vw, 982px\" \/><\/p>\n","protected":false},"excerpt":{"rendered":"<div class=\"mh-excerpt\"><p>Tis\u00edce nov\u00fdch elektromobil\u016f na \u010desk\u00fdch silnic\u00edch a des\u00edtky dal\u0161\u00edch postaven\u00fdch stanic v s\u00edti \u010cEZ &#8211; to jsou hnac\u00ed motory pro leto\u0161n\u00ed dynamick\u00fd n\u00e1r\u016fst odeb\u00edran\u00e9 zelen\u00e9 <a class=\"mh-excerpt-more\" href=\"https:\/\/www.automakersnews.cz\/index.php\/2022\/08\/21\/cez-spotreba-elektromobilu-rychle-stoupa\/\" title=\"\u010cEZ: spot\u0159eba elektroaut rychle stoup\u00e1\">[&#8230;]<\/a><\/p>\n<\/div>","protected":false},"author":2,"featured_media":378,"comment_status":"open","ping_status":"open","sticky":false,"template":"","format":"standard","meta":{"footnotes":""},"categories":[22,8],"tags":[],"class_list":["post-377","post","type-post","status-publish","format-standard","has-post-thumbnail","hentry","category-elektromobily","category-statistika"],"_links":{"self":[{"href":"https:\/\/www.automakersnews.cz\/index.php\/wp-json\/wp\/v2\/posts\/377","targetHints":{"allow":["GET"]}}],"collection":[{"href":"https:\/\/www.automakersnews.cz\/index.php\/wp-json\/wp\/v2\/posts"}],"about":[{"href":"https:\/\/www.automakersnews.cz\/index.php\/wp-json\/wp\/v2\/types\/post"}],"author":[{"embeddable":true,"href":"https:\/\/www.automakersnews.cz\/index.php\/wp-json\/wp\/v2\/users\/2"}],"replies":[{"embeddable":true,"href":"https:\/\/www.automakersnews.cz\/index.php\/wp-json\/wp\/v2\/comments?post=377"}],"version-history":[{"count":0,"href":"https:\/\/www.automakersnews.cz\/index.php\/wp-json\/wp\/v2\/posts\/377\/revisions"}],"wp:featuredmedia":[{"embeddable":true,"href":"https:\/\/www.automakersnews.cz\/index.php\/wp-json\/wp\/v2\/media\/378"}],"wp:attachment":[{"href":"https:\/\/www.automakersnews.cz\/index.php\/wp-json\/wp\/v2\/media?parent=377"}],"wp:term":[{"taxonomy":"category","embeddable":true,"href":"https:\/\/www.automakersnews.cz\/index.php\/wp-json\/wp\/v2\/categories?post=377"},{"taxonomy":"post_tag","embeddable":true,"href":"https:\/\/www.automakersnews.cz\/index.php\/wp-json\/wp\/v2\/tags?post=377"}],"curies":[{"name":"wp","href":"https:\/\/api.w.org\/{rel}","templated":true}]}}