{"id":37877,"date":"2023-04-11T06:42:47","date_gmt":"2023-04-11T06:42:47","guid":{"rendered":"https:\/\/www.automakersnews.cz\/?p=37877"},"modified":"2023-04-11T06:42:47","modified_gmt":"2023-04-11T06:42:47","slug":"evobus-hleda-personalniho-manazera","status":"publish","type":"post","link":"https:\/\/www.automakersnews.cz\/index.php\/2023\/04\/11\/evobus-hleda-personalniho-manazera\/","title":{"rendered":"EvoBus hled\u00e1 person\u00e1ln\u00edho mana\u017eera"},"content":{"rendered":"<p><strong>EvoBus \u010cesk\u00e1 republika, odpov\u011bdn\u00fd za prodej a servis autobus\u016f Mercedes-Benz a Setra v \u010cR, za\u010dal hledat mana\u017eera pro person\u00e1ln\u00ed odd\u011blen\u00ed. Co firma po\u017eaduje a jak\u00fd job nab\u00edz\u00ed?<\/strong><!--more--><\/p>\n<p>RvoBus spole\u010dn\u011b se Servisn\u00edm st\u0159ediskem v Praze provozuje v\u00fdrobn\u00ed z\u00e1vod v Hol\u00fd\u0161ov\u011b na Plze\u0148sku, kde vyr\u00e1b\u00ed segmenty a komponenty karoserie pro autobusy Mercedes-Benz a Setra.<\/p>\n<p>Firma p\u016fsob\u00ed na \u010desk\u00e9m trhu od roku 1998 a je sou\u010d\u00e1st\u00ed koncernu Daimler Truck AG. V\u00fdroba autobus\u016f je v r\u00e1mci koncernu Daimler Truck AG celosv\u011btov\u011b za\u010dlen\u011bna do divize Daimler Buses.<\/p>\n<p>V Servisn\u00edm centru v Praze je soust\u0159ed\u011bn prodej nov\u00fdch a pou\u017eit\u00fdch autobus\u016f Mercedes-Benz a Setra a dal\u0161\u00ed poprodejn\u00ed slu\u017eby. Servisn\u00ed st\u0159edisko se specializuje pouze na servisn\u00ed slu\u017eby pro autobusy a prodej n\u00e1hradn\u00edch d\u00edl\u016f.<\/p>\n<p><strong>Specifikace pozice a po\u017eadavky Daimler Buses\/Evobus \u010cR:\u00a0<\/strong><\/p>\n<p><strong>Administrativn\u00ed podpora pro HR odd\u011blen\u00ed<\/strong><\/p>\n<ul>\n<li>P\u0159\u00edprava a kontrola podklad\u016f pro zpracov\u00e1n\u00ed mezd a pracovn\u011bpr\u00e1vn\u00edch dokument\u016f<\/li>\n<li>Zakl\u00e1d\u00e1n\u00ed a scanov\u00e1n\u00ed t\u011bchto dokument\u016f<\/li>\n<li>Pr\u00e1ce v programech Cominfo, SAP<\/li>\n<li>Archivace a skartace dokument\u016f<\/li>\n<li>Projekt digitalizace<\/li>\n<\/ul>\n<p><strong>Kvalifikace<\/strong><\/p>\n<ul>\n<li>V\u00fdborn\u00e1 znalost MS Office<\/li>\n<li>Z\u00e1kladn\u00ed znalost Z\u00e1kon\u00edku pr\u00e1ce<\/li>\n<li>Zodpov\u011bdnost, spolehlivost, komunikativnost, \u010dasov\u00e1 flexibilita a b\u00fdt t\u00fdmov\u00fd hr\u00e1\u010d<\/li>\n<li>Znalost Aj nebo Nj v\u00fdhodou<\/li>\n<li>\u0158idi\u010dsk\u00fd pr\u016fkaz skupiny B<\/li>\n<\/ul>\n<p>Zdroj: Linked in<\/p>\n<p><a href=\"https:\/\/www.linkedin.com\/jobs\/view\/3533271036\/?trackingId=GmC%2B2XvlRliSDqxvzJYO9A%3D%3D&amp;refId=sq5Ta6s4S96DtngCHLwRkA%3D%3D&amp;midToken=AQHdqjh_Zpovow&amp;midSig=3pTt0obQfhwGI1&amp;trk=eml-jobs_jymbii_digest-job_card-0-jobcard_body&amp;trkEmail=eml-jobs_jymbii_digest-job_card-0-jobcard_body-null-65ndjv~lg9cts1k~8a-null-null&amp;eid=65ndjv-lg9cts1k-8a\">(45) Spr\u00e1vce pro lidsk\u00e9 zdroje | Daimler Buses l EvoBus \u010cesk\u00e1 republika | LinkedIn<\/a><\/p>\n","protected":false},"excerpt":{"rendered":"<div class=\"mh-excerpt\"><p>EvoBus \u010cesk\u00e1 republika, odpov\u011bdn\u00fd za prodej a servis autobus\u016f Mercedes-Benz a Setra v \u010cR, za\u010dal hledat mana\u017eera pro person\u00e1ln\u00ed odd\u011blen\u00ed. Co firma po\u017eaduje a jak\u00fd <a class=\"mh-excerpt-more\" href=\"https:\/\/www.automakersnews.cz\/index.php\/2023\/04\/11\/evobus-hleda-personalniho-manazera\/\" title=\"EvoBus hled\u00e1 person\u00e1ln\u00edho mana\u017eera\">[&#8230;]<\/a><\/p>\n<\/div>","protected":false},"author":1,"featured_media":37878,"comment_status":"open","ping_status":"open","sticky":false,"template":"","format":"standard","meta":{"footnotes":""},"categories":[52,3],"tags":[],"class_list":["post-37877","post","type-post","status-publish","format-standard","has-post-thumbnail","hentry","category-kariera","category-personalie"],"_links":{"self":[{"href":"https:\/\/www.automakersnews.cz\/index.php\/wp-json\/wp\/v2\/posts\/37877","targetHints":{"allow":["GET"]}}],"collection":[{"href":"https:\/\/www.automakersnews.cz\/index.php\/wp-json\/wp\/v2\/posts"}],"about":[{"href":"https:\/\/www.automakersnews.cz\/index.php\/wp-json\/wp\/v2\/types\/post"}],"author":[{"embeddable":true,"href":"https:\/\/www.automakersnews.cz\/index.php\/wp-json\/wp\/v2\/users\/1"}],"replies":[{"embeddable":true,"href":"https:\/\/www.automakersnews.cz\/index.php\/wp-json\/wp\/v2\/comments?post=37877"}],"version-history":[{"count":0,"href":"https:\/\/www.automakersnews.cz\/index.php\/wp-json\/wp\/v2\/posts\/37877\/revisions"}],"wp:featuredmedia":[{"embeddable":true,"href":"https:\/\/www.automakersnews.cz\/index.php\/wp-json\/wp\/v2\/media\/37878"}],"wp:attachment":[{"href":"https:\/\/www.automakersnews.cz\/index.php\/wp-json\/wp\/v2\/media?parent=37877"}],"wp:term":[{"taxonomy":"category","embeddable":true,"href":"https:\/\/www.automakersnews.cz\/index.php\/wp-json\/wp\/v2\/categories?post=37877"},{"taxonomy":"post_tag","embeddable":true,"href":"https:\/\/www.automakersnews.cz\/index.php\/wp-json\/wp\/v2\/tags?post=37877"}],"curies":[{"name":"wp","href":"https:\/\/api.w.org\/{rel}","templated":true}]}}