{"id":38219,"date":"2023-04-12T06:13:09","date_gmt":"2023-04-12T06:13:09","guid":{"rendered":"https:\/\/www.automakersnews.cz\/?p=38219"},"modified":"2023-04-12T06:14:11","modified_gmt":"2023-04-12T06:14:11","slug":"hecht-homologuje-elektricke-ctyrkolky","status":"publish","type":"post","link":"https:\/\/www.automakersnews.cz\/index.php\/2023\/04\/12\/hecht-homologuje-elektricke-ctyrkolky\/","title":{"rendered":"Hecht homologuje elektrick\u00e9 \u010dty\u0159kolky"},"content":{"rendered":"<div><strong>Nov\u00e9 akumul\u00e1torov\u00e9 \u010dty\u0159kolky Hecht maj\u00ed\u00a0homologac\u00ed pro provoz na pozemn\u00edch komunikac\u00edch a lze je registrovat jako b\u011b\u017en\u00e9 vozidlo s pat\u0159i\u010dn\u00fdm technick\u00fdm pr\u016fkazem, registra\u010dn\u00ed zna\u010dkou a povinn\u00fdm ru\u010den\u00edm a provozovat je tak i na silnici. <\/strong><\/div>\n<p><!--more--><\/p>\n<div>\u010cty\u0159kolka se d\u00edky tomu m\u016f\u017ee st\u00e1t \u00fasporn\u00fdm a ekologick\u00fdm dopravn\u00edm prost\u0159edkem do zam\u011bstn\u00e1n\u00ed nebo poslou\u017e\u00ed p\u0159i cest\u011b na n\u00e1kup, na v\u00fdlet apod., sejn\u011b dob\u0159e v\u0161ak poslou\u017e\u00ed i p\u0159i pr\u00e1ci v zahrad\u011b.<\/div>\n<div><\/div>\n<div>Jsou vybaveny bezkl\u00ed\u010dkovou sp\u00ednac\u00ed sk\u0159\u00ed\u0148kou. Nam\u00edsto kl\u00ed\u010dku slou\u017e\u00ed d\u00e1lkov\u00fd ovlada\u010d, v jeho\u017e p\u0159\u00edtomnosti se \u010dty\u0159kolka aktivuje. Bez n\u011bho elektronika nesepne. Ovlada\u010dem se z\u00e1rove\u0148 aktivuje nebo deaktivuje alarm.<\/div>\n<div><\/div>\n<div>Pro p\u0159epravu men\u0161\u00edho n\u00e1kladu nebo n\u00e1kupu lze pou\u017e\u00edt p\u0159edn\u00ed a zadn\u00ed nosi\u010d, stroj je vybaven i ta\u017en\u00fdm za\u0159\u00edzen\u00edm (koul\u00ed) pro ta\u017een\u00ed p\u0159\u00edv\u011bsn\u00fdch voz\u00edk\u016f. Na propracovan\u00fdch hlin\u00edkov\u00fdch r\u00e1fc\u00edch jsou osazeny velk\u00e9 pneumatiky s hrub\u00fdm dez\u00e9nem zaji\u0161\u0165uj\u00edc\u00edm dokonalou trakci i v ter\u00e9nu. Na \u0159\u00edd\u00edtk\u00e1ch je upevn\u011bn digit\u00e1ln\u00ed tachometr.<\/div>\n<div><\/div>\n<div>Drav\u00fdm vzhledem i akcelerac\u00ed se stroj p\u0159ibli\u017euje \u201edosp\u011bl\u00fdm&#8220; \u010dty\u0159kolk\u00e1m se spalovac\u00edm motorem. Z\u00e1sadn\u00ed v\u00fdhodou je v\u0161ak naprosto tich\u00fd provoz bez emis\u00ed. Provozovat je tedy lze i v m\u00edstech, kde by hluk nebo z\u00e1pach zplodin mohl okol\u00ed obt\u011b\u017eovat.<\/div>\n<div><\/div>\n<div>Podle aktu\u00e1ln\u00edho stavu akumul\u00e1toru je doba nab\u00edjen\u00ed 8 &#8211; 15 hodin. Vypo\u010d\u00edtan\u00fd dojezd na jedno nabit\u00ed je 70 km. Maxim\u00e1ln\u00ed rychlost je 45 km\/h.<\/div>\n<div><\/div>\n<div>K dost\u00e1n\u00ed jsou za 89 990 K\u010d.<\/div>\n","protected":false},"excerpt":{"rendered":"<div class=\"mh-excerpt\"><p>Nov\u00e9 akumul\u00e1torov\u00e9 \u010dty\u0159kolky Hecht maj\u00ed\u00a0homologac\u00ed pro provoz na pozemn\u00edch komunikac\u00edch a lze je registrovat jako b\u011b\u017en\u00e9 vozidlo s pat\u0159i\u010dn\u00fdm technick\u00fdm pr\u016fkazem, registra\u010dn\u00ed zna\u010dkou a povinn\u00fdm <a class=\"mh-excerpt-more\" href=\"https:\/\/www.automakersnews.cz\/index.php\/2023\/04\/12\/hecht-homologuje-elektricke-ctyrkolky\/\" title=\"Hecht homologuje elektrick\u00e9 \u010dty\u0159kolky\">[&#8230;]<\/a><\/p>\n<\/div>","protected":false},"author":1,"featured_media":38220,"comment_status":"open","ping_status":"open","sticky":false,"template":"","format":"standard","meta":{"footnotes":""},"categories":[44,22],"tags":[],"class_list":["post-38219","post","type-post","status-publish","format-standard","has-post-thumbnail","hentry","category-ceny-novinek","category-elektromobily"],"_links":{"self":[{"href":"https:\/\/www.automakersnews.cz\/index.php\/wp-json\/wp\/v2\/posts\/38219","targetHints":{"allow":["GET"]}}],"collection":[{"href":"https:\/\/www.automakersnews.cz\/index.php\/wp-json\/wp\/v2\/posts"}],"about":[{"href":"https:\/\/www.automakersnews.cz\/index.php\/wp-json\/wp\/v2\/types\/post"}],"author":[{"embeddable":true,"href":"https:\/\/www.automakersnews.cz\/index.php\/wp-json\/wp\/v2\/users\/1"}],"replies":[{"embeddable":true,"href":"https:\/\/www.automakersnews.cz\/index.php\/wp-json\/wp\/v2\/comments?post=38219"}],"version-history":[{"count":0,"href":"https:\/\/www.automakersnews.cz\/index.php\/wp-json\/wp\/v2\/posts\/38219\/revisions"}],"wp:featuredmedia":[{"embeddable":true,"href":"https:\/\/www.automakersnews.cz\/index.php\/wp-json\/wp\/v2\/media\/38220"}],"wp:attachment":[{"href":"https:\/\/www.automakersnews.cz\/index.php\/wp-json\/wp\/v2\/media?parent=38219"}],"wp:term":[{"taxonomy":"category","embeddable":true,"href":"https:\/\/www.automakersnews.cz\/index.php\/wp-json\/wp\/v2\/categories?post=38219"},{"taxonomy":"post_tag","embeddable":true,"href":"https:\/\/www.automakersnews.cz\/index.php\/wp-json\/wp\/v2\/tags?post=38219"}],"curies":[{"name":"wp","href":"https:\/\/api.w.org\/{rel}","templated":true}]}}