{"id":38226,"date":"2023-04-18T06:49:57","date_gmt":"2023-04-18T06:49:57","guid":{"rendered":"https:\/\/www.automakersnews.cz\/?p=38226"},"modified":"2023-04-18T07:59:53","modified_gmt":"2023-04-18T07:59:53","slug":"volkswagen-hleda-sales-manazera","status":"publish","type":"post","link":"https:\/\/www.automakersnews.cz\/index.php\/2023\/04\/18\/volkswagen-hleda-sales-manazera\/","title":{"rendered":"Porsche \u010cR hled\u00e1 sales mana\u017eera"},"content":{"rendered":"<p><strong>Nov\u00fd \u0161\u00e9f divize Volkswagen osobn\u00ed vozy v Porsche \u010cR Jakub \u0160ebesta vypsal v\u00fdb\u011brov\u00e9 \u0159\u00edzen\u00ed na pozici Corporate Sales Manager. Co po\u017eaduje a jak\u00e9 benefity slibuje?<\/strong><!--more--><\/p>\n<p>&#8222;U nejv\u011bt\u0161\u00edho automobilov\u00e9ho import\u00e9ra v \u010cR r\u00e1di p\u0159iv\u00edt\u00e1me ambici\u00f3zn\u00edho, solidn\u00edho a nad\u0161en\u00e9ho prodejce, kter\u00fd zapadne do nejlep\u0161\u00edho t\u00fdmu v bran\u017ei a kter\u00fd se chce pod\u00edlet na \u00fasp\u011bchu sv\u011btov\u00e9 zna\u010dky,&#8220; l\u00e1k\u00e1 z\u00e1jemce\u00a0 Jakub \u0160ebesta.<\/p>\n<section class=\"cp-detail__header\">\n<div class=\"cp-detail__header-title\">\n<h1>CORPORATE SALES MANAGER &#8211; VOLKSWAGEN OSOBN\u00cd VOZY<\/h1>\n<\/div>\n<\/section>\n<section class=\"cp-detail__content\"><strong>C\u00cdLEM JE:<\/strong><\/p>\n<ul>\n<li>Samostatn\u00e9 a komplexn\u00ed veden\u00ed obchodn\u00edch p\u0159\u00edpad\u016f v oblasti prodeje firemn\u00edm z\u00e1kazn\u00edk\u016fm a ostatn\u00edm skupin\u00e1m odb\u011bratel\u016f<\/li>\n<li>Profesion\u00e1ln\u00ed p\u00e9\u010de o nejv\u011bt\u0161\u00ed firemn\u00ed klienty<\/li>\n<li>Komunikace a vyjedn\u00e1v\u00e1n\u00ed s v\u00fdrobn\u00edm z\u00e1vodem<\/li>\n<li>Profesion\u00e1ln\u00ed p\u00e9\u010de a podpora dealersk\u00e9 s\u00edt\u011b Volkswagen<\/li>\n<li>Aktivn\u00ed \u0159\u00edzen\u00ed prodeje, akvizice a vyhled\u00e1v\u00e1n\u00ed obchodn\u00edch p\u0159\u00edle\u017eitost\u00ed<\/li>\n<li>Schvalov\u00e1n\u00ed obchodn\u00edch p\u0159\u00edpad\u016f a odpov\u011bdnost za rozpo\u010det<\/li>\n<li>Pravideln\u00fd reporting<\/li>\n<\/ul>\n<p><strong>IDE\u00c1LN\u00cd KONFIGURACE KANDID\u00c1TA:<\/strong><\/p>\n<ul>\n<li>Praxe a zku\u0161enosti v oblasti automotive nejm\u00e9n\u011b 3 roky<\/li>\n<li>Osobnost s jednozna\u010dnou orientac\u00ed na v\u00fdsledek a kvalitu<\/li>\n<li>Zodpov\u011bdnost, pe\u010dlivost, strategick\u00fd a koncep\u010dn\u00ed styl pr\u00e1ce<\/li>\n<li>Velmi dobr\u00e9 organiza\u010dn\u00ed a komunika\u010dn\u00ed dovednosti, t\u00fdmov\u00fd duch<\/li>\n<li>Reprezentativn\u00ed jedn\u00e1n\u00ed a vystupov\u00e1n\u00ed<\/li>\n<li>Vysok\u00e9 pracovn\u00ed nasazen\u00ed, ambice a loajalita<\/li>\n<li>Aktivn\u00ed znalost AJ nebo NJ<\/li>\n<li>\u0158P sk. B<\/li>\n<\/ul>\n<p><strong>NADSTANDARDN\u00cd V\u00ddBAVA PRO KOMFORT Z J\u00cdZDY:<\/strong><\/p>\n<ul>\n<li>Pr\u00e1ce v atraktivn\u00edm automotive prost\u0159ed\u00ed ve velmi p\u0159\u00e1telsk\u00e9m kolektivu, kter\u00fd se r\u00e1d sejde i mimo pr\u00e1ci<\/li>\n<li>Podpo\u0159\u00edme V\u00e1\u0161 osobn\u00ed rozvoj a r\u016fst v\u010detn\u011b pravideln\u00fdch jazykov\u00fdch kurz\u016f (AJ\/NJ)<\/li>\n<li>Nab\u00edz\u00edme 5 t\u00fddn\u016f dovolen\u00e9 a 2 Sick Days, mo\u017enost \u010d\u00e1ste\u010dn\u00e9 pr\u00e1ce z domova<\/li>\n<li>Hled\u00edme si zdrav\u00ed na\u0161ich zam\u011bstnanc\u016f, proto m\u016f\u017eete vyu\u017e\u00edvat l\u00e9ka\u0159skou p\u00e9\u010di po cel\u00fd rok, zv\u00fdhodn\u011bnou Multisport kartu, o\u010dkov\u00e1n\u00ed proti ch\u0159ipce, online terapie apod.<\/li>\n<li>Obl\u00edb\u00edte si i na\u0161\u00ed OMV kartu na zv\u00fdhodn\u011bn\u00e9 tankov\u00e1n\u00ed a testov\u00e1n\u00ed voz\u016f na\u0161ich zna\u010dek<\/li>\n<li>Mezi dal\u0161\u00ed benefity pat\u0159\u00ed p\u0159\u00edsp\u011bvek na penzijn\u00ed p\u0159ipoji\u0161t\u011bn\u00ed, stravenkov\u00fd pau\u0161\u00e1l, zam\u011bstnaneck\u00e1 p\u016fj\u010dka, odm\u011bna k pracovn\u00edmu v\u00fdro\u010d\u00ed a dal\u0161\u00ed.<\/li>\n<li>Slu\u017eebn\u00ed auto i pro soukrom\u00e9 \u00fa\u010dely<\/li>\n<\/ul>\n<\/section>\n<section class=\"cp-detail__info\">\n<h2>Informace o pozici<\/h2>\n<div class=\"cp-info\">\n<div class=\"cp-info__content\">\n<div class=\"cp-info__item cp-info__item--employment-type\">Typ \u00favazku Pr\u00e1ce na pln\u00fd \u00favazek<\/div>\n<div class=\"cp-info__item cp-info__item--contract-type\">Typ smluvn\u00edho vztahu pracovn\u00ed smlouva<\/div>\n<div class=\"cp-info__item cp-info__item--employment-duration\">D\u00e9lka pracovn\u00edho pom\u011bru Na dobu ur\u010ditou<\/div>\n<div><\/div>\n<div class=\"cp-info__item cp-info__item--benefits\">Benefity13. plat, Auto i pro soukrom\u00e9 \u00fa\u010dely, Bonusy\/pr\u00e9mie, Dovolen\u00e1 5 t\u00fddn\u016f, Firemn\u00ed akce, Flexibiln\u00ed za\u010d\u00e1tek\/konec pracovn\u00ed doby, Mobiln\u00ed telefon, Mo\u017enost ob\u010dasn\u00e9 pr\u00e1ce z domova, Nadstandardn\u00ed l\u00e9ka\u0159sk\u00e1 p\u00e9\u010de, Notebook, P\u0159\u00edsp\u011bvek na penzijn\u00ed\/\u017eivotn\u00ed p\u0159ipoji\u0161t\u011bn\u00ed, P\u0159\u00edsp\u011bvek na sport\/kulturu\/voln\u00fd \u010das, Sleva na firemn\u00ed v\u00fdrobky\/slu\u017eby, Stravenky\/p\u0159\u00edsp\u011bvek na stravov\u00e1n\u00ed, Vzd\u011bl\u00e1vac\u00ed kurzy, \u0161kolen\u00ed, Zdravotn\u00ed volno\/sickdays, Zv\u00fdhodn\u011bn\u00e9 p\u016fj\u010dky zam\u011bstnanc\u016fm<\/div>\n<div><\/div>\n<div class=\"cp-info__item cp-info__item--education\">Po\u017eadovan\u00e9 vzd\u011bl\u00e1n\u00ed St\u0159edo\u0161kolsk\u00e9 nebo odborn\u00e9 vyu\u010den\u00ed s maturitou<\/div>\n<div class=\"cp-info__item cp-info__item--language\">Po\u017eadovan\u00e9 jazyky Angli\u010dtina (St\u0159edn\u011b pokro\u010dil\u00e1) nebo N\u011bm\u010dina (St\u0159edn\u011b pokro\u010dil\u00e1)<\/div>\n<div><\/div>\n<div class=\"cp-info__item cp-info__item--location\">\n<p>M\u00edsto pracovi\u0161t\u011b<\/p>\n<div class=\"cp-info__item-link\">Radlick\u00e1 740\/113d, 15800, Praha &#8211; Jinonice, Hlavn\u00ed m\u011bsto Praha, \u010cesk\u00e1 republika<\/div>\n<\/div>\n<div><\/div>\n<div><strong>Zdroj: Porsche \u010cR<\/strong><\/div>\n<\/div>\n<\/div>\n<\/section>\n","protected":false},"excerpt":{"rendered":"<div class=\"mh-excerpt\"><p>Nov\u00fd \u0161\u00e9f divize Volkswagen osobn\u00ed vozy v Porsche \u010cR Jakub \u0160ebesta vypsal v\u00fdb\u011brov\u00e9 \u0159\u00edzen\u00ed na pozici Corporate Sales Manager. Co po\u017eaduje a jak\u00e9 benefity slibuje?<\/p>\n<\/div>","protected":false},"author":1,"featured_media":8852,"comment_status":"open","ping_status":"open","sticky":false,"template":"","format":"standard","meta":{"footnotes":""},"categories":[52,3],"tags":[],"class_list":["post-38226","post","type-post","status-publish","format-standard","has-post-thumbnail","hentry","category-kariera","category-personalie"],"_links":{"self":[{"href":"https:\/\/www.automakersnews.cz\/index.php\/wp-json\/wp\/v2\/posts\/38226","targetHints":{"allow":["GET"]}}],"collection":[{"href":"https:\/\/www.automakersnews.cz\/index.php\/wp-json\/wp\/v2\/posts"}],"about":[{"href":"https:\/\/www.automakersnews.cz\/index.php\/wp-json\/wp\/v2\/types\/post"}],"author":[{"embeddable":true,"href":"https:\/\/www.automakersnews.cz\/index.php\/wp-json\/wp\/v2\/users\/1"}],"replies":[{"embeddable":true,"href":"https:\/\/www.automakersnews.cz\/index.php\/wp-json\/wp\/v2\/comments?post=38226"}],"version-history":[{"count":0,"href":"https:\/\/www.automakersnews.cz\/index.php\/wp-json\/wp\/v2\/posts\/38226\/revisions"}],"wp:featuredmedia":[{"embeddable":true,"href":"https:\/\/www.automakersnews.cz\/index.php\/wp-json\/wp\/v2\/media\/8852"}],"wp:attachment":[{"href":"https:\/\/www.automakersnews.cz\/index.php\/wp-json\/wp\/v2\/media?parent=38226"}],"wp:term":[{"taxonomy":"category","embeddable":true,"href":"https:\/\/www.automakersnews.cz\/index.php\/wp-json\/wp\/v2\/categories?post=38226"},{"taxonomy":"post_tag","embeddable":true,"href":"https:\/\/www.automakersnews.cz\/index.php\/wp-json\/wp\/v2\/tags?post=38226"}],"curies":[{"name":"wp","href":"https:\/\/api.w.org\/{rel}","templated":true}]}}