{"id":38315,"date":"2023-04-13T05:06:09","date_gmt":"2023-04-13T05:06:09","guid":{"rendered":"https:\/\/www.automakersnews.cz\/?p=38315"},"modified":"2023-04-13T05:06:35","modified_gmt":"2023-04-13T05:06:35","slug":"kion-bude-recyklovat-baterie-u-magdeburgu","status":"publish","type":"post","link":"https:\/\/www.automakersnews.cz\/index.php\/2023\/04\/13\/kion-bude-recyklovat-baterie-u-magdeburgu\/","title":{"rendered":"KION bude recyklovat baterie u Magdeburku"},"content":{"rendered":"<p><strong>KION Group uzav\u0159ela strategick\u00e9 partnerstv\u00ed s Li-Cycle Holdings Corp. (\u201eLi-Cycle\u201c). Ob\u011b spole\u010dnosti slavnostn\u011b podepsaly smlouvu v centr\u00e1le KION GROUP AG ve Frankfurtu a stvrdily tak fin\u00e1ln\u00ed dohodu o partnerstv\u00ed, kter\u00e1 bude platit a\u017e do roku 2030. <\/strong><!--more--><\/p>\n<p>Ekologick\u00e1 recyklace lithium-iontov\u00fdch bateri\u00ed bude zah\u00e1jena ji\u017e ve druh\u00e9 polovin\u011b leto\u0161n\u00edho roku. Zna\u010dky KION Group pou\u017e\u00edvaj\u00ed baterie tohoto druhu pro sv\u00e9 elektrick\u00e9 pr\u016fmyslov\u00e9 voz\u00edky a pro automatizovan\u00e1 \u0159e\u0161en\u00ed skladov\u00e9 logistiky. Nov\u00e9 partnerstv\u00ed KION Group zaji\u0161\u0165uje obnovitelnost nejd\u016fle\u017eit\u011bj\u0161\u00edch materi\u00e1l\u016f z dodan\u00fdch bateri\u00ed. Recyklace bude zpo\u010d\u00e1tku prob\u00edhat v nov\u00e9m z\u00e1vod\u011b Li-Cycle pro recyklaci u Magdeburgu s roz\u0161i\u0159ov\u00e1n\u00edm do dal\u0161\u00edch zem\u00ed, v\u010detn\u011b Francie.<\/p>\n<p>\u201eToto strategick\u00e9 partnerstv\u00ed znamen\u00e1 d\u016fle\u017eit\u00fd krok sm\u011brem k cirkul\u00e1rn\u00ed ekonomice, kterou pro na\u0161e produkty chceme implementovat,\u201c \u0159ekl Henry Puhl, technologick\u00fd \u0159editel KION GROUP AG p\u0159i podpisu smlouvy a dodal: &#8222;Spolupr\u00e1ce s Li-Cycle je\u0161t\u011b d\u00e1le posiluje na\u0161i pozici v oblasti udr\u017eitelnosti.&#8220;<\/p>\n<p>Andreas Krinninger, \u010dlen v\u00fdkonn\u00e9 rady KION GROUP AG, zodpov\u011bdn\u00fd za segment Industrial Trucks &amp; Services, shrnuje v\u00fdhody \u0159e\u0161en\u00ed: \u201eUdr\u017eiteln\u00fd proces Spoke &amp; Hub spole\u010dnosti Li-Cycle umo\u017e\u0148uje regeneraci a\u017e 95 procent hmotnosti lithium-iontov\u00fdch baterii. D\u016fle\u017eit\u00e9 zp\u011btn\u011b z\u00edskan\u00e9 miner\u00e1ly budou d\u00e1le vyu\u017eity k v\u00fdrob\u011b nov\u00fdch bateri\u00ed. T\u00edm se st\u00e1v\u00e1me jedn\u00edm z pr\u016fkopn\u00edk\u016f v oboru manipulace s materi\u00e1lem v oblasti obnovy a recyklace modern\u00edch lithium-iontov\u00fdch bateri\u00ed.\u201c<\/p>\n<p>\u201eT\u011b\u0161\u00ed n\u00e1s, \u017ee m\u016f\u017eeme spolupracovat s KION Group, osv\u011bd\u010den\u00fdm l\u00eddrem v oboru elektrifikace \u0159e\u0161en\u00ed pr\u016fmyslov\u00fdch voz\u00edk\u016f a tak\u00e9 jedn\u00edm z p\u0159edn\u00edch sv\u011btov\u00fdch dodavatel\u016f v oblasti technologie a automatizace sklad\u016f,\u201c \u0159ekl p\u0159i podpisu Tim Johnston, spoluzakladatel a v\u00fdkonn\u00fd p\u0159edseda spole\u010dnosti Li-Cyklus a d\u00e1le uvedl: \u201eJsme r\u00e1di, \u017ee Li-Cycle byl vybr\u00e1n jako preferovan\u00fd partner pro glob\u00e1ln\u00ed recyklaci pro KION Group. Na\u0161e spole\u010dnost neust\u00e1le roste a diverzifikuje z\u00e1kaznick\u00e9 portfolio, chceme tak\u00e9 d\u00e1le posouvat na\u0161e pl\u00e1ny expanze v Evrop\u011b, kde pom\u00e1h\u00e1me \u0159\u00eddit udr\u017eiteln\u00fd a lokalizovan\u00fd ekosyst\u00e9m bateri\u00ed. Li-Cycle podpo\u0159\u00ed pot\u0159eby recyklace v KION Group a tak\u00e9 jej\u00ed \u00fasil\u00ed o slad\u011bn\u00ed se s p\u0159edpisy EU o bateri\u00edch. Spole\u010dn\u011b vybudujeme cirkul\u00e1rn\u00ed dodavatelsk\u00fd \u0159et\u011bzec pro baterie a budeme d\u00e1le podporovat p\u0159echod na \u010distou energii.\u201c<\/p>\n<p><img loading=\"lazy\" decoding=\"async\" class=\" wp-image-38321\" src=\"http:\/\/www.automakersnews.cz\/wp-content\/uploads\/2023\/04\/1593073-300x232.jpg\" alt=\"\" width=\"928\" height=\"718\" srcset=\"https:\/\/www.automakersnews.cz\/wp-content\/uploads\/2023\/04\/1593073-300x232.jpg 300w, https:\/\/www.automakersnews.cz\/wp-content\/uploads\/2023\/04\/1593073.jpg 582w\" sizes=\"auto, (max-width: 928px) 100vw, 928px\" \/><\/p>\n<p><strong>Proces recyklace \u0161etrn\u00fd k \u017eivotn\u00edmu prost\u0159ed\u00ed<\/strong><\/p>\n<p>Obchodn\u00ed model spole\u010dnosti Li-Cycle Spoke &amp; Hub je p\u0159i procesu obnovy zdroj\u016f zalo\u017een na inovativn\u00ed a udr\u017eiteln\u00e9 dvoustup\u0148ov\u00e9 recyklaci lithium-iontov\u00fdch bateri\u00ed.<\/p>\n<p>Prvn\u00ed krok procesu prob\u00edh\u00e1 v za\u0159\u00edzen\u00edch Spoke, kter\u00e1 vyu\u017e\u00edvaj\u00ed patentovan\u00e1 \u0159e\u0161en\u00ed Li-Cycle. Jedn\u00e1 se o udr\u017eitelnou technologii pono\u0159en\u00e9ho drcen\u00ed. Proces produkuje \u201e\u010dernou hmotu\u201c, meziprodukt, kter\u00fd obsahuje kl\u00ed\u010dov\u00e9 cenn\u00e9 kovy. V za\u0159\u00edzen\u00edch Li-Cyklus se nepou\u017e\u00edvaj\u00ed metody recyklace s vysok\u00fdmi teplotami, a proto maj\u00ed za\u0159\u00edzen\u00ed Spok pouze minim\u00e1ln\u00ed ekologickou stopu.<\/p>\n<p>Ve druh\u00e9m kroku se vyu\u017e\u00edv\u00e1 hydrometalurgick\u00e9ho procesu, kter\u00fd z \u201e\u010dern\u00e9 hmoty\u201c produkuje materi\u00e1ly pro baterie, jako je uhli\u010ditan lithn\u00fd, s\u00edran kobaltnat\u00fd a s\u00edran nikelnat\u00fd. Proces Li-Cycle produkuje minim\u00e1ln\u00ed pevn\u00fd odpad, \u017e\u00e1dnou odpadn\u00ed vodu a pouze n\u00edzk\u00e9 emise do ovzdu\u0161\u00ed.<\/p>\n<p>Li-Cycle v sou\u010dasn\u00e9 dob\u011b provozuje \u010dty\u0159i za\u0159\u00edzen\u00ed um\u00edst\u011bn\u00e1 v Kanad\u011b a USA, kter\u00e1 maj\u00ed dohromady kapacitu v\u00edce ne\u017e 50 000 tun materi\u00e1lu lithium-iontov\u00fdch bateri\u00ed ro\u010dn\u011b. Spole\u010dnost tak\u00e9 stav\u00ed Spokes za\u0159\u00edzen\u00ed v N\u011bmecku, v Norsku a Francii. U za\u0159\u00edzen\u00ed v N\u011bmecku je pl\u00e1nov\u00e1na nejv\u011bt\u0161\u00ed kapacita, a\u017e 30 000 tun. Toto za\u0159\u00edzen\u00ed se p\u0159ipravuje k uveden\u00ed do provozu v roce 2023.<\/p>\n<p><strong>Nadace pro Evropskou unii \u201eGreen Deal\u201c<\/strong><\/p>\n<p>Vedle ambici\u00f3zn\u00edch c\u00edl\u016f neust\u00e1l\u00e9ho zlep\u0161ov\u00e1n\u00ed vlastn\u00ed udr\u017eitelnost produkt\u016f a \u0159e\u0161en\u00ed umo\u017en\u00ed partnerstv\u00ed skupin\u011b KION splnit i po\u017eadavky p\u0159ipravovan\u00fdch na\u0159\u00edzen\u00ed EU o bateri\u00edch a pou\u017eit\u00fdch bateri\u00edch. V r\u00e1mci \u201eGreen deal\u201c navrhuje komise dal\u0161\u00ed roz\u0161\u00ed\u0159en\u00ed cirkul\u00e1rn\u00ed ekonomiky pro hodnotov\u00fd \u0159et\u011bzec bateri\u00ed. C\u00edlem je, aby byly v\u0161echny pou\u017eit\u00e9 baterie v budoucnu recyklov\u00e1ny a aby d\u00edky tomu bylo dosa\u017eeno vy\u0161\u0161\u00edho pom\u011bru opakovan\u00e9ho vyu\u017eit\u00ed cenn\u00fdch materi\u00e1l\u016f, jako je nap\u0159\u00edklad m\u011b\u010f, kobalt, lithium, nikl a olovo.<\/p>\n<p><img loading=\"lazy\" decoding=\"async\" class=\" wp-image-38322\" src=\"http:\/\/www.automakersnews.cz\/wp-content\/uploads\/2023\/04\/KION_Linde-EMEA_Vyrobni-zavod-Stribro-Ostrov-u-Stribra_CZ-300x199.jpg\" alt=\"\" width=\"951\" height=\"631\" srcset=\"https:\/\/www.automakersnews.cz\/wp-content\/uploads\/2023\/04\/KION_Linde-EMEA_Vyrobni-zavod-Stribro-Ostrov-u-Stribra_CZ-300x199.jpg 300w, https:\/\/www.automakersnews.cz\/wp-content\/uploads\/2023\/04\/KION_Linde-EMEA_Vyrobni-zavod-Stribro-Ostrov-u-Stribra_CZ-1024x679.jpg 1024w, https:\/\/www.automakersnews.cz\/wp-content\/uploads\/2023\/04\/KION_Linde-EMEA_Vyrobni-zavod-Stribro-Ostrov-u-Stribra_CZ-768x509.jpg 768w, https:\/\/www.automakersnews.cz\/wp-content\/uploads\/2023\/04\/KION_Linde-EMEA_Vyrobni-zavod-Stribro-Ostrov-u-Stribra_CZ-1536x1018.jpg 1536w, https:\/\/www.automakersnews.cz\/wp-content\/uploads\/2023\/04\/KION_Linde-EMEA_Vyrobni-zavod-Stribro-Ostrov-u-Stribra_CZ.jpg 1920w\" sizes=\"auto, (max-width: 951px) 100vw, 951px\" \/><\/p>\n","protected":false},"excerpt":{"rendered":"<div class=\"mh-excerpt\"><p>KION Group uzav\u0159ela strategick\u00e9 partnerstv\u00ed s Li-Cycle Holdings Corp. (\u201eLi-Cycle\u201c). Ob\u011b spole\u010dnosti slavnostn\u011b podepsaly smlouvu v centr\u00e1le KION GROUP AG ve Frankfurtu a stvrdily tak <a class=\"mh-excerpt-more\" href=\"https:\/\/www.automakersnews.cz\/index.php\/2023\/04\/13\/kion-bude-recyklovat-baterie-u-magdeburgu\/\" title=\"KION bude recyklovat baterie u Magdeburku\">[&#8230;]<\/a><\/p>\n<\/div>","protected":false},"author":4,"featured_media":38324,"comment_status":"open","ping_status":"open","sticky":false,"template":"","format":"standard","meta":{"footnotes":""},"categories":[2],"tags":[],"class_list":["post-38315","post","type-post","status-publish","format-standard","has-post-thumbnail","hentry","category-news"],"_links":{"self":[{"href":"https:\/\/www.automakersnews.cz\/index.php\/wp-json\/wp\/v2\/posts\/38315","targetHints":{"allow":["GET"]}}],"collection":[{"href":"https:\/\/www.automakersnews.cz\/index.php\/wp-json\/wp\/v2\/posts"}],"about":[{"href":"https:\/\/www.automakersnews.cz\/index.php\/wp-json\/wp\/v2\/types\/post"}],"author":[{"embeddable":true,"href":"https:\/\/www.automakersnews.cz\/index.php\/wp-json\/wp\/v2\/users\/4"}],"replies":[{"embeddable":true,"href":"https:\/\/www.automakersnews.cz\/index.php\/wp-json\/wp\/v2\/comments?post=38315"}],"version-history":[{"count":0,"href":"https:\/\/www.automakersnews.cz\/index.php\/wp-json\/wp\/v2\/posts\/38315\/revisions"}],"wp:featuredmedia":[{"embeddable":true,"href":"https:\/\/www.automakersnews.cz\/index.php\/wp-json\/wp\/v2\/media\/38324"}],"wp:attachment":[{"href":"https:\/\/www.automakersnews.cz\/index.php\/wp-json\/wp\/v2\/media?parent=38315"}],"wp:term":[{"taxonomy":"category","embeddable":true,"href":"https:\/\/www.automakersnews.cz\/index.php\/wp-json\/wp\/v2\/categories?post=38315"},{"taxonomy":"post_tag","embeddable":true,"href":"https:\/\/www.automakersnews.cz\/index.php\/wp-json\/wp\/v2\/tags?post=38315"}],"curies":[{"name":"wp","href":"https:\/\/api.w.org\/{rel}","templated":true}]}}