{"id":38338,"date":"2023-04-13T05:09:28","date_gmt":"2023-04-13T05:09:28","guid":{"rendered":"https:\/\/www.automakersnews.cz\/?p=38338"},"modified":"2023-04-13T05:09:28","modified_gmt":"2023-04-13T05:09:28","slug":"fotovoltaicky-prumysl-chysta-akcni-plan","status":"publish","type":"post","link":"https:\/\/www.automakersnews.cz\/index.php\/2023\/04\/13\/fotovoltaicky-prumysl-chysta-akcni-plan\/","title":{"rendered":"Fotovoltaick\u00fd pr\u016fmysl chyst\u00e1 ak\u010dn\u00ed pl\u00e1n"},"content":{"rendered":"<p><strong>EIT InnoEnergy, inova\u010dn\u00ed motor pro udr\u017eitelnou energii podporovan\u00fd Evropsk\u00fdm institutem pro inovace a technologie (EIT) dok\u00e1zal pod sv\u00fdm veden\u00edm z\u00edskat od spu\u0161t\u011bn\u00ed Evropsk\u00e9 aliance pro sol\u00e1rn\u00ed fotovoltaick\u00fd pr\u016fmysl (ESIA) v prosinci 2022 (ESIA) pro dal\u0161\u00ed spolupr\u00e1ci v\u00edce ne\u017e 110 nov\u00fdch \u010dlen\u016f ze 17 zem\u00ed.<\/strong><!--more--><\/p>\n<p>\u010clenov\u00e9 aliance nyn\u00ed navrhnou pr\u016fmyslov\u00fd pl\u00e1n, jak v\u00edce rozvinout a urychlit rozvoj fotovoltaick\u00e9ho pr\u016fmyslu v Evrop\u011b, sn\u00ed\u017eit jeho rizika, a to ve v\u0161ech \u010d\u00e1stech hodnotov\u00e9ho \u0159et\u011bzce, od z\u00edsk\u00e1n\u00ed k\u0159em\u00edku a\u017e po v\u00fdrobu modul\u016f.<\/p>\n<p>Aliance nyn\u00ed vytvo\u0159ila \u010dty\u0159i projektov\u00e9 pracovn\u00ed skupiny: Nefinan\u010dn\u00ed podm\u00ednky, Dodavatelsk\u00fd \u0159et\u011bzec, Financov\u00e1n\u00ed a Dovednosti, kter\u00e9 povedou kl\u00ed\u010dov\u00ed pr\u016fmyslov\u00ed hr\u00e1\u010di jako nap\u0159. Carbon, Enel Greenpower, Engie, IBC, Meyer Burger Technology AG a Wacker Chemie AG. C\u00edlem je dos\u00e1hnout \u0159ady konkr\u00e9tn\u00edch opat\u0159en\u00ed, kter\u00e1 budou tvo\u0159it konsolidovan\u00fd pl\u00e1n na reindustrializaci evropsk\u00e9ho sol\u00e1rn\u00edho fotovoltaick\u00e9ho pr\u016fmyslu. Tyto kroky sou\u010dasn\u011b podpo\u0159\u00ed pr\u016fmyslov\u00e9 ambice evropsk\u00e9ho Green Dealu sm\u011b\u0159uj\u00edc\u00ed k rozvoji odv\u011btv\u00ed, kter\u00e9 bude do roku 2025 dod\u00e1vat ro\u010dn\u00ed kapacitu 30 GW, \u010d\u00edm\u017e se v Evrop\u011b ka\u017ed\u00fd rok vytvo\u0159\u00ed 60 miliard eur nov\u00e9ho HDP a p\u0159inese v\u00edce ne\u017e 400 000 nov\u00fdch pracovn\u00edch m\u00edst (p\u0159\u00edm\u00fdch i nep\u0159\u00edm\u00fdch).<\/p>\n<p>Javier Sanz, vedouc\u00ed pro oblast obnoviteln\u00fdch energi\u00ed spole\u010dnosti EIT InnoEnergy a p\u0159edseda ESIA, uvedl: \u201eM\u00e1me velkou radost z toho, \u017ee vid\u00edme neuv\u011b\u0159iteln\u011b rychl\u00fd pokrok Evropsk\u00e9 aliance pro sol\u00e1rn\u00ed fotovoltaick\u00fd pr\u016fmysl s v\u00edce ne\u017e 110 \u010dleny z v\u00edce ne\u017e 17 zem\u00ed a cel\u00e9ho sol\u00e1rn\u00edho hodnotov\u00e9ho \u0159et\u011bzce. Je velmi d\u016fle\u017eit\u00e9, abychom i nad\u00e1le vyu\u017e\u00edvali robustn\u00ed sol\u00e1rn\u00ed fotovoltaick\u00fd pr\u016fmyslov\u00fd hodnotov\u00fd \u0159et\u011bzec a u\u017e te\u010f se t\u011b\u0161\u00edme na v\u00fdsledky na\u0161ich \u010dty\u0159 projektov\u00fdch pracovn\u00edch skupin, kter\u00e9 budou p\u0159edstaveny koncem tohoto roku.\u201c<\/p>\n<p>Evropsk\u00e1 aliance pro sol\u00e1rn\u00ed fotovoltaick\u00fd pr\u016fmysl, vytvo\u0159en\u00e1 Evropskou komis\u00ed a veden\u00e1 spole\u010dnost\u00ed EIT InnoEnergy, usnad\u0148uje c\u00edlen\u00e9 inovace vedouc\u00ed k roz\u0161i\u0159ov\u00e1n\u00ed odoln\u00e9ho pr\u016fmyslov\u00e9ho sol\u00e1rn\u00edho hodnotov\u00e9ho \u0159et\u011bzce v EU, zejm\u00e9na v sektoru v\u00fdroby fotovoltaick\u00fdch panel\u016f. \u0158\u00edd\u00edc\u00ed v\u00fdbor tvo\u0159\u00ed samotn\u00e1 Evropsk\u00e1 komise, spole\u010dnosti EIT InnoEnergy a evropsk\u00e9 instituce Solar Power Europe a European Solar Manufacturing Council.<\/p>\n<p>Aliance podporuje r\u016fst evropsk\u00e9ho pr\u016fmyslu, kter\u00fd vyv\u00edj\u00ed a komercializuje pr\u016flomov\u00e9 technologie v cel\u00e9m hodnotov\u00e9m \u0159et\u011bzci, co\u017e vede k inovativn\u00edm, efektivn\u00edm, cirkul\u00e1rn\u00edm a trval\u00e9 udr\u017eiteln\u00fdm produkt\u016fm a \u010din\u00ed c\u00edle EU v oblasti klimatu a energetiky dosa\u017eiteln\u011bj\u0161\u00edmi.<\/p>\n<p>Ak\u010dn\u00ed pl\u00e1n jednotliv\u00fdch pracovn\u00edch skupin bude ozn\u00e1men na konferenci Intersolar Europe v Mnichov\u011b ve dnech 14. a\u017e 16. \u010dervna 2023.<\/p>\n","protected":false},"excerpt":{"rendered":"<div class=\"mh-excerpt\"><p>EIT InnoEnergy, inova\u010dn\u00ed motor pro udr\u017eitelnou energii podporovan\u00fd Evropsk\u00fdm institutem pro inovace a technologie (EIT) dok\u00e1zal pod sv\u00fdm veden\u00edm z\u00edskat od spu\u0161t\u011bn\u00ed Evropsk\u00e9 aliance pro <a class=\"mh-excerpt-more\" href=\"https:\/\/www.automakersnews.cz\/index.php\/2023\/04\/13\/fotovoltaicky-prumysl-chysta-akcni-plan\/\" title=\"Fotovoltaick\u00fd pr\u016fmysl chyst\u00e1 ak\u010dn\u00ed pl\u00e1n\">[&#8230;]<\/a><\/p>\n<\/div>","protected":false},"author":4,"featured_media":38367,"comment_status":"open","ping_status":"open","sticky":false,"template":"","format":"standard","meta":{"footnotes":""},"categories":[2],"tags":[],"class_list":["post-38338","post","type-post","status-publish","format-standard","has-post-thumbnail","hentry","category-news"],"_links":{"self":[{"href":"https:\/\/www.automakersnews.cz\/index.php\/wp-json\/wp\/v2\/posts\/38338","targetHints":{"allow":["GET"]}}],"collection":[{"href":"https:\/\/www.automakersnews.cz\/index.php\/wp-json\/wp\/v2\/posts"}],"about":[{"href":"https:\/\/www.automakersnews.cz\/index.php\/wp-json\/wp\/v2\/types\/post"}],"author":[{"embeddable":true,"href":"https:\/\/www.automakersnews.cz\/index.php\/wp-json\/wp\/v2\/users\/4"}],"replies":[{"embeddable":true,"href":"https:\/\/www.automakersnews.cz\/index.php\/wp-json\/wp\/v2\/comments?post=38338"}],"version-history":[{"count":0,"href":"https:\/\/www.automakersnews.cz\/index.php\/wp-json\/wp\/v2\/posts\/38338\/revisions"}],"wp:featuredmedia":[{"embeddable":true,"href":"https:\/\/www.automakersnews.cz\/index.php\/wp-json\/wp\/v2\/media\/38367"}],"wp:attachment":[{"href":"https:\/\/www.automakersnews.cz\/index.php\/wp-json\/wp\/v2\/media?parent=38338"}],"wp:term":[{"taxonomy":"category","embeddable":true,"href":"https:\/\/www.automakersnews.cz\/index.php\/wp-json\/wp\/v2\/categories?post=38338"},{"taxonomy":"post_tag","embeddable":true,"href":"https:\/\/www.automakersnews.cz\/index.php\/wp-json\/wp\/v2\/tags?post=38338"}],"curies":[{"name":"wp","href":"https:\/\/api.w.org\/{rel}","templated":true}]}}