{"id":38459,"date":"2023-04-13T05:17:18","date_gmt":"2023-04-13T05:17:18","guid":{"rendered":"https:\/\/www.automakersnews.cz\/?p=38459"},"modified":"2023-04-13T05:17:18","modified_gmt":"2023-04-13T05:17:18","slug":"skoda-vw-audi-seat-riziko-pozaru-u-vice-nez-111-000-aut","status":"publish","type":"post","link":"https:\/\/www.automakersnews.cz\/index.php\/2023\/04\/13\/skoda-vw-audi-seat-riziko-pozaru-u-vice-nez-111-000-aut\/","title":{"rendered":"\u0160koda, VW, Audi, SEAT: Riziko po\u017e\u00e1ru u v\u00edce ne\u017e 111.000 aut"},"content":{"rendered":"<p><strong>Nedostate\u010dn\u00e9 upevn\u011bn\u00ed ochrann\u00e9ho krytu motoru m\u016f\u017ee v\u00e9st ke kontaktu s hork\u00fdmi \u010d\u00e1stmi a n\u00e1sledn\u011b k po\u017e\u00e1ru u v\u00edce ne\u017e 111.000 voz\u016f zna\u010dek \u0160koda, VW, Audi a Seat, varoval n\u011bmeck\u00fd KBA.<br \/>\n<\/strong><!--more--><\/p>\n<p>N\u011bmeck\u00fd Spolkov\u00fd \u00fa\u0159ad pro motorovou dopravu (KBA) varoval p\u0159ed t\u00edmto nebezpe\u010d\u00edm ji\u017e p\u0159ed n\u011bkolika dny a podle vlastn\u00edch zji\u0161t\u011bn\u00ed ji\u017e eviduje nejm\u00e9n\u011b 16 p\u0159\u00edpad\u016f vzniku \u0161kody.<\/p>\n<p>Svol\u00e1vac\u00ed akce se t\u00fdk\u00e1 majitel\u016f voz\u016f\u00a0<a href=\"https:\/\/svolavacky.cz\/model\/golf\/\" target=\"_blank\" rel=\"noopener\">VW Golf<\/a>,\u00a0<a href=\"https:\/\/svolavacky.cz\/model\/passat\/\" target=\"_blank\" rel=\"noopener\">Passat<\/a>,\u00a0<a href=\"https:\/\/svolavacky.cz\/model\/tiguan\/\" target=\"_blank\" rel=\"noopener\">Tiguan<\/a>,\u00a0<a href=\"https:\/\/svolavacky.cz\/model\/t-roc\/\" target=\"_blank\" rel=\"noopener\">T-Roc<\/a>\u00a0a\u00a0<a href=\"https:\/\/svolavacky.cz\/model\/Arteon\/\" target=\"_blank\" rel=\"noopener\">Arteon<\/a>,\u00a0<a href=\"https:\/\/svolavacky.cz\/model\/q3\/\" target=\"_blank\" rel=\"noopener\">Audi Q3<\/a>\u00a0a\u00a0<a href=\"https:\/\/svolavacky.cz\/model\/tt\/\" target=\"_blank\" rel=\"noopener\">Audi TT<\/a>,\u00a0<a href=\"https:\/\/svolavacky.cz\/model\/Ateca\/\" target=\"_blank\" rel=\"noopener\">Cupra Ateca<\/a>,\u00a0<a href=\"https:\/\/svolavacky.cz\/model\/cupra-formentor\/\" target=\"_blank\" rel=\"noopener\">Cupra Formentor<\/a>\u00a0a\u00a0<a href=\"https:\/\/svolavacky.cz\/model\/cupra-leon\/\" target=\"_blank\" rel=\"noopener\">Cupra Leon<\/a>\u00a0a tak\u00e9\u00a0<a href=\"https:\/\/svolavacky.cz\/model\/Tarraco\/\" target=\"_blank\" rel=\"noopener\">Seatu Tarraco<\/a>\u00a0modelov\u00fdch let\u00a0<strong>2020 a\u017e 2022<\/strong>.<\/p>\n<p>Posti\u017eeny jsou tak\u00e9 vozy\u00a0<a href=\"https:\/\/svolavacky.cz\/model\/Octavia\/\" target=\"_blank\" rel=\"noopener\">\u0160koda Octavia<\/a>,\u00a0<a href=\"https:\/\/svolavacky.cz\/model\/Superb\/\" target=\"_blank\" rel=\"noopener\">Superb<\/a>\u00a0a\u00a0<a href=\"https:\/\/svolavacky.cz\/model\/Kodiaq\/\" target=\"_blank\" rel=\"noopener\">Kodiaq<\/a>, kter\u00e9 zat\u00edm nejsou v datab\u00e1zi KBA uvedeny (*). Webu kfz-rueckrufe.de to potvrdil mluv\u010d\u00ed n\u011bmeck\u00e9ho zastoupen\u00ed zna\u010dky \u0160koda. Vyj\u00e1d\u0159en\u00ed \u0160koda Auto \u010cesk\u00e1 republika najdete na konci tohoto \u010dl\u00e1nku.<\/p>\n<hr \/>\n<p>Celosv\u011btov\u011b se svol\u00e1vac\u00ed akce t\u00fdk\u00e1 v\u00edce ne\u017e\u00a0<strong>111.000 voz\u016f koncernu Volkswagen<\/strong>. N\u011bco p\u0159es polovinu z nich (<strong>58.100<\/strong>) tvo\u0159\u00ed modely z Wolfsburgu, ze kter\u00fdch je podle KBA 32.000 registrov\u00e1no v N\u011bmecku. U voz\u016f\u00a0<strong>Seat\/Cupra a Audi<\/strong>\u00a0jde celosv\u011btov\u011b o\u00a0<strong>30.467<\/strong>, resp.\u00a0<strong>6.320<\/strong>\u00a0voz\u016f.<\/p>\n<p><img loading=\"lazy\" decoding=\"async\" class=\"alignnone size-full wp-image-9687\" src=\"http:\/\/www.automakersnews.cz\/wp-content\/uploads\/2022\/12\/skoda-small.jpg\" alt=\"\" width=\"627\" height=\"418\" srcset=\"https:\/\/www.automakersnews.cz\/wp-content\/uploads\/2022\/12\/skoda-small.jpg 627w, https:\/\/www.automakersnews.cz\/wp-content\/uploads\/2022\/12\/skoda-small-300x200.jpg 300w\" sizes=\"auto, (max-width: 627px) 100vw, 627px\" \/><\/p>\n<p>Mluv\u010d\u00ed n\u011bmeck\u00e9ho zastoupen\u00ed\u00a0<strong>\u0160kody<\/strong>\u00a0uvedl celkov\u00fd po\u010det\u00a0<strong>15.636<\/strong>\u00a0voz\u016f, z nich\u017e v\u00edce ne\u017e 5 100 jezd\u00ed po n\u011bmeck\u00fdch silnic\u00edch.<\/p>\n<p>Automobilky zat\u00edm nemaj\u00ed k dispozici upraven\u00fd n\u00e1hradn\u00ed d\u00edl, kter\u00fdm by byl problematick\u00fd kryt motoru nahrazen. Proto bude p\u0159i prvn\u00ed n\u00e1v\u0161t\u011bv\u011b servisu kryt b\u011bhem n\u011bkolika minut pouze odstran\u011bn a pro mont\u00e1\u017e nov\u00e9 ochrany bude nutn\u00e9 se do servisu vypravit pozd\u011bji podruh\u00e9. Intern\u00ed k\u00f3dy svol\u00e1vac\u00ed akce pro jednotliv\u00e9 zna\u010dky jsou n\u00e1sleduj\u00edc\u00ed: \u201e<strong>10H5<\/strong>\u201c (VW), \u201e<strong>10H6<\/strong>\u201c (\u0160koda), \u201e<strong>10H7<\/strong>\u201c (Seat\/Cupra) a \u201e<strong>10H8<\/strong>\u201c (Audi).<\/p>\n<p><strong>Zdroj: svolavacky.cz<\/strong><\/p>\n","protected":false},"excerpt":{"rendered":"<div class=\"mh-excerpt\"><p>Nedostate\u010dn\u00e9 upevn\u011bn\u00ed ochrann\u00e9ho krytu motoru m\u016f\u017ee v\u00e9st ke kontaktu s hork\u00fdmi \u010d\u00e1stmi a n\u00e1sledn\u011b k po\u017e\u00e1ru u v\u00edce ne\u017e 111.000 voz\u016f zna\u010dek \u0160koda, VW, Audi <a class=\"mh-excerpt-more\" href=\"https:\/\/www.automakersnews.cz\/index.php\/2023\/04\/13\/skoda-vw-audi-seat-riziko-pozaru-u-vice-nez-111-000-aut\/\" title=\"\u0160koda, VW, Audi, SEAT: Riziko po\u017e\u00e1ru u v\u00edce ne\u017e 111.000 aut\">[&#8230;]<\/a><\/p>\n<\/div>","protected":false},"author":1,"featured_media":4373,"comment_status":"open","ping_status":"open","sticky":false,"template":"","format":"standard","meta":{"footnotes":""},"categories":[17],"tags":[],"class_list":["post-38459","post","type-post","status-publish","format-standard","has-post-thumbnail","hentry","category-servis"],"_links":{"self":[{"href":"https:\/\/www.automakersnews.cz\/index.php\/wp-json\/wp\/v2\/posts\/38459","targetHints":{"allow":["GET"]}}],"collection":[{"href":"https:\/\/www.automakersnews.cz\/index.php\/wp-json\/wp\/v2\/posts"}],"about":[{"href":"https:\/\/www.automakersnews.cz\/index.php\/wp-json\/wp\/v2\/types\/post"}],"author":[{"embeddable":true,"href":"https:\/\/www.automakersnews.cz\/index.php\/wp-json\/wp\/v2\/users\/1"}],"replies":[{"embeddable":true,"href":"https:\/\/www.automakersnews.cz\/index.php\/wp-json\/wp\/v2\/comments?post=38459"}],"version-history":[{"count":0,"href":"https:\/\/www.automakersnews.cz\/index.php\/wp-json\/wp\/v2\/posts\/38459\/revisions"}],"wp:featuredmedia":[{"embeddable":true,"href":"https:\/\/www.automakersnews.cz\/index.php\/wp-json\/wp\/v2\/media\/4373"}],"wp:attachment":[{"href":"https:\/\/www.automakersnews.cz\/index.php\/wp-json\/wp\/v2\/media?parent=38459"}],"wp:term":[{"taxonomy":"category","embeddable":true,"href":"https:\/\/www.automakersnews.cz\/index.php\/wp-json\/wp\/v2\/categories?post=38459"},{"taxonomy":"post_tag","embeddable":true,"href":"https:\/\/www.automakersnews.cz\/index.php\/wp-json\/wp\/v2\/tags?post=38459"}],"curies":[{"name":"wp","href":"https:\/\/api.w.org\/{rel}","templated":true}]}}