{"id":38573,"date":"2023-04-13T14:18:44","date_gmt":"2023-04-13T14:18:44","guid":{"rendered":"https:\/\/www.automakersnews.cz\/?p=38573"},"modified":"2023-04-13T14:25:09","modified_gmt":"2023-04-13T14:25:09","slug":"machala-vedoucim-redaktorem-garaz-cz","status":"publish","type":"post","link":"https:\/\/www.automakersnews.cz\/index.php\/2023\/04\/13\/machala-vedoucim-redaktorem-garaz-cz\/","title":{"rendered":"Machala vedouc\u00edm redaktorem Gar\u00e1\u017e.cz"},"content":{"rendered":"<p><strong>Na pozici vedouc\u00edho redaktora webu Gar\u00e1\u017e.cz\u00a0nastoupil automobilov\u00fd \u017eurnalista\u00a0Martin Machala, kter\u00fd p\u0159edt\u00edm v\u00a0Czech News Center vedl web\u00a0Auto.cz.<\/strong><!--more--><\/p>\n<p>Martin se narodil roku 1983 a jeho prvn\u00ed slovo pr\u00fd bylo \u201eauto\u201c. Vzhledem k tomuto faktu a od d\u011btstv\u00ed p\u011bstovan\u00e9 z\u00e1lib\u011b v tv\u016fr\u010d\u00edm psan\u00ed nep\u0159ich\u00e1zela v \u00favahu jin\u00e1 pr\u00e1ce ne\u017e motoristick\u00fd novin\u00e1\u0159.<\/p>\n<p>Sv\u011btu motor\u016f byl dlouho v\u011brn\u00fd, jako externista nastoupil v roce 2003, po dokon\u010den\u00ed studia \u017eurnalistiky nastoupil v roce 2006 na pln\u00fd \u00favazek.<\/p>\n<p>\u201ePo dvaceti letech jsem se rozhodl pro zm\u011bnu, p\u0159ech\u00e1z\u00edm do projektu Gar\u00e1\u017e, kde budu p\u016fsobit jako redaktor i editor,\u201c \u0159ekl n\u00e1m na za\u010d\u00e1tku leto\u0161n\u00edho jara Machala.<\/p>\n<p>\u201eSamoz\u0159ejm\u011b m\u011b velmi l\u00e1kalo z\u00e1zem\u00ed technologick\u00e9 firmy, kter\u00e1 m\u00e1 daleko v\u011bt\u0161\u00ed potenci\u00e1l ne\u017e tradi\u010dn\u00ed vydavatelsk\u00fd d\u016fm,\u201c podotkl Machala.<\/p>\n<p>V podstat\u011b p\u0159evezme \u010d\u00e1st pr\u00e1ce b\u00fdval\u00e9ho \u0161\u00e9fredaktora Gar\u00e1\u017ee Dominika Val\u00e1\u0161ka, jeho\u017e pozice byla zru\u0161ena a kter\u00fd se s Gar\u00e1\u017e\u00ed rozlou\u010dil koncem minul\u00e9ho roku.<\/p>\n<figure id=\"attachment_5921\" aria-describedby=\"caption-attachment-5921\" style=\"width: 1024px\" class=\"wp-caption alignnone\"><img loading=\"lazy\" decoding=\"async\" class=\"size-large wp-image-5921\" src=\"http:\/\/www.automakersnews.cz\/wp-content\/uploads\/2022\/12\/Dominik-Valasek-1024x768.jpg\" alt=\"\" width=\"1024\" height=\"768\" srcset=\"https:\/\/www.automakersnews.cz\/wp-content\/uploads\/2022\/12\/Dominik-Valasek-1024x768.jpg 1024w, https:\/\/www.automakersnews.cz\/wp-content\/uploads\/2022\/12\/Dominik-Valasek-300x225.jpg 300w, https:\/\/www.automakersnews.cz\/wp-content\/uploads\/2022\/12\/Dominik-Valasek-768x576.jpg 768w, https:\/\/www.automakersnews.cz\/wp-content\/uploads\/2022\/12\/Dominik-Valasek-1536x1152.jpg 1536w, https:\/\/www.automakersnews.cz\/wp-content\/uploads\/2022\/12\/Dominik-Valasek-678x509.jpg 678w, https:\/\/www.automakersnews.cz\/wp-content\/uploads\/2022\/12\/Dominik-Valasek-326x245.jpg 326w, https:\/\/www.automakersnews.cz\/wp-content\/uploads\/2022\/12\/Dominik-Valasek-80x60.jpg 80w, https:\/\/www.automakersnews.cz\/wp-content\/uploads\/2022\/12\/Dominik-Valasek.jpg 2040w\" sizes=\"auto, (max-width: 1024px) 100vw, 1024px\" \/><figcaption id=\"caption-attachment-5921\" class=\"wp-caption-text\">Dominik Val\u00e1\u0161ek spol\u00e9h\u00e1 v dal\u0161\u00ed kari\u00e9\u0159e na zbrojn\u00ed pr\u016fkazy<\/figcaption><\/figure>\n<p>Z\u00e1rove\u0148 s Machalou p\u0159e\u0161ly z CNC na Seznam dal\u0161\u00ed novin\u00e1\u0159ky. Na pozici \u0161\u00e9feditorky \u017eensk\u00e9ho online magaz\u00ednu <em><strong>Pro\u017eeny.cz<\/strong><\/em>, kter\u00fd spad\u00e1 pod\u00a0<em><strong>Seznam Zpr\u00e1vy<\/strong><\/em>, p\u0159i\u0161la\u00a0<strong>V\u011bra Exnerov\u00e1<\/strong>.<\/p>\n<p>Ta d\u0159\u00edv p\u016fsobila v\u00a0Czech News Center na pozici online editorky webu\u00a0<em><strong>Blesk Bydlen\u00ed &amp;\u00a0Hobby<\/strong><\/em>. Z\u00a0Czech News Center u\u017e v\u00a0lednu do Seznamu p\u0159i\u0161la\u00a0<strong>Monika Sokolov\u00e1<\/strong>,\u00a0<a href=\"https:\/\/www.mediar.cz\/po-18-letech-u-vydavatele-blesku-presla-monika-sokolova-do-seznamu\/\">na m\u00edsto z\u00e1stupkyn\u011b \u0159editele pro nezpravodajsk\u00fd obsah<\/a>, tedy pr\u00e1v\u011b lifestylov\u00e9 weby.<\/p>\n<p><strong>Zdroj: archiv, mediar.cz<\/strong><\/p>\n<p>&nbsp;<\/p>\n<p>&nbsp;<\/p>\n<p>&nbsp;<\/p>\n<p>&nbsp;<\/p>\n","protected":false},"excerpt":{"rendered":"<div class=\"mh-excerpt\"><p>Na pozici vedouc\u00edho redaktora webu Gar\u00e1\u017e.cz\u00a0nastoupil automobilov\u00fd \u017eurnalista\u00a0Martin Machala, kter\u00fd p\u0159edt\u00edm v\u00a0Czech News Center vedl web\u00a0Auto.cz.<\/p>\n<\/div>","protected":false},"author":1,"featured_media":23814,"comment_status":"open","ping_status":"open","sticky":false,"template":"","format":"standard","meta":{"footnotes":""},"categories":[27,49],"tags":[],"class_list":["post-38573","post","type-post","status-publish","format-standard","has-post-thumbnail","hentry","category-media","category-novinari"],"_links":{"self":[{"href":"https:\/\/www.automakersnews.cz\/index.php\/wp-json\/wp\/v2\/posts\/38573","targetHints":{"allow":["GET"]}}],"collection":[{"href":"https:\/\/www.automakersnews.cz\/index.php\/wp-json\/wp\/v2\/posts"}],"about":[{"href":"https:\/\/www.automakersnews.cz\/index.php\/wp-json\/wp\/v2\/types\/post"}],"author":[{"embeddable":true,"href":"https:\/\/www.automakersnews.cz\/index.php\/wp-json\/wp\/v2\/users\/1"}],"replies":[{"embeddable":true,"href":"https:\/\/www.automakersnews.cz\/index.php\/wp-json\/wp\/v2\/comments?post=38573"}],"version-history":[{"count":0,"href":"https:\/\/www.automakersnews.cz\/index.php\/wp-json\/wp\/v2\/posts\/38573\/revisions"}],"wp:featuredmedia":[{"embeddable":true,"href":"https:\/\/www.automakersnews.cz\/index.php\/wp-json\/wp\/v2\/media\/23814"}],"wp:attachment":[{"href":"https:\/\/www.automakersnews.cz\/index.php\/wp-json\/wp\/v2\/media?parent=38573"}],"wp:term":[{"taxonomy":"category","embeddable":true,"href":"https:\/\/www.automakersnews.cz\/index.php\/wp-json\/wp\/v2\/categories?post=38573"},{"taxonomy":"post_tag","embeddable":true,"href":"https:\/\/www.automakersnews.cz\/index.php\/wp-json\/wp\/v2\/tags?post=38573"}],"curies":[{"name":"wp","href":"https:\/\/api.w.org\/{rel}","templated":true}]}}