{"id":386,"date":"2022-08-22T09:14:52","date_gmt":"2022-08-22T09:14:52","guid":{"rendered":"http:\/\/www.automakersnews.cz\/?p=386"},"modified":"2022-08-22T09:14:52","modified_gmt":"2022-08-22T09:14:52","slug":"skoda-ukazala-interier-studie-vision-7s","status":"publish","type":"post","link":"https:\/\/www.automakersnews.cz\/index.php\/2022\/08\/22\/skoda-ukazala-interier-studie-vision-7s\/","title":{"rendered":"\u0160koda uk\u00e1zala interi\u00e9r studie VISION 7S"},"content":{"rendered":"<p><strong>\u0160kodovka uk\u00e1zala skicu interi\u00e9ru studie VISION 7S. Minimalistick\u00fd interi\u00e9r \u010dist\u011b elektrick\u00e9ho sedmim\u00edstn\u00e9ho automobilu se <\/strong><strong>vyzna\u010duje funk\u010dnost\u00ed a intuitivn\u00edm ovl\u00e1d\u00e1n\u00edm. Studie VISION 7S sou\u010dasn\u011b p\u0159in\u00e1\u0161\u00ed prvn\u00ed uk\u00e1zku nov\u00e9ho designov\u00e9ho jazyka. Studie se ve\u0159ejnosti poprv\u00e9 p\u0159edstav\u00ed 30. srpna.<\/strong><!--more--><\/p>\n<p>Ji\u017e prvn\u00ed skica interi\u00e9ru studie VISION 7S nazna\u010dila minimalisticky lad\u011bn\u00fd interi\u00e9r a velkorys\u00fd prostor a\u017e pro sedm osob d\u00edky t\u0159et\u00ed \u0159ad\u011b sedadel. Ned\u00edlnou sou\u010d\u00e1st\u00ed vnit\u0159n\u00edho konceptu jsou rovn\u011b\u017e Simply Clever prvky typick\u00e9 pro zna\u010dku \u0160KODA. Nov\u00e1 skica ukazuje symetrick\u00fd \u201eobep\u00ednaj\u00edc\u00ed\u201c design, kter\u00fd dod\u00e1 v\u0161em cestuj\u00edc\u00edm pocit bezpe\u010d\u00ed. \u0160irok\u00e1 palubn\u00ed deska, kter\u00e1 zasahuje a\u017e ke dve\u0159\u00edm, zd\u016fraz\u0148uje \u0161\u00ed\u0159ku interi\u00e9ru. Uprost\u0159ed palubn\u00ed desky se nach\u00e1z\u00ed velk\u00e1 voln\u011b stoj\u00edc\u00ed dotykov\u00e1 obrazovka, kter\u00e1 je poprv\u00e9 ve voze zna\u010dky \u0160KODA oto\u010dena vertik\u00e1ln\u011b.<\/p>\n<p>Skica ukazuje vyv\u00e1\u017een\u00fd pom\u011br dotykov\u00fdch a digit\u00e1ln\u00edch ovl\u00e1dac\u00edch prvk\u016f v kombinaci s dokonalou ergonomi\u00ed. Nov\u00fd volant m\u00e1 inovativn\u00ed design s vertik\u00e1ln\u00edmi paprsky a zplo\u0161t\u011blou horn\u00ed a spodn\u00ed \u010d\u00e1st\u00ed, co\u017e zaji\u0161\u0165uje neru\u0161en\u00fd v\u00fdhled na p\u0159\u00edstrojovou desku p\u0159ed \u0159idi\u010dem. Pod centr\u00e1ln\u00ed obrazovkou se nach\u00e1z\u00ed st\u0159edov\u00e1 konzola se t\u0159emi velk\u00fdmi oto\u010dn\u00fdmi ovlada\u010di s haptickou odezvou. Ty, spolu se dv\u011bma velk\u00fdmi tla\u010d\u00edtky um\u00edst\u011bn\u00fdmi pod nimi a rolovac\u00edm kole\u010dkem, tvo\u0159\u00ed dotykov\u00fd ovl\u00e1dac\u00ed panel. Pod t\u00edmto ovl\u00e1dac\u00edm panelem se nach\u00e1zej\u00ed p\u0159ihr\u00e1dky, kde si mohou cestuj\u00edc\u00ed p\u0159ipojit sv\u00e9 chytr\u00e9 telefony a je\u0161t\u011b v\u00edce si tak p\u0159izp\u016fsobit interaktivn\u00ed z\u00e1\u017eitek z j\u00edzdy.<\/p>\n<p>Sv\u011btov\u00e1 premi\u00e9ra studie VISION 7S se uskute\u010dn\u00ed 30. srpna. P\u0159in\u00e1\u0161\u00ed prvn\u00ed uk\u00e1zku nov\u00e9ho designov\u00e9ho jazyka zna\u010dky \u0160KODA. Ten je zalo\u017een na klasick\u00fdch hodnot\u00e1ch \u010desk\u00e9 automobilky, mezi kter\u00e9 pat\u0159\u00ed robustn\u00ed vzhled, funk\u010dnost a autenticita.<\/p>\n","protected":false},"excerpt":{"rendered":"<div class=\"mh-excerpt\"><p>\u0160kodovka uk\u00e1zala skicu interi\u00e9ru studie VISION 7S. Minimalistick\u00fd interi\u00e9r \u010dist\u011b elektrick\u00e9ho sedmim\u00edstn\u00e9ho automobilu se vyzna\u010duje funk\u010dnost\u00ed a intuitivn\u00edm ovl\u00e1d\u00e1n\u00edm. Studie VISION 7S sou\u010dasn\u011b p\u0159in\u00e1\u0161\u00ed prvn\u00ed <a class=\"mh-excerpt-more\" href=\"https:\/\/www.automakersnews.cz\/index.php\/2022\/08\/22\/skoda-ukazala-interier-studie-vision-7s\/\" title=\"\u0160koda uk\u00e1zala interi\u00e9r studie VISION 7S\">[&#8230;]<\/a><\/p>\n<\/div>","protected":false},"author":2,"featured_media":387,"comment_status":"open","ping_status":"open","sticky":false,"template":"","format":"standard","meta":{"footnotes":""},"categories":[19,22],"tags":[],"class_list":["post-386","post","type-post","status-publish","format-standard","has-post-thumbnail","hentry","category-design","category-elektromobily"],"_links":{"self":[{"href":"https:\/\/www.automakersnews.cz\/index.php\/wp-json\/wp\/v2\/posts\/386","targetHints":{"allow":["GET"]}}],"collection":[{"href":"https:\/\/www.automakersnews.cz\/index.php\/wp-json\/wp\/v2\/posts"}],"about":[{"href":"https:\/\/www.automakersnews.cz\/index.php\/wp-json\/wp\/v2\/types\/post"}],"author":[{"embeddable":true,"href":"https:\/\/www.automakersnews.cz\/index.php\/wp-json\/wp\/v2\/users\/2"}],"replies":[{"embeddable":true,"href":"https:\/\/www.automakersnews.cz\/index.php\/wp-json\/wp\/v2\/comments?post=386"}],"version-history":[{"count":0,"href":"https:\/\/www.automakersnews.cz\/index.php\/wp-json\/wp\/v2\/posts\/386\/revisions"}],"wp:featuredmedia":[{"embeddable":true,"href":"https:\/\/www.automakersnews.cz\/index.php\/wp-json\/wp\/v2\/media\/387"}],"wp:attachment":[{"href":"https:\/\/www.automakersnews.cz\/index.php\/wp-json\/wp\/v2\/media?parent=386"}],"wp:term":[{"taxonomy":"category","embeddable":true,"href":"https:\/\/www.automakersnews.cz\/index.php\/wp-json\/wp\/v2\/categories?post=386"},{"taxonomy":"post_tag","embeddable":true,"href":"https:\/\/www.automakersnews.cz\/index.php\/wp-json\/wp\/v2\/tags?post=386"}],"curies":[{"name":"wp","href":"https:\/\/api.w.org\/{rel}","templated":true}]}}